{"id":6545,"date":"2024-05-27T14:03:59","date_gmt":"2024-05-27T17:03:59","guid":{"rendered":"https:\/\/guialimeira.com.br\/2024\/05\/27\/centro-paralimpico-brasileiro-recebe-copa-do-mundo-de-bocha\/"},"modified":"2024-05-27T14:03:59","modified_gmt":"2024-05-27T17:03:59","slug":"centro-paralimpico-brasileiro-recebe-copa-do-mundo-de-bocha","status":"publish","type":"post","link":"https:\/\/guialimeira.com.br\/news\/centro-paralimpico-brasileiro-recebe-copa-do-mundo-de-bocha\/","title":{"rendered":"Centro Paral\u00edmpico Brasileiro recebe Copa do Mundo de Bocha"},"content":{"rendered":"<p> <br \/>\n<\/p>\n<div id=\"\">&#13;<br \/>\n                                <!-- Title -->&#13;<br \/>\n                                &#13;<br \/>\n&#13;<br \/>\n                                <!-- Excerpt -->&#13;<\/p>\n<p class=\"excerpt\">Competi\u00e7\u00e3o ocorre entre 29 de maio e 7 de junho; atletas do Time SP comp\u00f5em lista de convoca\u00e7\u00e3o do Brasil<\/p>\n<p>&#13;<br \/>\n&#13;<br \/>\n                                &#13;\n                            <\/p><\/div>\n<div id=\"\">&#13;<\/p>\n<figure id=\"attachment_5890762\" style=\"width: 100%;max-width: 730px\" class=\"wp-caption alignnone\"><img data-recalc-dims=\"1\" decoding=\"async\" loading=\"lazy\" class=\" wp-image-5890762\" src=\"https:\/\/i0.wp.com\/www.saopaulo.sp.gov.br\/wp-content\/uploads\/2024\/05\/22783395160_6584669253_o-300x200-1.jpg?resize=696%2C464&#038;ssl=1\" alt=\"\" width=\"696\" height=\"464\"\/><figcaption class=\"wp-caption-text\">Tr\u00eas atletas do Time SP comp\u00f5em lista de convoca\u00e7\u00e3o do Brasil<\/figcaption><\/figure>\n<p>Em comemora\u00e7\u00e3o aos<a href=\"https:\/\/www.saopaulo.sp.gov.br\/spnoticias\/centro-de-treinamento-paralimpico-brasileiro-celebra-8-anos-de-funcionamento\/\" rel=\"noopener\"> oito anos do Centro de Treinamento Paral\u00edmpico Brasileiro (CTPB)<\/a>, o Comit\u00ea Paral\u00edmpico Brasileiro (CPB) anunciou que o local recebe neste m\u00eas a Copa do Mundo de Bocha. O CTPB \u00e9 o quarto maior do mundo para atletas com defici\u00eancia e sedia a competi\u00e7\u00e3o entre os dias 29 de maio a 7 de junho.<\/p>\n<p>A Associa\u00e7\u00e3o Nacional de Desporto para Deficientes (ANDE) divulgou ainda a lista dos convocados que ir\u00e3o representar a sele\u00e7\u00e3o brasileira de bocha paral\u00edmpica na Copa do Mundo da modalidade. Dos 10 atletas chamados, tr\u00eas fazem parte do Time SP Paral\u00edmpico (<em>confira abaixo)<\/em>, iniciativa criada pelo Governo do Estado de S\u00e3o Paulo, por meio da Secretaria de Estado dos Direitos da Pessoa com Defici\u00eancia, em parceria com o Comit\u00ea Paral\u00edmpico Brasileiro.<\/p>\n<p><strong>LEIA TAMB\u00c9M: <\/strong><a class=\"row-title\" href=\"https:\/\/www.saopaulo.sp.gov.br\/wp-admin\/post.php?post=5860562&amp;action=edit\" aria-label=\"\u201cCentro Paral\u00edmpico ser\u00e1 sede da Copa Am\u00e9rica de R\u00fagbi em cadeira de rodas\u201d (Editar)\" rel=\"noopener\">Centro Paral\u00edmpico ser\u00e1 sede da Copa Am\u00e9rica de R\u00fagbi em cadeira de rodas<\/a><\/p>\n<p>Para o secret\u00e1rio de Estado dos Direitos da Pessoa com Defici\u00eancia, Marcos da Costa, esta \u00e9 uma modalidade que representa muito bem o esp\u00edrito do paradesporto. \u201cA bocha \u00e9 um esporte muito atrativo para as pessoas com defici\u00eancia que querem iniciar no paradesporto. Receber a Copa do Mundo em nosso Centro de Treinamento \u00e9 motivo de orgulho, e esperamos inspirar mais pessoas a praticarem modalidades paral\u00edmpicas.\u201d<\/p>\n<p>Confira os atletas do Time SP que foram convocados para representar o Brasil na Copa do Mundo de bocha paral\u00edmpica:<\/p>\n<h3><strong>Classes BC1 \/ BC2<\/strong><\/h3>\n<h3><strong>Classe BC3<\/strong><\/h3>\n<ul>\n<li>Evani Calado<\/li>\n<li>Evelyn de Oliveira<\/li>\n<\/ul>\n<p>Siga o canal \u201cGoverno de S\u00e3o Paulo\u201d no WhatsApp:<br \/><a href=\"https:\/\/bit.ly\/govspnozap\" target=\"_blank\" rel=\"noopener noreferrer\">https:\/\/bit.ly\/govspnozap<\/a><\/p>\n<\/p><\/div>\n<p><br \/>\n<br \/><a href=\"https:\/\/www.saopaulo.sp.gov.br\/spnoticias\/ultimas-noticias\/centro-paralimpico-brasileiro-recebe-copa-do-mundo-de-bocha\/\" rel=\"noopener\">Informa\u00e7\u00f5es GOV.SP<\/a><\/p>\n","protected":false},"excerpt":{"rendered":"<p>&#13; &#13; &#13; &#13; &#13; Competi\u00e7\u00e3o ocorre entre 29 de maio e 7 de junho; atletas do Time SP comp\u00f5em lista de convoca\u00e7\u00e3o do Brasil &#13; &#13; &#13; &#13; Tr\u00eas atletas do Time SP comp\u00f5em lista de convoca\u00e7\u00e3o do Brasil Em comemora\u00e7\u00e3o aos oito anos do Centro de Treinamento Paral\u00edmpico Brasileiro (CTPB), o Comit\u00ea Paral\u00edmpico [&hellip;]<\/p>\n","protected":false},"author":1,"featured_media":6546,"comment_status":"open","ping_status":"open","sticky":false,"template":"","format":"standard","meta":{"_jetpack_newsletter_access":"","_jetpack_dont_email_post_to_subs":false,"_jetpack_newsletter_tier_id":0,"_jetpack_memberships_contains_paywalled_content":false,"_mbp_banners":[],"_jetpack_feature_clip_id":0,"_jetpack_memberships_contains_paid_content":false,"footnotes":"","jetpack_publicize_message":"","jetpack_publicize_feature_enabled":true,"jetpack_social_post_already_shared":true,"jetpack_social_options":{"image_generator_settings":{"template":"highway","default_image_id":0,"font":"","enabled":false},"version":2},"jetpack_post_was_ever_published":false},"categories":[21],"tags":[],"class_list":["post-6545","post","type-post","status-publish","format-standard","has-post-thumbnail","category-sp-news"],"jetpack_publicize_connections":[],"jetpack-related-posts":[],"jetpack_shortlink":"https:\/\/wp.me\/p7Eq1F-1Hz","jetpack_sharing_enabled":true,"jetpack_featured_media_url":"https:\/\/i0.wp.com\/guialimeira.com.br\/news\/wp-content\/uploads\/2024\/05\/Centro-Paralimpico-Brasileiro-recebe-Copa-do-Mundo-de-Bocha.jpg?fit=300%2C200&ssl=1","_links":{"self":[{"href":"https:\/\/guialimeira.com.br\/news\/wp-json\/wp\/v2\/posts\/6545","targetHints":{"allow":["GET"]}}],"collection":[{"href":"https:\/\/guialimeira.com.br\/news\/wp-json\/wp\/v2\/posts"}],"about":[{"href":"https:\/\/guialimeira.com.br\/news\/wp-json\/wp\/v2\/types\/post"}],"author":[{"embeddable":true,"href":"https:\/\/guialimeira.com.br\/news\/wp-json\/wp\/v2\/users\/1"}],"replies":[{"embeddable":true,"href":"https:\/\/guialimeira.com.br\/news\/wp-json\/wp\/v2\/comments?post=6545"}],"version-history":[{"count":0,"href":"https:\/\/guialimeira.com.br\/news\/wp-json\/wp\/v2\/posts\/6545\/revisions"}],"wp:featuredmedia":[{"embeddable":true,"href":"https:\/\/guialimeira.com.br\/news\/wp-json\/wp\/v2\/media\/6546"}],"wp:attachment":[{"href":"https:\/\/guialimeira.com.br\/news\/wp-json\/wp\/v2\/media?parent=6545"}],"wp:term":[{"taxonomy":"category","embeddable":true,"href":"https:\/\/guialimeira.com.br\/news\/wp-json\/wp\/v2\/categories?post=6545"},{"taxonomy":"post_tag","embeddable":true,"href":"https:\/\/guialimeira.com.br\/news\/wp-json\/wp\/v2\/tags?post=6545"}],"curies":[{"name":"wp","href":"https:\/\/api.w.org\/{rel}","templated":true}]}}