{"id":65421,"date":"2026-05-13T11:45:52","date_gmt":"2026-05-13T14:45:52","guid":{"rendered":"https:\/\/guialimeira.com.br\/comissao-de-orcamento-emite-parecer-favoravel-a-oito-projetos-na-camara\/"},"modified":"2026-05-13T11:45:52","modified_gmt":"2026-05-13T14:45:52","slug":"comissao-de-orcamento-emite-parecer-favoravel-a-oito-projetos-na-camara","status":"publish","type":"post","link":"https:\/\/guialimeira.com.br\/news\/comissao-de-orcamento-emite-parecer-favoravel-a-oito-projetos-na-camara\/","title":{"rendered":"Comiss\u00e3o de Or\u00e7amento emite parecer favor\u00e1vel a oito projetos na C\u00e2mara"},"content":{"rendered":"<p>Comiss\u00e3o de Or\u00e7amento emite parecer favor\u00e1vel a oito projetos na C\u00e2mara<\/p>\n<p>A Comiss\u00e3o de Or\u00e7amento e Fiscaliza\u00e7\u00e3o do Executivo da C\u00e2mara emitiu, na reuni\u00e3o desta quarta-feira, 13 de maio, pareceres favor\u00e1veis a oito projetos, que seguem para tramita\u00e7\u00e3o nas demais comiss\u00f5es permanentes da Casa, conforme registro em ata.<\/p>\n<p>Fazem parte do colegiado a vereadora Lu Bogo (PL), presidente; Estev\u00e3o Nogueira (Avante), vice-presidente; e Elias Barbosa (PRTB), secret\u00e1rio. Tamb\u00e9m cabe \u00e0 Comiss\u00e3o analisar os aspectos financeiros e or\u00e7ament\u00e1rios de todas as proposi\u00e7\u00f5es apresentadas tanto pelo Legislativo quanto pelo Executivo, al\u00e9m de fiscalizar os atos da Prefeitura e investigar eventuais den\u00fancias de uso indevido de recursos p\u00fablicos ou desvios de finalidade, inclusive na administra\u00e7\u00e3o indireta.<\/p>\n<p>Saiba mais sobre os projetos em tramita\u00e7\u00e3o<\/p>\n<p>Projeto de Lei Complementar N\u00ba 12\/2026, da Prefeitura, disp\u00f5e sobre a concess\u00e3o de Abono Assiduidade aos servidores ocupantes do cargo efetivo de monitor, revoga os artigos 59, 69 e 79 da Lei Complementar N\u00ba 1.014\/2026.<\/p>\n<p>Projeto de Lei Complementar N\u00ba 13\/2026, da Prefeitura, inclui dispositivo no Anexo Vl da Lei Complementar N\u00ba 745\/2015, para incluir, entre os requisitos para investidura nos cargos de t\u00e9cnico de enfermagem e enfermeiro vinculados ao atendimento pr\u00e9-hospitalar m\u00f3vel, a exig\u00eancia de habilita\u00e7\u00e3o para condu\u00e7\u00e3o de motocicleta, e para acrescentar atribui\u00e7\u00f5es relativas a pilotagem de motocicleta no atendimento pr\u00e9-hospitalar m\u00f3vel.<\/p>\n<p>Projeto de Lei N\u00ba 55\/2026, da Prefeitura, altera a reda\u00e7\u00e3o da Lei N\u00ba 5.119\/2013, que disp\u00f5e sobre a cria\u00e7\u00e3o do Conselho Municipal de Pol\u00edtica Cultural de Limeira (CMPC), para atualizar t\u00e9cnica e administrativamente a norma e para criar a cadeira para o Setor Audiovisual.<\/p>\n<p>Projeto de Lei N\u00ba 56\/2026, da Prefeitura, altera dispositivos da Lei N\u00ba 6.866\/2023, que disp\u00f5e sobre a cria\u00e7\u00e3o, compet\u00eancia e organiza\u00e7\u00e3o do Conselho Municipal de Seguran\u00e7a P\u00fablica (Comsep) e do Fundo Municipal de Seguran\u00e7a P\u00fablica (Fumsep), para atualizar a norma.<\/p>\n<p>Projeto de Lei N\u00ba 62\/2026, da Prefeitura, autoriza o repasse de recursos financeiros \u00e0s Associa\u00e7\u00f5es de Pais e Mestres (APM\u2019s), para a contrata\u00e7\u00e3o de servi\u00e7os e aquisi\u00e7\u00e3o de equipamentos e itens necess\u00e1rios \u00e0 obten\u00e7\u00e3o e renova\u00e7\u00e3o do Auto de Vistoria do Corpo de Bombeiros (AVCB) dos pr\u00e9dios escolares da rede municipal de ensino.<\/p>\n<p>Projeto de Lei N\u00ba 63\/2026, da Prefeitura, altera dispositivos da Lei N\u00ba 3.548\/2003, que disp\u00f5e sobre a cria\u00e7\u00e3o do Conselho Municipal de Defesa do Patrim\u00f4nio Hist\u00f3rico e Arquitet\u00f4nico do Munic\u00edpio de Limeira, redefinindo a natureza do \u00f3rg\u00e3o e estabelecendo que a compet\u00eancia decis\u00f3ria final fica concentrada no prefeito.<\/p>\n<p>Projeto de Lei N\u00ba 44\/2026 + Substitutivo N\u00ba 13, dos vereadores Everton Ferreira (PSD) e Felipe Penedo (PL), disp\u00f5e sobre a utiliza\u00e7\u00e3o de espa\u00e7os p\u00fablicos para atividade econ\u00f4mica.<\/p>\n<hr>\n<p><em>Fonte: <a href=\"https:\/\/www.limeira.sp.leg.br\/noticias\/view\/2026-05-13_comissao-de-orcamento-emite-parecer-favoravel-a-oito-projetos-na-camara\" target=\"_blank\" rel=\"noopener\">C\u00e2mara Municipal de Limeira<\/a><\/em><\/p>\n","protected":false},"excerpt":{"rendered":"<p>Comiss\u00e3o de Or\u00e7amento emite parecer favor\u00e1vel a oito projetos na C\u00e2mara<\/p>\n<p>A Comiss\u00e3o de Or\u00e7amento e Fiscaliza\u00e7\u00e3o do Executivo da C\u00e2mara emitiu, na reuni\u00e3o desta quarta-feira, 13 de maio, pareceres favor\u00e1veis a oito projetos, que seguem para tramita\u00e7\u00e3o nas demais comiss\u00f5es permanentes da Casa, conform<\/p>\n","protected":false},"author":4,"featured_media":65420,"comment_status":"","ping_status":"open","sticky":false,"template":"","format":"standard","meta":{"_jetpack_newsletter_access":"","_jetpack_dont_email_post_to_subs":false,"_jetpack_newsletter_tier_id":0,"_jetpack_memberships_contains_paywalled_content":false,"_mbp_banners":[],"_jetpack_feature_clip_id":0,"_jetpack_memberships_contains_paid_content":false,"footnotes":"","jetpack_publicize_message":"","jetpack_publicize_feature_enabled":true,"jetpack_social_post_already_shared":true,"jetpack_social_options":{"image_generator_settings":{"template":"highway","default_image_id":0,"font":"","enabled":false},"version":2},"jetpack_post_was_ever_published":false},"categories":[19],"tags":[],"class_list":["post-65421","post","type-post","status-publish","format-standard","has-post-thumbnail","category-politica"],"jetpack_publicize_connections":[],"jetpack-related-posts":[],"jetpack_shortlink":"https:\/\/wp.me\/p7Eq1F-h1b","jetpack_sharing_enabled":true,"jetpack_featured_media_url":"https:\/\/i0.wp.com\/guialimeira.com.br\/news\/wp-content\/uploads\/2026\/05\/noticia-camara-50.jpg?fit=1280%2C640&ssl=1","_links":{"self":[{"href":"https:\/\/guialimeira.com.br\/news\/wp-json\/wp\/v2\/posts\/65421","targetHints":{"allow":["GET"]}}],"collection":[{"href":"https:\/\/guialimeira.com.br\/news\/wp-json\/wp\/v2\/posts"}],"about":[{"href":"https:\/\/guialimeira.com.br\/news\/wp-json\/wp\/v2\/types\/post"}],"author":[{"embeddable":true,"href":"https:\/\/guialimeira.com.br\/news\/wp-json\/wp\/v2\/users\/4"}],"replies":[{"embeddable":true,"href":"https:\/\/guialimeira.com.br\/news\/wp-json\/wp\/v2\/comments?post=65421"}],"version-history":[{"count":0,"href":"https:\/\/guialimeira.com.br\/news\/wp-json\/wp\/v2\/posts\/65421\/revisions"}],"wp:featuredmedia":[{"embeddable":true,"href":"https:\/\/guialimeira.com.br\/news\/wp-json\/wp\/v2\/media\/65420"}],"wp:attachment":[{"href":"https:\/\/guialimeira.com.br\/news\/wp-json\/wp\/v2\/media?parent=65421"}],"wp:term":[{"taxonomy":"category","embeddable":true,"href":"https:\/\/guialimeira.com.br\/news\/wp-json\/wp\/v2\/categories?post=65421"},{"taxonomy":"post_tag","embeddable":true,"href":"https:\/\/guialimeira.com.br\/news\/wp-json\/wp\/v2\/tags?post=65421"}],"curies":[{"name":"wp","href":"https:\/\/api.w.org\/{rel}","templated":true}]}}