{"id":65404,"date":"2026-05-13T08:30:53","date_gmt":"2026-05-13T11:30:53","guid":{"rendered":"https:\/\/guialimeira.com.br\/tatiane-lopes-cobra-limpeza-e-manutencao-dos-banheiros-do-terminal-urbano\/"},"modified":"2026-05-13T08:30:53","modified_gmt":"2026-05-13T11:30:53","slug":"tatiane-lopes-cobra-limpeza-e-manutencao-dos-banheiros-do-terminal-urbano","status":"publish","type":"post","link":"https:\/\/guialimeira.com.br\/news\/tatiane-lopes-cobra-limpeza-e-manutencao-dos-banheiros-do-terminal-urbano\/","title":{"rendered":"Tatiane Lopes cobra limpeza e manuten\u00e7\u00e3o dos banheiros do terminal urbano"},"content":{"rendered":"<p>Tatiane Lopes cobra limpeza e manuten\u00e7\u00e3o dos banheiros do terminal urbano<\/p>\n<p>A vereadora Tatiane Lopes (Avante) protocolou dia 7 de maio, a Indica\u00e7\u00e3o N\u00ba 2017\/2026, solicitando \u00e0 Prefeitura que seja feita a limpeza, manuten\u00e7\u00e3o e melhorias nos banheiros do terminal urbano municipal. Segundo a parlamentar, a medida se faz necess\u00e1ria diante da situa\u00e7\u00e3o cr\u00edtica de conserva\u00e7\u00e3o e uso dos sanit\u00e1rios p\u00fablicos do terminal rodovi\u00e1rio, espa\u00e7o utilizado diariamente por centenas de pessoas, especialmente trabalhadores que dependem do transporte p\u00fablico.<\/p>\n<p>No documento, a vereadora ressaltou que parte dos danos observados decorre da utiliza\u00e7\u00e3o inadequada e de atos de depreda\u00e7\u00e3o praticados por algumas pessoas. No entanto, destaca que cabe ao Poder P\u00fablico promover manuten\u00e7\u00e3o adequada, fiscaliza\u00e7\u00e3o constante e buscar solu\u00e7\u00f5es permanentes para garantir condi\u00e7\u00f5es dignas de uso \u00e0 popula\u00e7\u00e3o.<\/p>\n<p>\u201cOs trabalhadores que utilizam diariamente o terminal urbano merecem respeito e dignidade. N\u00e3o \u00e9 justo que convivam com banheiros em situa\u00e7\u00e3o prec\u00e1ria, sem higiene e sem estrutura adequada. \u00c9 preciso que o Munic\u00edpio tome provid\u00eancias urgentes para recuperar e preservar esse espa\u00e7o p\u00fablico\u201d, afirmou a vereadora.<\/p>\n<p>A parlamentar destacou que a indica\u00e7\u00e3o tamb\u00e9m refor\u00e7a a import\u00e2ncia da conserva\u00e7\u00e3o do patrim\u00f4nio p\u00fablico e da ado\u00e7\u00e3o de medidas que garantam seguran\u00e7a, higiene e acessibilidade aos usu\u00e1rios do terminal.<\/p>\n<p>Tatiane Lopes solicita que a administra\u00e7\u00e3o municipal realize as interven\u00e7\u00f5es necess\u00e1rias com a maior brevidade poss\u00edvel, visando melhorar as condi\u00e7\u00f5es do espa\u00e7o e oferecer mais qualidade aos cidad\u00e3os que utilizam diariamente o terminal urbano.<\/p>\n<p>Do Gabinete Parlamentar &#8211; Vereadora Tatiane Lopes (Avante)<\/p>\n<p>*Fotos do Gabinete Parlamentar<\/p>\n<p>As mat\u00e9rias de origem dos Gabinetes Parlamentares s\u00e3o de inteira\u00a0 responsabilidade dos parlamentares e de suas assessorias. S\u00e3o devidamente assinadas e n\u00e3o refletem, necessariamente, a opini\u00e3o institucional da C\u00e2mara Municipal de Limeira.<\/p>\n<hr>\n<p><em>Fonte: <a href=\"https:\/\/www.limeira.sp.leg.br\/noticias\/view\/2026-05-13_tatiane-lopes-cobra-limpeza-e-manutencao-dos-banheiros-do-terminal-urbano\" target=\"_blank\" rel=\"noopener\">C\u00e2mara Municipal de Limeira<\/a><\/em><\/p>\n","protected":false},"excerpt":{"rendered":"<p>Tatiane Lopes cobra limpeza e manuten\u00e7\u00e3o dos banheiros do terminal urbano<\/p>\n<p>A vereadora Tatiane Lopes (Avante) protocolou dia 7 de maio, a Indica\u00e7\u00e3o N\u00ba 2017\/2026, solicitando \u00e0 Prefeitura que seja feita a limpeza, manuten\u00e7\u00e3o e melhorias nos banheiros do terminal urbano municipal. Segundo a parlamenta<\/p>\n","protected":false},"author":4,"featured_media":65403,"comment_status":"","ping_status":"open","sticky":false,"template":"","format":"standard","meta":{"_jetpack_newsletter_access":"","_jetpack_dont_email_post_to_subs":false,"_jetpack_newsletter_tier_id":0,"_jetpack_memberships_contains_paywalled_content":false,"_mbp_banners":[],"_jetpack_feature_clip_id":0,"_jetpack_memberships_contains_paid_content":false,"footnotes":"","jetpack_publicize_message":"","jetpack_publicize_feature_enabled":true,"jetpack_social_post_already_shared":true,"jetpack_social_options":{"image_generator_settings":{"template":"highway","default_image_id":0,"font":"","enabled":false},"version":2},"jetpack_post_was_ever_published":false},"categories":[19],"tags":[],"class_list":["post-65404","post","type-post","status-publish","format-standard","has-post-thumbnail","category-politica"],"jetpack_publicize_connections":[],"jetpack-related-posts":[],"jetpack_shortlink":"https:\/\/wp.me\/p7Eq1F-h0U","jetpack_sharing_enabled":true,"jetpack_featured_media_url":"https:\/\/i0.wp.com\/guialimeira.com.br\/news\/wp-content\/uploads\/2026\/05\/noticia-camara-49.jpg?fit=1280%2C640&ssl=1","_links":{"self":[{"href":"https:\/\/guialimeira.com.br\/news\/wp-json\/wp\/v2\/posts\/65404","targetHints":{"allow":["GET"]}}],"collection":[{"href":"https:\/\/guialimeira.com.br\/news\/wp-json\/wp\/v2\/posts"}],"about":[{"href":"https:\/\/guialimeira.com.br\/news\/wp-json\/wp\/v2\/types\/post"}],"author":[{"embeddable":true,"href":"https:\/\/guialimeira.com.br\/news\/wp-json\/wp\/v2\/users\/4"}],"replies":[{"embeddable":true,"href":"https:\/\/guialimeira.com.br\/news\/wp-json\/wp\/v2\/comments?post=65404"}],"version-history":[{"count":0,"href":"https:\/\/guialimeira.com.br\/news\/wp-json\/wp\/v2\/posts\/65404\/revisions"}],"wp:featuredmedia":[{"embeddable":true,"href":"https:\/\/guialimeira.com.br\/news\/wp-json\/wp\/v2\/media\/65403"}],"wp:attachment":[{"href":"https:\/\/guialimeira.com.br\/news\/wp-json\/wp\/v2\/media?parent=65404"}],"wp:term":[{"taxonomy":"category","embeddable":true,"href":"https:\/\/guialimeira.com.br\/news\/wp-json\/wp\/v2\/categories?post=65404"},{"taxonomy":"post_tag","embeddable":true,"href":"https:\/\/guialimeira.com.br\/news\/wp-json\/wp\/v2\/tags?post=65404"}],"curies":[{"name":"wp","href":"https:\/\/api.w.org\/{rel}","templated":true}]}}