{"id":6535,"date":"2024-05-27T13:02:49","date_gmt":"2024-05-27T16:02:49","guid":{"rendered":"https:\/\/guialimeira.com.br\/2024\/05\/27\/provao-paulista-divulga-quarta-lista-de-aprovados-nas-fatecs\/"},"modified":"2024-05-27T13:02:49","modified_gmt":"2024-05-27T16:02:49","slug":"provao-paulista-divulga-quarta-lista-de-aprovados-nas-fatecs","status":"publish","type":"post","link":"https:\/\/guialimeira.com.br\/news\/provao-paulista-divulga-quarta-lista-de-aprovados-nas-fatecs\/","title":{"rendered":"Prov\u00e3o Paulista divulga quarta lista de aprovados nas Fatecs"},"content":{"rendered":"<p> <br \/>\n<\/p>\n<div id=\"\">&#13;<br \/>\n                                <!-- Title -->&#13;<br \/>\n                                &#13;<br \/>\n&#13;<br \/>\n                                <!-- Excerpt -->&#13;<\/p>\n<p class=\"excerpt\">Prazo para fazer a matr\u00edcula \u00e9 at\u00e9 quarta-feira (29) pelo sistema remoto; informa\u00e7\u00f5es sobre a documenta\u00e7\u00e3o podem ser consultadas na internet<\/p>\n<p>&#13;<br \/>\n&#13;<br \/>\n                                &#13;\n                            <\/p><\/div>\n<div id=\"\">&#13;<\/p>\n<figure id=\"attachment_5891915\" style=\"width: 100%;max-width: 1200px\" class=\"wp-caption alignnone\"><img data-recalc-dims=\"1\" decoding=\"async\" loading=\"lazy\" class=\"size-full wp-image-5891915\" src=\"https:\/\/i0.wp.com\/www.saopaulo.sp.gov.br\/wp-content\/uploads\/2024\/05\/WhatsApp-Image-2024-05-27-at-12.46.09.jpeg?resize=696%2C464&#038;ssl=1\" alt=\"\" width=\"696\" height=\"464\" srcset=\"https:\/\/www.saopaulo.sp.gov.br\/wp-content\/uploads\/2024\/05\/WhatsApp-Image-2024-05-27-at-12.46.09.jpeg 1200w, https:\/\/www.saopaulo.sp.gov.br\/wp-content\/uploads\/2024\/05\/WhatsApp-Image-2024-05-27-at-12.46.09-300x200.jpeg 300w, https:\/\/www.saopaulo.sp.gov.br\/wp-content\/uploads\/2024\/05\/WhatsApp-Image-2024-05-27-at-12.46.09-1024x683.jpeg 1024w, https:\/\/www.saopaulo.sp.gov.br\/wp-content\/uploads\/2024\/05\/WhatsApp-Image-2024-05-27-at-12.46.09-768x512.jpeg 768w\" sizes=\"auto, (max-width: 1200px) 100vw, 1200px\"\/><figcaption class=\"wp-caption-text\">Aprovados devem ficar atentos ao prazo e \u00e0 documenta\u00e7\u00e3o para efetuar a matr\u00edcula pela internet<\/figcaption><\/figure>\n<p>J\u00e1 est\u00e1 dispon\u00edvel a\u00a0<a href=\"https:\/\/stcdndev.blob.core.windows.net\/lib\/SEED2303\/Prov%C3%A3o%20Paulista%202%C2%BA%20Semestre%20-%204%C2%AA%20Chamada.pdf\" rel=\"noopener\">quarta lista<\/a>\u00a0de convoca\u00e7\u00e3o do Prov\u00e3o Paulista Seriado para ingresso no segundo semestre de 2024 em cursos superiores gratuitos das Faculdades de Tecnologia do Estado (Fatecs) do Centro Paula Souza (CPS). O participante do exame que concluiu o Ensino M\u00e9dio na rede p\u00fablica em 2023 pode consultar sua classifica\u00e7\u00e3o e outros detalhes no site\u00a0<a href=\"https:\/\/provaopaulistaseriado.vunesp.com.br\/\" target=\"_blank\" rel=\"noreferrer noopener\">provaopaulistaseriado.vunesp.com.br<\/a>.<\/p>\n<p>Os candidatos convocados nas Fatecs dever\u00e3o, obrigatoriamente, efetuar a matr\u00edcula at\u00e9 quarta-feira (29), pelo sistema remoto correspondente. As informa\u00e7\u00f5es est\u00e3o dispon\u00edveis na p\u00e1gina\u00a0<a href=\"https:\/\/www.cps.sp.gov.br\/provaopaulista\/\" target=\"_blank\" rel=\"noreferrer noopener\">www.cps.sp.gov.br\/provaopaulista<\/a>. Ap\u00f3s o prazo, o jovem perder\u00e1 o direito \u00e0 vaga.<\/p>\n<h3><strong>Gradua\u00e7\u00e3o tecnol\u00f3gica<\/strong><\/h3>\n<p>As Fatecs oferecem nesta etapa do Prov\u00e3o Paulista 5.109 vagas, em 92 forma\u00e7\u00f5es diferentes, de variadas \u00e1reas do conhecimento, em todas as regi\u00f5es do Estado. Com foco no mercado de trabalho, os cursos s\u00e3o estrategicamente direcionados para atender \u00e0 voca\u00e7\u00e3o econ\u00f4mica de cada localidade, em setores como gest\u00e3o de neg\u00f3cios, tecnologia da informa\u00e7\u00e3o, infraestrutura, meio ambiente, ind\u00fastria 4.0 e assim por diante.<\/p>\n<p>Entre os exemplos est\u00e3o Alimentos, nas Fatecs Mar\u00edlia e Piracicaba; Big Data no Agroneg\u00f3cio, nas Fatecs Pompeia e Bebedouro; Gest\u00e3o Portu\u00e1ria, na Fatec Baixada Santista; Projetos de Estruturas Aeron\u00e1uticas, na Fatec S\u00e3o Jos\u00e9 dos Campos; e muitos outros. As novidades deste semestre para o Prov\u00e3o s\u00e3o dois novos cursos na Fatec S\u00e3o Paulo: Paisagismo e Jardinagem, al\u00e9m de Produ\u00e7\u00e3o Cultural. A Fatec Votorantim tamb\u00e9m abriu vagas para a nova forma\u00e7\u00e3o em Ci\u00eancia de Dados para Neg\u00f3cios.<\/p>\n<p>A alta empregabilidade \u00e9 uma das vantagens da gradua\u00e7\u00e3o tecnol\u00f3gica. Mais de 91% dos estudantes das Fatecs est\u00e3o empregados em at\u00e9 um ano ap\u00f3s a conclus\u00e3o do curso. \u201cO tecn\u00f3logo desenvolve compet\u00eancias e habilidades para melhorar os processos de gest\u00e3o e inova\u00e7\u00e3o tecnol\u00f3gica, com o uso ou cria\u00e7\u00e3o de novas tecnologias na solu\u00e7\u00e3o de problemas complexos\u201d, afirma o coordenador de Ensino Superior de Gradua\u00e7\u00e3o do CPS, Rafael Ferreira Alves. Segundo ele, \u201cexiste uma procura grande por profissionais formados pelas Fatecs porque as empresas sabem que v\u00e3o contar com pessoas de perfil criativo e empreendedor\u201d, ressalta.<\/p>\n<h3><strong>Prov\u00e3o Paulista<\/strong><\/h3>\n<p>Implantado pelo Governo de S\u00e3o Paulo em 2023, o Prov\u00e3o Paulista Seriado funciona como porta de entrada de alunos do Ensino M\u00e9dio da rede p\u00fablica no Ensino Superior de institui\u00e7\u00f5es paulistas parceiras da Secretaria da Educa\u00e7\u00e3o do Estado de S\u00e3o Paulo (Seduc-SP): Fatecs, Univesp, Universidade de S\u00e3o Paulo (USP), Universidade Estadual Paulista \u201cJ\u00falio de Mesquita Filho\u201d (Unesp) e Universidade Estadual de Campinas (Unicamp). Nesta primeira edi\u00e7\u00e3o, mais de 15 mil vagas foram abertas, com ingresso dividido entre o primeiro e o segundo semestre de 2024.<\/p>\n<h3><strong>Vestibular das Fatecs<\/strong><\/h3>\n<p>Apesar de facilitar o ingresso em um curso superior gratuito, o Prov\u00e3o Paulista n\u00e3o exclui a possibilidade de os estudantes interessados tamb\u00e9m participarem do Vestibular das Fatecs, aumentando as chances de conseguir uma vaga no Ensino Superior. As inscri\u00e7\u00f5es para o Vestibular do segundo semestre de 2024 est\u00e3o abertas e podem ser feitas at\u00e9 as 15h do dia 7 de junho pelo site <a href=\"https:\/\/www.vestibularfatec.com.br\/\" target=\"_blank\" rel=\"noreferrer noopener\">vestibularfatec.com.br<\/a>.<\/p>\n<h3><strong>Confira o calend\u00e1rio de convoca\u00e7\u00e3o do Prov\u00e3o Paulista e o per\u00edodo de matr\u00edcula nas Fatecs:<\/strong><\/h3>\n<ul>\n<li>Quarta lista de chamada nas Fatecs: 27 de maio<\/li>\n<li>Matr\u00edcula dos aprovados na quarta lista das Fatecs:\u00a027 a 29 de maio<\/li>\n<\/ul>\n<p>Siga o canal \u201cGoverno de S\u00e3o Paulo\u201d no WhatsApp:<br \/><a href=\"https:\/\/bit.ly\/govspnozap\" target=\"_blank\" rel=\"noopener noreferrer\">https:\/\/bit.ly\/govspnozap<\/a><\/p>\n<\/p><\/div>\n<p><br \/>\n<br \/><a href=\"https:\/\/www.saopaulo.sp.gov.br\/spnoticias\/ultimas-noticias\/provao-paulista-divulga-quarta-lista-de-aprovados-nas-fatecs\/\" rel=\"noopener\">Informa\u00e7\u00f5es GOV.SP<\/a><\/p>\n","protected":false},"excerpt":{"rendered":"<p>&#13; &#13; &#13; &#13; &#13; Prazo para fazer a matr\u00edcula \u00e9 at\u00e9 quarta-feira (29) pelo sistema remoto; informa\u00e7\u00f5es sobre a documenta\u00e7\u00e3o podem ser consultadas na internet &#13; &#13; &#13; &#13; Aprovados devem ficar atentos ao prazo e \u00e0 documenta\u00e7\u00e3o para efetuar a matr\u00edcula pela internet J\u00e1 est\u00e1 dispon\u00edvel a\u00a0quarta lista\u00a0de convoca\u00e7\u00e3o do Prov\u00e3o Paulista Seriado [&hellip;]<\/p>\n","protected":false},"author":1,"featured_media":6536,"comment_status":"open","ping_status":"open","sticky":false,"template":"","format":"standard","meta":{"_jetpack_newsletter_access":"","_jetpack_dont_email_post_to_subs":false,"_jetpack_newsletter_tier_id":0,"_jetpack_memberships_contains_paywalled_content":false,"_mbp_banners":[],"_jetpack_feature_clip_id":0,"_jetpack_memberships_contains_paid_content":false,"footnotes":"","jetpack_publicize_message":"","jetpack_publicize_feature_enabled":true,"jetpack_social_post_already_shared":true,"jetpack_social_options":{"image_generator_settings":{"template":"highway","default_image_id":0,"font":"","enabled":false},"version":2},"jetpack_post_was_ever_published":false},"categories":[21],"tags":[],"class_list":["post-6535","post","type-post","status-publish","format-standard","has-post-thumbnail","category-sp-news"],"jetpack_publicize_connections":[],"jetpack-related-posts":[],"jetpack_shortlink":"https:\/\/wp.me\/p7Eq1F-1Hp","jetpack_sharing_enabled":true,"jetpack_featured_media_url":"https:\/\/i0.wp.com\/guialimeira.com.br\/news\/wp-content\/uploads\/2024\/05\/Provao-Paulista-divulga-quarta-lista-de-aprovados-nas-Fatecs.jpeg?fit=1200%2C800&ssl=1","_links":{"self":[{"href":"https:\/\/guialimeira.com.br\/news\/wp-json\/wp\/v2\/posts\/6535","targetHints":{"allow":["GET"]}}],"collection":[{"href":"https:\/\/guialimeira.com.br\/news\/wp-json\/wp\/v2\/posts"}],"about":[{"href":"https:\/\/guialimeira.com.br\/news\/wp-json\/wp\/v2\/types\/post"}],"author":[{"embeddable":true,"href":"https:\/\/guialimeira.com.br\/news\/wp-json\/wp\/v2\/users\/1"}],"replies":[{"embeddable":true,"href":"https:\/\/guialimeira.com.br\/news\/wp-json\/wp\/v2\/comments?post=6535"}],"version-history":[{"count":0,"href":"https:\/\/guialimeira.com.br\/news\/wp-json\/wp\/v2\/posts\/6535\/revisions"}],"wp:featuredmedia":[{"embeddable":true,"href":"https:\/\/guialimeira.com.br\/news\/wp-json\/wp\/v2\/media\/6536"}],"wp:attachment":[{"href":"https:\/\/guialimeira.com.br\/news\/wp-json\/wp\/v2\/media?parent=6535"}],"wp:term":[{"taxonomy":"category","embeddable":true,"href":"https:\/\/guialimeira.com.br\/news\/wp-json\/wp\/v2\/categories?post=6535"},{"taxonomy":"post_tag","embeddable":true,"href":"https:\/\/guialimeira.com.br\/news\/wp-json\/wp\/v2\/tags?post=6535"}],"curies":[{"name":"wp","href":"https:\/\/api.w.org\/{rel}","templated":true}]}}