{"id":65316,"date":"2026-05-12T16:00:54","date_gmt":"2026-05-12T19:00:54","guid":{"rendered":"https:\/\/guialimeira.com.br\/felipe-penedo-visita-centro-de-ressocializacao-e-discute-parceria-para-producao-de-mobiliario-urbano\/"},"modified":"2026-05-12T16:00:54","modified_gmt":"2026-05-12T19:00:54","slug":"felipe-penedo-visita-centro-de-ressocializacao-e-discute-parceria-para-producao-de-mobiliario-urbano","status":"publish","type":"post","link":"https:\/\/guialimeira.com.br\/news\/felipe-penedo-visita-centro-de-ressocializacao-e-discute-parceria-para-producao-de-mobiliario-urbano\/","title":{"rendered":"Felipe Penedo visita Centro de Ressocializa\u00e7\u00e3o e discute parceria para produ\u00e7\u00e3o de mobili\u00e1rio urbano"},"content":{"rendered":"<p>Felipe Penedo visita Centro de Ressocializa\u00e7\u00e3o e discute parceria para produ\u00e7\u00e3o de mobili\u00e1rio urbano<\/p>\n<p>O vereador Felipe Penedo (PL) realizou nesta ter\u00e7a-feira, 12 de maio, uma visita ao Centro de Ressocializa\u00e7\u00e3o (CR) de Limeira para conhecer a estrutura da unidade e discutir possibilidades de amplia\u00e7\u00e3o de projetos voltados \u00e0 capacita\u00e7\u00e3o profissional, produ\u00e7\u00e3o de mobili\u00e1rio urbano e fortalecimento das a\u00e7\u00f5es de zeladoria da cidade.<\/p>\n<p>Recebido pelo chefe de divis\u00e3o da unidade, Fernando Pedro, o vereador conheceu as salas de aula, oficinas de trabalho, horta e os espa\u00e7os em reforma e amplia\u00e7\u00e3o. Atualmente, segundo o parlamentar, o CR de Limeira abriga cerca de 300 reeducandos e \u00e9 considerado refer\u00eancia estadual em a\u00e7\u00f5es de ressocializa\u00e7\u00e3o e trabalho.<\/p>\n<p>Durante a visita, Felipe Penedo destacou o interesse em estudar a viabilidade de reativar, dentro de um novo modelo, uma iniciativa inspirada na antiga F\u00e1brica de Mobili\u00e1rio Urbano de Limeira (Famul) que produzia bancos de pra\u00e7as, guias, sarjetas, lixeiras, alambrados, tijolos e outros elementos utilizados na manuten\u00e7\u00e3o e qualifica\u00e7\u00e3o dos espa\u00e7os p\u00fablicos da cidade.<\/p>\n<p>De acordo com o parlamentar, a proposta busca unir ressocializa\u00e7\u00e3o, capacita\u00e7\u00e3o profissional e melhoria urbana, criando oportunidades de trabalho e aprendizado aos reeducandos, ao mesmo tempo em que o Munic\u00edpio poderia fortalecer as a\u00e7\u00f5es de zeladoria, manuten\u00e7\u00e3o urbana e conserva\u00e7\u00e3o de pra\u00e7as, cal\u00e7adas, \u00e1reas p\u00fablicas e equipamentos da cidade, com mais agilidade e menor custo operacional.<\/p>\n<p>\u201cO CR de Limeira possui uma estrutura muito organizada e uma cultura de trabalho extremamente positiva. Existe aqui um potencial importante para projetos que unam dignidade, capacita\u00e7\u00e3o profissional e benef\u00edcios concretos para a cidade, especialmente na \u00e1rea de zeladoria urbana\u201d, afirmou o vereador.<\/p>\n<p>Felipe Penedo destacou que a ideia ser\u00e1 aprofundada por meio de estudos t\u00e9cnicos e di\u00e1logo com o Executivo, buscando modelos vi\u00e1veis e juridicamente adequados para futuras parcerias e projetos ligados \u00e0 produ\u00e7\u00e3o de equipamentos urbanos e apoio \u00e0 manuten\u00e7\u00e3o da cidade.<\/p>\n<p>Do Gabinete Parlamentar &#8211; Vereador Felipe Penedo (PL)<\/p>\n<p>*Fotos do Gabinete Parlamentar<\/p>\n<p>As mat\u00e9rias de origem dos Gabinetes Parlamentares s\u00e3o de inteira\u00a0 responsabilidade dos parlamentares e de suas assessorias. S\u00e3o devidamente assinadas e n\u00e3o refletem, necessariamente, a opini\u00e3o institucional da C\u00e2mara Municipal de Limeira.<\/p>\n<hr>\n<p><em>Fonte: <a href=\"https:\/\/www.limeira.sp.leg.br\/noticias\/view\/2026-05-12_felipe-penedo-visita-centro-de-ressocializacao-e-discute-parceria-para-producao-de-mobiliario-urbano\" target=\"_blank\" rel=\"noopener\">C\u00e2mara Municipal de Limeira<\/a><\/em><\/p>\n","protected":false},"excerpt":{"rendered":"<p>Felipe Penedo visita Centro de Ressocializa\u00e7\u00e3o e discute parceria para produ\u00e7\u00e3o de mobili\u00e1rio urbano<\/p>\n<p>O vereador Felipe Penedo (PL) realizou nesta ter\u00e7a-feira, 12 de maio, uma visita ao Centro de Ressocializa\u00e7\u00e3o (CR) de Limeira para conhecer a estrutura da unidade e discutir possibilidades de amplia<\/p>\n","protected":false},"author":4,"featured_media":65315,"comment_status":"","ping_status":"open","sticky":false,"template":"","format":"standard","meta":{"_jetpack_newsletter_access":"","_jetpack_dont_email_post_to_subs":false,"_jetpack_newsletter_tier_id":0,"_jetpack_memberships_contains_paywalled_content":false,"_mbp_banners":[],"_jetpack_feature_clip_id":0,"_jetpack_memberships_contains_paid_content":false,"footnotes":"","jetpack_publicize_message":"","jetpack_publicize_feature_enabled":true,"jetpack_social_post_already_shared":true,"jetpack_social_options":{"image_generator_settings":{"template":"highway","default_image_id":0,"font":"","enabled":false},"version":2},"jetpack_post_was_ever_published":false},"categories":[19],"tags":[],"class_list":["post-65316","post","type-post","status-publish","format-standard","has-post-thumbnail","category-politica"],"jetpack_publicize_connections":[],"jetpack-related-posts":[],"jetpack_shortlink":"https:\/\/wp.me\/p7Eq1F-gZu","jetpack_sharing_enabled":true,"jetpack_featured_media_url":"https:\/\/i0.wp.com\/guialimeira.com.br\/news\/wp-content\/uploads\/2026\/05\/noticia-camara-47.jpg?fit=1280%2C640&ssl=1","_links":{"self":[{"href":"https:\/\/guialimeira.com.br\/news\/wp-json\/wp\/v2\/posts\/65316","targetHints":{"allow":["GET"]}}],"collection":[{"href":"https:\/\/guialimeira.com.br\/news\/wp-json\/wp\/v2\/posts"}],"about":[{"href":"https:\/\/guialimeira.com.br\/news\/wp-json\/wp\/v2\/types\/post"}],"author":[{"embeddable":true,"href":"https:\/\/guialimeira.com.br\/news\/wp-json\/wp\/v2\/users\/4"}],"replies":[{"embeddable":true,"href":"https:\/\/guialimeira.com.br\/news\/wp-json\/wp\/v2\/comments?post=65316"}],"version-history":[{"count":0,"href":"https:\/\/guialimeira.com.br\/news\/wp-json\/wp\/v2\/posts\/65316\/revisions"}],"wp:featuredmedia":[{"embeddable":true,"href":"https:\/\/guialimeira.com.br\/news\/wp-json\/wp\/v2\/media\/65315"}],"wp:attachment":[{"href":"https:\/\/guialimeira.com.br\/news\/wp-json\/wp\/v2\/media?parent=65316"}],"wp:term":[{"taxonomy":"category","embeddable":true,"href":"https:\/\/guialimeira.com.br\/news\/wp-json\/wp\/v2\/categories?post=65316"},{"taxonomy":"post_tag","embeddable":true,"href":"https:\/\/guialimeira.com.br\/news\/wp-json\/wp\/v2\/tags?post=65316"}],"curies":[{"name":"wp","href":"https:\/\/api.w.org\/{rel}","templated":true}]}}