{"id":65307,"date":"2026-05-12T14:50:52","date_gmt":"2026-05-12T17:50:52","guid":{"rendered":"https:\/\/guialimeira.com.br\/ao-lado-da-associacao-de-moradores-everton-ferreira-promove-revitalizacao-de-quadra-no-jardim-morro-branco\/"},"modified":"2026-05-12T14:50:52","modified_gmt":"2026-05-12T17:50:52","slug":"ao-lado-da-associacao-de-moradores-everton-ferreira-promove-revitalizacao-de-quadra-no-jardim-morro-branco","status":"publish","type":"post","link":"https:\/\/guialimeira.com.br\/news\/ao-lado-da-associacao-de-moradores-everton-ferreira-promove-revitalizacao-de-quadra-no-jardim-morro-branco\/","title":{"rendered":"Ao lado da Associa\u00e7\u00e3o de Moradores, Everton Ferreira promove revitaliza\u00e7\u00e3o de quadra no Jardim Morro Branco"},"content":{"rendered":"<p>Ao lado da Associa\u00e7\u00e3o de Moradores, Everton Ferreira promove revitaliza\u00e7\u00e3o de quadra no Jardim Morro Branco<\/p>\n<p>O vereador Everton Ferreira (PSD) realizou no \u00faltimo s\u00e1bado, 9 de maio, uma a\u00e7\u00e3o de revitaliza\u00e7\u00e3o da quadra esportiva do Centro Comunit\u00e1rio do Jardim Morro Branco, em parceria com moradores e lideran\u00e7as da rec\u00e9m organizada associa\u00e7\u00e3o do bairro. A iniciativa teve como objetivo recuperar um espa\u00e7o que, segundo moradores, enfrentava problemas de falta de manuten\u00e7\u00e3o.<\/p>\n<p>Segundo o parlamentar, o mutir\u00e3o reuniu volunt\u00e1rios para servi\u00e7os de limpeza e pintura na quadra, devolvendo ao local condi\u00e7\u00f5es adequadas de uso e conviv\u00eancia para a comunidade. \u201cAl\u00e9m da revitaliza\u00e7\u00e3o f\u00edsica do espa\u00e7o, a a\u00e7\u00e3o tamb\u00e9m simboliza um processo de reorganiza\u00e7\u00e3o comunit\u00e1ria vivido pelo bairro nos \u00faltimos meses\u201d, disse. Moradores interessados em retomar atividades e fortalecer a participa\u00e7\u00e3o popular iniciaram a constru\u00e7\u00e3o de uma associa\u00e7\u00e3o de moradores, processo que contou com apoio e articula\u00e7\u00e3o do vereador.<\/p>\n<p>Para Everton Ferreira, a recupera\u00e7\u00e3o do espa\u00e7o representa a reconstru\u00e7\u00e3o dos v\u00ednculos da popula\u00e7\u00e3o com o pr\u00f3prio territ\u00f3rio. \u201cQuando um bairro perde seus espa\u00e7os de conviv\u00eancia, perde tamb\u00e9m parte da sua identidade coletiva. Revitalizar essa quadra \u00e9 importante, mas o essencial \u00e9 ver os moradores voltando a ocupar um lugar que sempre pertenceu \u00e0 comunidade\u201d, destacou.<\/p>\n<p>A expectativa, conforme o vereador, \u00e9 que o Centro Comunit\u00e1rio do Jardim Morro Branco volte a receber atividades esportivas, a\u00e7\u00f5es sociais e encontros comunit\u00e1rios, fortalecendo novamente o conv\u00edvio entre os moradores da regi\u00e3o.<\/p>\n<p>Do Gabinete Parlamentar \u2013 Vereador Everton Ferreira (PSD)<\/p>\n<p>Fotos do Gabinete Parlamentar<\/p>\n<p>As mat\u00e9rias de origem dos Gabinetes Parlamentares s\u00e3o de inteira\u00a0 responsabilidade dos parlamentares e de suas assessorias. S\u00e3o devidamente assinadas e n\u00e3o refletem, necessariamente, a opini\u00e3o institucional da C\u00e2mara Municipal de Limeira.<\/p>\n<hr>\n<p><em>Fonte: <a href=\"https:\/\/www.limeira.sp.leg.br\/noticias\/view\/2026-05-12_ao-lado-da-associacao-de-moradores-everton-ferreira-promove-revitalizacao-de-quadra-no-jardim-morro-branco\" target=\"_blank\" rel=\"noopener\">C\u00e2mara Municipal de Limeira<\/a><\/em><\/p>\n","protected":false},"excerpt":{"rendered":"<p>Ao lado da Associa\u00e7\u00e3o de Moradores, Everton Ferreira promove revitaliza\u00e7\u00e3o de quadra no Jardim Morro Branco<\/p>\n<p>O vereador Everton Ferreira (PSD) realizou no \u00faltimo s\u00e1bado, 9 de maio, uma a\u00e7\u00e3o de revitaliza\u00e7\u00e3o da quadra esportiva do Centro Comunit\u00e1rio do Jardim Morro Branco, em parceria com moradores e<\/p>\n","protected":false},"author":4,"featured_media":65306,"comment_status":"","ping_status":"open","sticky":false,"template":"","format":"standard","meta":{"_jetpack_newsletter_access":"","_jetpack_dont_email_post_to_subs":false,"_jetpack_newsletter_tier_id":0,"_jetpack_memberships_contains_paywalled_content":false,"_mbp_banners":[],"_jetpack_feature_clip_id":0,"_jetpack_memberships_contains_paid_content":false,"footnotes":"","jetpack_publicize_message":"","jetpack_publicize_feature_enabled":true,"jetpack_social_post_already_shared":true,"jetpack_social_options":{"image_generator_settings":{"template":"highway","default_image_id":0,"font":"","enabled":false},"version":2},"jetpack_post_was_ever_published":false},"categories":[19],"tags":[],"class_list":["post-65307","post","type-post","status-publish","format-standard","has-post-thumbnail","category-politica"],"jetpack_publicize_connections":[],"jetpack-related-posts":[],"jetpack_shortlink":"https:\/\/wp.me\/p7Eq1F-gZl","jetpack_sharing_enabled":true,"jetpack_featured_media_url":"https:\/\/i0.wp.com\/guialimeira.com.br\/news\/wp-content\/uploads\/2026\/05\/noticia-camara-46.jpg?fit=1280%2C640&ssl=1","_links":{"self":[{"href":"https:\/\/guialimeira.com.br\/news\/wp-json\/wp\/v2\/posts\/65307","targetHints":{"allow":["GET"]}}],"collection":[{"href":"https:\/\/guialimeira.com.br\/news\/wp-json\/wp\/v2\/posts"}],"about":[{"href":"https:\/\/guialimeira.com.br\/news\/wp-json\/wp\/v2\/types\/post"}],"author":[{"embeddable":true,"href":"https:\/\/guialimeira.com.br\/news\/wp-json\/wp\/v2\/users\/4"}],"replies":[{"embeddable":true,"href":"https:\/\/guialimeira.com.br\/news\/wp-json\/wp\/v2\/comments?post=65307"}],"version-history":[{"count":0,"href":"https:\/\/guialimeira.com.br\/news\/wp-json\/wp\/v2\/posts\/65307\/revisions"}],"wp:featuredmedia":[{"embeddable":true,"href":"https:\/\/guialimeira.com.br\/news\/wp-json\/wp\/v2\/media\/65306"}],"wp:attachment":[{"href":"https:\/\/guialimeira.com.br\/news\/wp-json\/wp\/v2\/media?parent=65307"}],"wp:term":[{"taxonomy":"category","embeddable":true,"href":"https:\/\/guialimeira.com.br\/news\/wp-json\/wp\/v2\/categories?post=65307"},{"taxonomy":"post_tag","embeddable":true,"href":"https:\/\/guialimeira.com.br\/news\/wp-json\/wp\/v2\/tags?post=65307"}],"curies":[{"name":"wp","href":"https:\/\/api.w.org\/{rel}","templated":true}]}}