{"id":65299,"date":"2026-05-12T13:57:45","date_gmt":"2026-05-12T16:57:45","guid":{"rendered":"https:\/\/guialimeira.com.br\/?p=65299"},"modified":"2026-05-12T13:57:45","modified_gmt":"2026-05-12T16:57:45","slug":"luigi-bessa-comandou-a-trilha-sonora-do-aniversario-de-ana-claudia-duarte-esposa-do-apresentador-celso-zucatelli","status":"publish","type":"post","link":"https:\/\/guialimeira.com.br\/news\/luigi-bessa-comandou-a-trilha-sonora-do-aniversario-de-ana-claudia-duarte-esposa-do-apresentador-celso-zucatelli\/","title":{"rendered":"Luigi Bessa comandou a trilha sonora do anivers\u00e1rio de Ana Claudia Duarte, esposa do apresentador Celso Zucatelli"},"content":{"rendered":"\n<p class=\"wp-block-paragraph\">A celebra\u00e7\u00e3o reuniu convidados como Ticiane Pinheiro, Ana Hickmann, Renata Alves, entre outros famosos.\u00a0<\/p>\n\n\n\n<p class=\"wp-block-paragraph\">Com repert\u00f3rio dan\u00e7ante , o cantor colocou os convidados para cantar junto em uma tarde descontra\u00edda e intimista.<\/p>\n","protected":false},"excerpt":{"rendered":"<p>A celebra\u00e7\u00e3o reuniu convidados como Ticiane Pinheiro, Ana Hickmann, Renata Alves, entre outros famosos.\u00a0 Com repert\u00f3rio dan\u00e7ante , o cantor colocou os convidados para cantar junto em uma tarde descontra\u00edda e intimista.<\/p>\n","protected":false},"author":5,"featured_media":65298,"comment_status":"closed","ping_status":"open","sticky":false,"template":"","format":"standard","meta":{"_jetpack_newsletter_access":"","_jetpack_dont_email_post_to_subs":false,"_jetpack_newsletter_tier_id":0,"_jetpack_memberships_contains_paywalled_content":false,"_mbp_banners":[],"_jetpack_feature_clip_id":0,"_jetpack_memberships_contains_paid_content":false,"footnotes":"","jetpack_publicize_message":"","jetpack_publicize_feature_enabled":true,"jetpack_social_post_already_shared":true,"jetpack_social_options":{"image_generator_settings":{"template":"highway","default_image_id":0,"font":"","enabled":false},"version":2},"jetpack_post_was_ever_published":false},"categories":[1],"tags":[],"class_list":["post-65299","post","type-post","status-publish","format-standard","has-post-thumbnail","category-geral"],"jetpack_publicize_connections":[],"jetpack-related-posts":[],"jetpack_shortlink":"https:\/\/wp.me\/p7Eq1F-gZd","jetpack_sharing_enabled":true,"jetpack_featured_media_url":"https:\/\/i0.wp.com\/guialimeira.com.br\/news\/wp-content\/uploads\/2026\/05\/Luigi-Bessa-Gravacao-Audiovisual-scaled-1.jpg?fit=1706%2C2560&ssl=1","_links":{"self":[{"href":"https:\/\/guialimeira.com.br\/news\/wp-json\/wp\/v2\/posts\/65299","targetHints":{"allow":["GET"]}}],"collection":[{"href":"https:\/\/guialimeira.com.br\/news\/wp-json\/wp\/v2\/posts"}],"about":[{"href":"https:\/\/guialimeira.com.br\/news\/wp-json\/wp\/v2\/types\/post"}],"author":[{"embeddable":true,"href":"https:\/\/guialimeira.com.br\/news\/wp-json\/wp\/v2\/users\/5"}],"replies":[{"embeddable":true,"href":"https:\/\/guialimeira.com.br\/news\/wp-json\/wp\/v2\/comments?post=65299"}],"version-history":[{"count":1,"href":"https:\/\/guialimeira.com.br\/news\/wp-json\/wp\/v2\/posts\/65299\/revisions"}],"predecessor-version":[{"id":65300,"href":"https:\/\/guialimeira.com.br\/news\/wp-json\/wp\/v2\/posts\/65299\/revisions\/65300"}],"wp:featuredmedia":[{"embeddable":true,"href":"https:\/\/guialimeira.com.br\/news\/wp-json\/wp\/v2\/media\/65298"}],"wp:attachment":[{"href":"https:\/\/guialimeira.com.br\/news\/wp-json\/wp\/v2\/media?parent=65299"}],"wp:term":[{"taxonomy":"category","embeddable":true,"href":"https:\/\/guialimeira.com.br\/news\/wp-json\/wp\/v2\/categories?post=65299"},{"taxonomy":"post_tag","embeddable":true,"href":"https:\/\/guialimeira.com.br\/news\/wp-json\/wp\/v2\/tags?post=65299"}],"curies":[{"name":"wp","href":"https:\/\/api.w.org\/{rel}","templated":true}]}}