{"id":65292,"date":"2026-05-12T13:35:53","date_gmt":"2026-05-12T16:35:53","guid":{"rendered":"https:\/\/guialimeira.com.br\/camara-aprova-titulo-de-cidadao-limeirense-ao-medico-jose-davoli-nabas\/"},"modified":"2026-05-12T13:35:53","modified_gmt":"2026-05-12T16:35:53","slug":"camara-aprova-titulo-de-cidadao-limeirense-ao-medico-jose-davoli-nabas","status":"publish","type":"post","link":"https:\/\/guialimeira.com.br\/news\/camara-aprova-titulo-de-cidadao-limeirense-ao-medico-jose-davoli-nabas\/","title":{"rendered":"C\u00e2mara aprova T\u00edtulo de Cidad\u00e3o Limeirense ao m\u00e9dico Jos\u00e9 Davoli Nabas"},"content":{"rendered":"<p>C\u00e2mara aprova T\u00edtulo de Cidad\u00e3o Limeirense ao m\u00e9dico Jos\u00e9 Davoli Nabas<\/p>\n<p>A C\u00e2mara Municipal de Limeira aprovou, na sess\u00e3o ordin\u00e1ria desta segunda-feira 11 de maio, o Projeto de Decreto Legislativo N\u00ba 24\/2025, que concede o T\u00edtulo de Cidad\u00e3o Limeirense ao m\u00e9dico ortopedista Jos\u00e9 Adolfo Davoli Nabas, em reconhecimento aos servi\u00e7os prestados \u00e0 cidade. De autoria do vereador Dr Marcelo Rossi (MDB), a proposta homenageia o trabalho desenvolvido pelo m\u00e9dico ao longo de sua trajet\u00f3ria profissional, especialmente pela atua\u00e7\u00e3o em institui\u00e7\u00f5es do Munic\u00edpio.<\/p>\n<p>De acordo com a justificativa do projeto, a honraria reconhece n\u00e3o apenas a carreira do especialista na \u00e1rea da ortopedia, mas tamb\u00e9m a dedica\u00e7\u00e3o \u00e0 comunidade por meio de a\u00e7\u00f5es voltadas ao atendimento da popula\u00e7\u00e3o e \u00e0 contribui\u00e7\u00e3o prestada em institui\u00e7\u00f5es consideradas relevantes para Limeira.<\/p>\n<p>Jos\u00e9 Adolfo Davoli Nabas nasceu em quatro de setembro de 1968, em S\u00e3o Paulo. Formou-se em medicina pela Universidade do Oeste Paulista (Unoeste), em Presidente Prudente, no ano de 1994, dando in\u00edcio \u00e0 trajet\u00f3ria profissional. Ap\u00f3s concluir os estudos no interior paulista, chegou a Limeira a convite dos ortopedistas Odair Camargo e Carlos Ferraresi, profissionais reconhecidos por carreiras de destaque na \u00e1rea m\u00e9dica.<\/p>\n<p>Adolfo iniciou a atua\u00e7\u00e3o na Santa Casa de Limeira, onde trabalhou de 1999 a 2016, contribuindo para o atendimento da popula\u00e7\u00e3o. Paralelamente, tamb\u00e9m desenvolveu trabalho volunt\u00e1rio junto \u00e0 Associa\u00e7\u00e3o de Reabilita\u00e7\u00e3o Infantil Limeirense (Aril), dedicando-se ao atendimento de pacientes da institui\u00e7\u00e3o para suprir demandas que, muitas vezes, n\u00e3o poderiam ser atendidas exclusivamente pelo poder p\u00fablico. Atualmente atende pacientes do poder p\u00fablico e privado, tanto da Unimed Limeira quanto do Hospital Humanit\u00e1ria.<\/p>\n<p>Na justificativa do projeto, o Dr. Marcelo Rossi destacou que Adolfo considera a medicina um verdadeiro chamado. Para ele, mais do que tratar doen\u00e7as, a profiss\u00e3o representa olhar para cada paciente com aten\u00e7\u00e3o, respeito e humanidade, compreendendo suas hist\u00f3rias e oferecendo esperan\u00e7a. \u201cExercer a medicina \u00e9 unir ci\u00eancia e humanidade\u201d, frase que, segundo o vereador, resume de maneira cir\u00fargica, o trabalho do profissional.<\/p>\n<hr>\n<p><em>Fonte: <a href=\"https:\/\/www.limeira.sp.leg.br\/noticias\/view\/2026-05-12_camara-aprova-titulo-de-cidadao-limeirense-ao-medico-jose-davoli-nabas\" target=\"_blank\" rel=\"noopener\">C\u00e2mara Municipal de Limeira<\/a><\/em><\/p>\n","protected":false},"excerpt":{"rendered":"<p>C\u00e2mara aprova T\u00edtulo de Cidad\u00e3o Limeirense ao m\u00e9dico Jos\u00e9 Davoli Nabas<\/p>\n<p>A C\u00e2mara Municipal de Limeira aprovou, na sess\u00e3o ordin\u00e1ria desta segunda-feira 11 de maio, o Projeto de Decreto Legislativo N\u00ba 24\/2025, que concede o T\u00edtulo de Cidad\u00e3o Limeirense ao m\u00e9dico ortopedista Jos\u00e9 Adolfo Davoli Nabas, e<\/p>\n","protected":false},"author":4,"featured_media":65291,"comment_status":"","ping_status":"open","sticky":false,"template":"","format":"standard","meta":{"_jetpack_newsletter_access":"","_jetpack_dont_email_post_to_subs":false,"_jetpack_newsletter_tier_id":0,"_jetpack_memberships_contains_paywalled_content":false,"_mbp_banners":[],"_jetpack_feature_clip_id":0,"_jetpack_memberships_contains_paid_content":false,"footnotes":"","jetpack_publicize_message":"","jetpack_publicize_feature_enabled":true,"jetpack_social_post_already_shared":true,"jetpack_social_options":{"image_generator_settings":{"template":"highway","default_image_id":0,"font":"","enabled":false},"version":2},"jetpack_post_was_ever_published":false},"categories":[19],"tags":[],"class_list":["post-65292","post","type-post","status-publish","format-standard","has-post-thumbnail","category-politica"],"jetpack_publicize_connections":[],"jetpack-related-posts":[],"jetpack_shortlink":"https:\/\/wp.me\/p7Eq1F-gZ6","jetpack_sharing_enabled":true,"jetpack_featured_media_url":"https:\/\/i0.wp.com\/guialimeira.com.br\/news\/wp-content\/uploads\/2026\/05\/noticia-camara-45.jpg?fit=1280%2C640&ssl=1","_links":{"self":[{"href":"https:\/\/guialimeira.com.br\/news\/wp-json\/wp\/v2\/posts\/65292","targetHints":{"allow":["GET"]}}],"collection":[{"href":"https:\/\/guialimeira.com.br\/news\/wp-json\/wp\/v2\/posts"}],"about":[{"href":"https:\/\/guialimeira.com.br\/news\/wp-json\/wp\/v2\/types\/post"}],"author":[{"embeddable":true,"href":"https:\/\/guialimeira.com.br\/news\/wp-json\/wp\/v2\/users\/4"}],"replies":[{"embeddable":true,"href":"https:\/\/guialimeira.com.br\/news\/wp-json\/wp\/v2\/comments?post=65292"}],"version-history":[{"count":0,"href":"https:\/\/guialimeira.com.br\/news\/wp-json\/wp\/v2\/posts\/65292\/revisions"}],"wp:featuredmedia":[{"embeddable":true,"href":"https:\/\/guialimeira.com.br\/news\/wp-json\/wp\/v2\/media\/65291"}],"wp:attachment":[{"href":"https:\/\/guialimeira.com.br\/news\/wp-json\/wp\/v2\/media?parent=65292"}],"wp:term":[{"taxonomy":"category","embeddable":true,"href":"https:\/\/guialimeira.com.br\/news\/wp-json\/wp\/v2\/categories?post=65292"},{"taxonomy":"post_tag","embeddable":true,"href":"https:\/\/guialimeira.com.br\/news\/wp-json\/wp\/v2\/tags?post=65292"}],"curies":[{"name":"wp","href":"https:\/\/api.w.org\/{rel}","templated":true}]}}