{"id":65262,"date":"2026-05-12T09:00:51","date_gmt":"2026-05-12T12:00:51","guid":{"rendered":"https:\/\/guialimeira.com.br\/limeira-tera-politica-publica-para-promover-alimentacao-saudavel-e-socialmente-responsavel\/"},"modified":"2026-05-12T09:00:51","modified_gmt":"2026-05-12T12:00:51","slug":"limeira-tera-politica-publica-para-promover-alimentacao-saudavel-e-socialmente-responsavel","status":"publish","type":"post","link":"https:\/\/guialimeira.com.br\/news\/limeira-tera-politica-publica-para-promover-alimentacao-saudavel-e-socialmente-responsavel\/","title":{"rendered":"Limeira ter\u00e1 pol\u00edtica p\u00fablica para promover alimenta\u00e7\u00e3o saud\u00e1vel e socialmente respons\u00e1vel"},"content":{"rendered":"<p>Limeira ter\u00e1 pol\u00edtica p\u00fablica para promover alimenta\u00e7\u00e3o saud\u00e1vel e socialmente respons\u00e1vel<\/p>\n<p>Instituir diretrizes gerais para a pol\u00edtica p\u00fablica de promo\u00e7\u00e3o da alimenta\u00e7\u00e3o sustent\u00e1vel, saud\u00e1vel e socialmente respons\u00e1vel no \u00e2mbito da administra\u00e7\u00e3o p\u00fablica municipal, esse \u00e9 o objetivo do Projeto de Lei N\u00ba 236\/2025, de autoria da vereadora Tatiane Lopes (Avante), aprovado na sess\u00e3o ordin\u00e1ria desta segunda-feira, 11 de maio.<\/p>\n<p>Conforme a proposta, as unidades municipais dever\u00e3o oferecer card\u00e1pio baseado em alimentos sustent\u00e1veis, sazonais e produzidos localmente, com \u00eanfase em prepara\u00e7\u00f5es de origem vegetal pelo menos uma vez na semana. Essas prepara\u00e7\u00f5es observar\u00e3o crit\u00e9rios t\u00e9cnicos de sa\u00fade e nutri\u00e7\u00e3o, assegurando aporte necess\u00e1rio de macro e micronutrientes, conforme as necessidades da faixa et\u00e1ria do p\u00fablico atendido.<\/p>\n<p>As diretrizes estabelecidas no projeto objetivam promover h\u00e1bitos alimentares saud\u00e1veis e sustent\u00e1veis; incentivar o consumo de leguminosas, gr\u00e3os, verduras, frutas, legumes e plantas aliment\u00edcias n\u00e3o convencionais (PANCs); ampliar a diversidade alimentar e reduzir o consumo de alimentos ultraprocessados; contribuir para a preserva\u00e7\u00e3o ambiental, reduzindo o consumo de alimentos de alto impacto ambiental; valorizar e fortalecer a agricultura familiar e de sistemas de produ\u00e7\u00e3o agroecol\u00f3gicos; e fomentar hortas urbanas, comunit\u00e1rias e escolares como instrumentos de educa\u00e7\u00e3o ambiental.<\/p>\n<p>Tamb\u00e9m s\u00e3o objetivos da proposta estimular o aproveitamento integral dos alimentos e a redu\u00e7\u00e3o do desperd\u00edcio; incentivar o resgate e a difus\u00e3o de receitas regionais, sazonais e baseadas em insumos locais; bem como colaborar com a mitiga\u00e7\u00e3o dos desertos alimentares no Munic\u00edpio, ampliando o acesso da popula\u00e7\u00e3o, especialmente em \u00e1reas de maior vulnerabilidade, a alimentos frescos, nutritivos e de qualidade.<\/p>\n<p>Na justificativa, a vereadora destaca que a alimenta\u00e7\u00e3o \u00e9 essencial para a sa\u00fade humana, mas que os atuais padr\u00f5es de consumo contribuem para o aumento de doen\u00e7as cr\u00f4nicas, desperd\u00edcio de alimentos e agravamento de impactos ambientais decorrentes da produ\u00e7\u00e3o e distribui\u00e7\u00e3o de g\u00eaneros aliment\u00edcios.<\/p>\n<p>\u201cDiversos organismos nacionais e internacionais \u2014 como a Organiza\u00e7\u00e3o Mundial da Sa\u00fade, a Organiza\u00e7\u00e3o das Na\u00e7\u00f5es Unidas para Alimenta\u00e7\u00e3o e Agricultura (FAO) e o Minist\u00e9rio da Sa\u00fade do Brasil \u2014 v\u00eam recomendando a ado\u00e7\u00e3o de pol\u00edticas p\u00fablicas orientadas por crit\u00e9rios de sustentabilidade, valoriza\u00e7\u00e3o da produ\u00e7\u00e3o local e diversidade alimentar, como forma de garantir seguran\u00e7a alimentar e nutricional de forma duradoura\u201d, argumentou a autora.<\/p>\n<p>O projeto aprovado segue para aprecia\u00e7\u00e3o do prefeito Murilo F\u00e9lix (Podemos) para san\u00e7\u00e3o ou veto. Se sancionado, ser\u00e1 promulgado e publicado no Jornal Oficial do Munic\u00edpio e passa a ser lei.<\/p>\n<hr>\n<p><em>Fonte: <a href=\"https:\/\/www.limeira.sp.leg.br\/noticias\/view\/2026-05-12_limeira-tera-politica-publica-para-promover-alimentacao-saudavel-e-socialmente-responsavel\" target=\"_blank\" rel=\"noopener\">C\u00e2mara Municipal de Limeira<\/a><\/em><\/p>\n","protected":false},"excerpt":{"rendered":"<p>Limeira ter\u00e1 pol\u00edtica p\u00fablica para promover alimenta\u00e7\u00e3o saud\u00e1vel e socialmente respons\u00e1vel<\/p>\n<p>Instituir diretrizes gerais para a pol\u00edtica p\u00fablica de promo\u00e7\u00e3o da alimenta\u00e7\u00e3o sustent\u00e1vel, saud\u00e1vel e socialmente respons\u00e1vel no \u00e2mbito da administra\u00e7\u00e3o p\u00fablica municipal, esse \u00e9 o objetivo do Projeto de Lei<\/p>\n","protected":false},"author":4,"featured_media":65261,"comment_status":"","ping_status":"open","sticky":false,"template":"","format":"standard","meta":{"_jetpack_newsletter_access":"","_jetpack_dont_email_post_to_subs":false,"_jetpack_newsletter_tier_id":0,"_jetpack_memberships_contains_paywalled_content":false,"_mbp_banners":[],"_jetpack_feature_clip_id":0,"_jetpack_memberships_contains_paid_content":false,"footnotes":"","jetpack_publicize_message":"","jetpack_publicize_feature_enabled":true,"jetpack_social_post_already_shared":true,"jetpack_social_options":{"image_generator_settings":{"template":"highway","default_image_id":0,"font":"","enabled":false},"version":2},"jetpack_post_was_ever_published":false},"categories":[19],"tags":[],"class_list":["post-65262","post","type-post","status-publish","format-standard","has-post-thumbnail","category-politica"],"jetpack_publicize_connections":[],"jetpack-related-posts":[],"jetpack_shortlink":"https:\/\/wp.me\/p7Eq1F-gYC","jetpack_sharing_enabled":true,"jetpack_featured_media_url":"https:\/\/i0.wp.com\/guialimeira.com.br\/news\/wp-content\/uploads\/2026\/05\/noticia-camara-42.jpg?fit=1280%2C640&ssl=1","_links":{"self":[{"href":"https:\/\/guialimeira.com.br\/news\/wp-json\/wp\/v2\/posts\/65262","targetHints":{"allow":["GET"]}}],"collection":[{"href":"https:\/\/guialimeira.com.br\/news\/wp-json\/wp\/v2\/posts"}],"about":[{"href":"https:\/\/guialimeira.com.br\/news\/wp-json\/wp\/v2\/types\/post"}],"author":[{"embeddable":true,"href":"https:\/\/guialimeira.com.br\/news\/wp-json\/wp\/v2\/users\/4"}],"replies":[{"embeddable":true,"href":"https:\/\/guialimeira.com.br\/news\/wp-json\/wp\/v2\/comments?post=65262"}],"version-history":[{"count":0,"href":"https:\/\/guialimeira.com.br\/news\/wp-json\/wp\/v2\/posts\/65262\/revisions"}],"wp:featuredmedia":[{"embeddable":true,"href":"https:\/\/guialimeira.com.br\/news\/wp-json\/wp\/v2\/media\/65261"}],"wp:attachment":[{"href":"https:\/\/guialimeira.com.br\/news\/wp-json\/wp\/v2\/media?parent=65262"}],"wp:term":[{"taxonomy":"category","embeddable":true,"href":"https:\/\/guialimeira.com.br\/news\/wp-json\/wp\/v2\/categories?post=65262"},{"taxonomy":"post_tag","embeddable":true,"href":"https:\/\/guialimeira.com.br\/news\/wp-json\/wp\/v2\/tags?post=65262"}],"curies":[{"name":"wp","href":"https:\/\/api.w.org\/{rel}","templated":true}]}}