{"id":65260,"date":"2026-05-12T08:55:58","date_gmt":"2026-05-12T11:55:58","guid":{"rendered":"https:\/\/guialimeira.com.br\/camara-realiza-audiencia-publica-para-tratar-da-lei-de-diretrizes-orcamentarias\/"},"modified":"2026-05-12T08:55:58","modified_gmt":"2026-05-12T11:55:58","slug":"camara-realiza-audiencia-publica-para-tratar-da-lei-de-diretrizes-orcamentarias","status":"publish","type":"post","link":"https:\/\/guialimeira.com.br\/news\/camara-realiza-audiencia-publica-para-tratar-da-lei-de-diretrizes-orcamentarias\/","title":{"rendered":"C\u00e2mara realiza audi\u00eancia p\u00fablica para tratar da Lei de Diretrizes Or\u00e7ament\u00e1rias"},"content":{"rendered":"<p>C\u00e2mara realiza audi\u00eancia p\u00fablica para tratar da Lei de Diretrizes Or\u00e7ament\u00e1rias<\/p>\n<p>Na pr\u00f3xima quinta-feira, 14 de maio, a C\u00e2mara Municipal de Limeira realiza, a partir das 18h30, uma audi\u00eancia p\u00fablica para discutir o Projeto de Lei N\u00ba 54\/2026, que trata da Lei de Diretrizes Or\u00e7ament\u00e1rias (LDO) para 2027. O evento organizado pela Comiss\u00e3o de Or\u00e7amento e Fiscaliza\u00e7\u00e3o e apresentado pela Prefeitura acontece a partir das 18h30, no Plen\u00e1rio, com transmiss\u00e3o ao vivo pelos canais de comunica\u00e7\u00e3o da C\u00e2mara no YouTube, Facebook e site oficial.<\/p>\n<p>A Lei de Diretrizes Or\u00e7ament\u00e1rias define a previs\u00e3o de receitas e estabelece as prioridades e metas do governo para o ano seguinte, orientando a elabora\u00e7\u00e3o da Lei Or\u00e7ament\u00e1ria Anual (LOA). Do total estimado pelo Executivo (cerca de R$2.466 bilh\u00f5es), 1,55% \u00e9 reservado para emendas impositivas \u2014 ou seja, de execu\u00e7\u00e3o obrigat\u00f3ria por parte da Prefeitura.<\/p>\n<p>Por meio dessas emendas, os vereadores indicam para quais \u00e1reas ou a\u00e7\u00f5es os recursos devem ser direcionados, como sa\u00fade, educa\u00e7\u00e3o, obras ou zeladoria. Metade do valor reservado deve, obrigatoriamente, ser destinado \u00e0 \u00e1rea da sa\u00fade.<\/p>\n<p>Participa\u00e7\u00e3o popular<\/p>\n<p>As audi\u00eancias s\u00e3o abertas ao p\u00fablico e ocorrem no Plen\u00e1rio Vereador Vit\u00f3rio Bortolan, localizado na rua Clarino Peixoto, 280 \u2013 Jardim Maria Buchi Modeneis. Para participar, basta se identificar na portaria e dirigir-se ao bloco F.<\/p>\n<p>Tamb\u00e9m haver\u00e1 transmiss\u00e3o ao vivo pelos canais de comunica\u00e7\u00e3o da C\u00e2mara no YouTube, Facebook e site oficial. Durante as transmiss\u00f5es, ser\u00e1 poss\u00edvel enviar perguntas e coment\u00e1rios aos vereadores por meio das ferramentas interativas das plataformas.<\/p>\n<p>Servi\u00e7o<\/p>\n<p>O que: audi\u00eancia p\u00fablica para discutir a proposta da Lei de Diretrizes Or\u00e7ament\u00e1rias (LDO) para 2027<\/p>\n<p>Quando: quinta-feira, 14 de maio, a partir das 18h30<\/p>\n<p>Onde: Plen\u00e1rio Vereador Vit\u00f3rio Bortolan &#8211; C\u00e2mara Municipal de Limeira (rua Clarino Peixoto, 280 \u2013 Jardim Maria Buchi Modeneis)<\/p>\n<hr>\n<p><em>Fonte: <a href=\"https:\/\/www.limeira.sp.leg.br\/noticias\/view\/2026-05-12_camara-realiza-audiencia-publica-para-tratar-da-lei-de-diretrizes-orcamentarias\" target=\"_blank\" rel=\"noopener\">C\u00e2mara Municipal de Limeira<\/a><\/em><\/p>\n","protected":false},"excerpt":{"rendered":"<p>C\u00e2mara realiza audi\u00eancia p\u00fablica para tratar da Lei de Diretrizes Or\u00e7ament\u00e1rias<\/p>\n<p>Na pr\u00f3xima quinta-feira, 14 de maio, a C\u00e2mara Municipal de Limeira realiza, a partir das 18h30, uma audi\u00eancia p\u00fablica para discutir o Projeto de Lei N\u00ba 54\/2026, que trata da Lei de Diretrizes Or\u00e7ament\u00e1rias (LDO) para 20<\/p>\n","protected":false},"author":4,"featured_media":65259,"comment_status":"","ping_status":"open","sticky":false,"template":"","format":"standard","meta":{"_jetpack_newsletter_access":"","_jetpack_dont_email_post_to_subs":false,"_jetpack_newsletter_tier_id":0,"_jetpack_memberships_contains_paywalled_content":false,"_mbp_banners":[],"_jetpack_feature_clip_id":0,"_jetpack_memberships_contains_paid_content":false,"footnotes":"","jetpack_publicize_message":"","jetpack_publicize_feature_enabled":true,"jetpack_social_post_already_shared":true,"jetpack_social_options":{"image_generator_settings":{"template":"highway","default_image_id":0,"font":"","enabled":false},"version":2},"jetpack_post_was_ever_published":false},"categories":[19],"tags":[],"class_list":["post-65260","post","type-post","status-publish","format-standard","has-post-thumbnail","category-politica"],"jetpack_publicize_connections":[],"jetpack-related-posts":[],"jetpack_shortlink":"https:\/\/wp.me\/p7Eq1F-gYA","jetpack_sharing_enabled":true,"jetpack_featured_media_url":"https:\/\/i0.wp.com\/guialimeira.com.br\/news\/wp-content\/uploads\/2026\/05\/noticia-camara-41.jpg?fit=1280%2C640&ssl=1","_links":{"self":[{"href":"https:\/\/guialimeira.com.br\/news\/wp-json\/wp\/v2\/posts\/65260","targetHints":{"allow":["GET"]}}],"collection":[{"href":"https:\/\/guialimeira.com.br\/news\/wp-json\/wp\/v2\/posts"}],"about":[{"href":"https:\/\/guialimeira.com.br\/news\/wp-json\/wp\/v2\/types\/post"}],"author":[{"embeddable":true,"href":"https:\/\/guialimeira.com.br\/news\/wp-json\/wp\/v2\/users\/4"}],"replies":[{"embeddable":true,"href":"https:\/\/guialimeira.com.br\/news\/wp-json\/wp\/v2\/comments?post=65260"}],"version-history":[{"count":0,"href":"https:\/\/guialimeira.com.br\/news\/wp-json\/wp\/v2\/posts\/65260\/revisions"}],"wp:featuredmedia":[{"embeddable":true,"href":"https:\/\/guialimeira.com.br\/news\/wp-json\/wp\/v2\/media\/65259"}],"wp:attachment":[{"href":"https:\/\/guialimeira.com.br\/news\/wp-json\/wp\/v2\/media?parent=65260"}],"wp:term":[{"taxonomy":"category","embeddable":true,"href":"https:\/\/guialimeira.com.br\/news\/wp-json\/wp\/v2\/categories?post=65260"},{"taxonomy":"post_tag","embeddable":true,"href":"https:\/\/guialimeira.com.br\/news\/wp-json\/wp\/v2\/tags?post=65260"}],"curies":[{"name":"wp","href":"https:\/\/api.w.org\/{rel}","templated":true}]}}