{"id":6526,"date":"2024-05-27T11:01:02","date_gmt":"2024-05-27T14:01:02","guid":{"rendered":"https:\/\/guialimeira.com.br\/2024\/05\/27\/centro-de-treinamento-paralimpico-brasileiro-celebra-8-anos-de-funcionamento\/"},"modified":"2024-05-27T11:01:02","modified_gmt":"2024-05-27T14:01:02","slug":"centro-de-treinamento-paralimpico-brasileiro-celebra-8-anos-de-funcionamento","status":"publish","type":"post","link":"https:\/\/guialimeira.com.br\/news\/centro-de-treinamento-paralimpico-brasileiro-celebra-8-anos-de-funcionamento\/","title":{"rendered":"Centro de Treinamento Paral\u00edmpico Brasileiro celebra 8 anos de funcionamento"},"content":{"rendered":"<p> <br \/>\n<\/p>\n<div id=\"\">&#13;<br \/>\n                                <!-- Title -->&#13;<br \/>\n                                &#13;<br \/>\n&#13;<br \/>\n                                <!-- Excerpt -->&#13;<\/p>\n<p class=\"excerpt\">Al\u00e9m de ser a casa do Time S\u00e3o Paulo Paral\u00edmpico, o espa\u00e7o \u00e9 refer\u00eancia internacional em paradesporto &#13;\n<\/p>\n<p>&#13;<br \/>\n&#13;<br \/>\n                                &#13;\n                            <\/p><\/div>\n<div id=\"\">&#13;<\/p>\n<figure id=\"attachment_5890733\" style=\"width: 100%;max-width: 773px\" class=\"wp-caption alignnone\"><img data-recalc-dims=\"1\" decoding=\"async\" loading=\"lazy\" class=\" wp-image-5890733\" src=\"https:\/\/i0.wp.com\/www.saopaulo.sp.gov.br\/wp-content\/uploads\/2024\/05\/52438904167_66b4d2b86e_o-300x200-1.jpg?resize=696%2C465&#038;ssl=1\" alt=\"\" width=\"696\" height=\"465\"\/><figcaption class=\"wp-caption-text\">O Centro de Treinamento Paral\u00edmpico Brasileiro \u00e9 a casa da equipe do Time S\u00e3o Paulo<\/figcaption><\/figure>\n<p>Faltando menos de cem dias para a abertura dos Jogos Paral\u00edmpicos de Paris, a Secretaria de Estado dos Direitos da Pessoa com Defici\u00eancia (SEDPcD) celebra mais um ano do Centro de Treinamento Paral\u00edmpico Brasileiro (CTPB). Nestes oito anos de exist\u00eancia, o complexo mundialmente reconhecido por sua estrutura moderna tem m\u00e9dia anual de mais de 13,7 mil atletas para disputa de competi\u00e7\u00f5es, mais de 5,1 mil que utilizam o espa\u00e7o do CT para treinamento, al\u00e9m de receber mais de 8,8 mil visitas e 240 eventos.<\/p>\n<p>Inaugurado em maio de 2016, o CTPB est\u00e1 em uma \u00e1rea de 140 mil m\u00b2 na zona sul da capital paulista. Com investimento de R$ 264,272 milh\u00f5es, o espa\u00e7o \u00e9 fruto da parceria entre o Governo de SP, por meio da Secretaria de Estado dos Direitos da Pessoa com Defici\u00eancia, e o Governo Federal, por meio do Minist\u00e9rio do Esporte.<\/p>\n<p>Para o secret\u00e1rio dos Direitos da Pessoa com Defici\u00eancia, Marcos da Costa, o espa\u00e7o \u00e9 motivo de orgulho. \u201cOito anos atr\u00e1s, quando este espa\u00e7o foi lan\u00e7ado, falava-se da ousada expectativa em ser o maior centro paradesportivo da Am\u00e9rica Latina. Hoje, vemos que o local superou qualquer perspectiva: o mundo inteiro admira e se inspira no Centro de Treinamento Paral\u00edmpico Brasileiro, que potencializa o desempenho dos nossos atletas nas grandes competi\u00e7\u00f5es e com certeza vai receber muitos medalhistas das Paralimp\u00edadas de Paris\u201d, afirma.<\/p>\n<p><strong>LEIA TAMB\u00c9M:<\/strong><a href=\"https:\/\/www.saopaulo.sp.gov.br\/spnoticias\/ultimas-noticias\/centro-paralimpico-de-sp-sera-sede-do-campeonato-mundial-de-rugbi-em-cadeira-de-rodas\/\" target=\"_blank\" rel=\"noopener noreferrer\"> Centro Paral\u00edmpico ser\u00e1 sede da Copa Am\u00e9rica de R\u00fagbi em cadeira de rodas<\/a><\/p>\n<p>O espa\u00e7o \u00e9 um grande revelador de novos atletas, al\u00e9m de desempenhar um papel crucial no fomento e no desenvolvimento de a\u00e7\u00f5es que possam posicionar o pa\u00eds entre as maiores pot\u00eancias esportivas do mundo. Al\u00e9m disso, o CT est\u00e1 aberto para agendamento de visitas e treinos coletivos, mediante solicita\u00e7\u00e3o no site do Comit\u00ea Paral\u00edmpico Brasileiro.<\/p>\n<p>O CT Paral\u00edmpico \u00e9 a casa do esporte paulista e da equipe do Time S\u00e3o Paulo Paral\u00edmpico. Equipe que soma 149 atletas de alto rendimento que levam a bandeira do estado de S\u00e3o Paulo em competi\u00e7\u00f5es nacionais e internacionais. O Governo de SP, por meio da SEDPcD, patrocina os talentos do paradesporto que desempenham um papel fundamental na inclus\u00e3o.<\/p>\n<p>Siga o canal \u201cGoverno de S\u00e3o Paulo\u201d no WhatsApp:<br \/><a href=\"https:\/\/bit.ly\/govspnozap\" target=\"_blank\" rel=\"noopener noreferrer\">https:\/\/bit.ly\/govspnozap<\/a><\/p>\n<\/p><\/div>\n<p><br \/>\n<br \/><a href=\"https:\/\/www.saopaulo.sp.gov.br\/spnoticias\/centro-de-treinamento-paralimpico-brasileiro-celebra-8-anos-de-funcionamento\/\" rel=\"noopener\">Informa\u00e7\u00f5es GOV.SP<\/a><\/p>\n","protected":false},"excerpt":{"rendered":"<p>&#13; &#13; &#13; &#13; &#13; Al\u00e9m de ser a casa do Time S\u00e3o Paulo Paral\u00edmpico, o espa\u00e7o \u00e9 refer\u00eancia internacional em paradesporto &#13; &#13; &#13; &#13; &#13; O Centro de Treinamento Paral\u00edmpico Brasileiro \u00e9 a casa da equipe do Time S\u00e3o Paulo Faltando menos de cem dias para a abertura dos Jogos Paral\u00edmpicos de Paris, [&hellip;]<\/p>\n","protected":false},"author":1,"featured_media":6527,"comment_status":"open","ping_status":"open","sticky":false,"template":"","format":"standard","meta":{"_jetpack_newsletter_access":"","_jetpack_dont_email_post_to_subs":false,"_jetpack_newsletter_tier_id":0,"_jetpack_memberships_contains_paywalled_content":false,"_mbp_banners":[],"_jetpack_feature_clip_id":0,"_jetpack_memberships_contains_paid_content":false,"footnotes":"","jetpack_publicize_message":"","jetpack_publicize_feature_enabled":true,"jetpack_social_post_already_shared":true,"jetpack_social_options":{"image_generator_settings":{"template":"highway","default_image_id":0,"font":"","enabled":false},"version":2},"jetpack_post_was_ever_published":false},"categories":[21],"tags":[],"class_list":["post-6526","post","type-post","status-publish","format-standard","has-post-thumbnail","category-sp-news"],"jetpack_publicize_connections":[],"jetpack-related-posts":[],"jetpack_shortlink":"https:\/\/wp.me\/p7Eq1F-1Hg","jetpack_sharing_enabled":true,"jetpack_featured_media_url":"https:\/\/i0.wp.com\/guialimeira.com.br\/news\/wp-content\/uploads\/2024\/05\/Centro-de-Treinamento-Paralimpico-Brasileiro-celebra-8-anos-de-funcionamento.jpg?fit=300%2C200&ssl=1","_links":{"self":[{"href":"https:\/\/guialimeira.com.br\/news\/wp-json\/wp\/v2\/posts\/6526","targetHints":{"allow":["GET"]}}],"collection":[{"href":"https:\/\/guialimeira.com.br\/news\/wp-json\/wp\/v2\/posts"}],"about":[{"href":"https:\/\/guialimeira.com.br\/news\/wp-json\/wp\/v2\/types\/post"}],"author":[{"embeddable":true,"href":"https:\/\/guialimeira.com.br\/news\/wp-json\/wp\/v2\/users\/1"}],"replies":[{"embeddable":true,"href":"https:\/\/guialimeira.com.br\/news\/wp-json\/wp\/v2\/comments?post=6526"}],"version-history":[{"count":0,"href":"https:\/\/guialimeira.com.br\/news\/wp-json\/wp\/v2\/posts\/6526\/revisions"}],"wp:featuredmedia":[{"embeddable":true,"href":"https:\/\/guialimeira.com.br\/news\/wp-json\/wp\/v2\/media\/6527"}],"wp:attachment":[{"href":"https:\/\/guialimeira.com.br\/news\/wp-json\/wp\/v2\/media?parent=6526"}],"wp:term":[{"taxonomy":"category","embeddable":true,"href":"https:\/\/guialimeira.com.br\/news\/wp-json\/wp\/v2\/categories?post=6526"},{"taxonomy":"post_tag","embeddable":true,"href":"https:\/\/guialimeira.com.br\/news\/wp-json\/wp\/v2\/tags?post=6526"}],"curies":[{"name":"wp","href":"https:\/\/api.w.org\/{rel}","templated":true}]}}