{"id":65256,"date":"2026-05-12T08:45:54","date_gmt":"2026-05-12T11:45:54","guid":{"rendered":"https:\/\/guialimeira.com.br\/titulo-de-cidada-limeirense-sera-entregue-a-cristiana-de-castro-moraes\/"},"modified":"2026-05-12T08:45:54","modified_gmt":"2026-05-12T11:45:54","slug":"titulo-de-cidada-limeirense-sera-entregue-a-cristiana-de-castro-moraes","status":"publish","type":"post","link":"https:\/\/guialimeira.com.br\/news\/titulo-de-cidada-limeirense-sera-entregue-a-cristiana-de-castro-moraes\/","title":{"rendered":"T\u00edtulo de Cidad\u00e3 Limeirense ser\u00e1 entregue a Cristiana de Castro Moraes"},"content":{"rendered":"<p>T\u00edtulo de Cidad\u00e3 Limeirense ser\u00e1 entregue a Cristiana de Castro Moraes<\/p>\n<p>Uma homenagem a Cristiana de Castro Moraes, conselheira e presidente do Tribunal de Contas do Estado de S\u00e3o Paulo, foi aprovada na sess\u00e3o ordin\u00e1ria desta segunda-feira, 11 de maio, por meio do Projeto de Decreto Legislativo N\u00ba 8\/2026, do vereador Guilherme Guido (PL), que concede o T\u00edtulo de Cidad\u00e3 Limeirense.<\/p>\n<p>Por meio da homenagem, os parlamentares reconhecem os servi\u00e7os prestados \u00e0 administra\u00e7\u00e3o p\u00fablica e ao fortalecimento das institui\u00e7\u00f5es de controle e fiscaliza\u00e7\u00e3o da gest\u00e3o p\u00fablica, contribuindo para o desenvolvimento institucional e para o aprimoramento das pol\u00edticas p\u00fablicas que impactam diretamente os munic\u00edpios paulistas, entre eles Limeira.<\/p>\n<p>Cristiana de Castro Moraes \u00e9 mestre em administra\u00e7\u00e3o de empresas pela Universidade Federal do Rio Grande do Sul (UFRGS), al\u00e9m de possuir diversas especializa\u00e7\u00f5es, entre elas p\u00f3s-gradua\u00e7\u00e3o em direito penal pela Universidade Cat\u00f3lica Dom Bosco (UCDB), p\u00f3s-gradua\u00e7\u00e3o em direito p\u00fablico pelo Centro Universit\u00e1rio Salesiano de S\u00e3o Paulo (UNISAL) e em contabilidade \u2013 controle externo pela Universidade Federal do Esp\u00edrito Santo (UFES).<\/p>\n<p>Tamb\u00e9m \u00e9 bacharel em direito pela Universidade Federal do Esp\u00edrito Santo (UFES) e bacharel em administra\u00e7\u00e3o de empresas pela Universidade Federal de Vi\u00e7osa (UFV), forma\u00e7\u00f5es que consolidaram a trajet\u00f3ria profissional voltada ao servi\u00e7o p\u00fablico, \u00e0 fiscaliza\u00e7\u00e3o da gest\u00e3o administrativa e ao fortalecimento da responsabilidade fiscal, segundo o autor.<\/p>\n<p>Atua\u00e7\u00e3o e carreira<\/p>\n<p>Atualmente Cristina exerce o cargo de conselheira do Tribunal de Contas do Estado de S\u00e3o Paulo (TCESP), fun\u00e7\u00e3o que ocupa desde 23 de abril de 2012, ap\u00f3s atuar como auditora do mesmo Tribunal entre 2011 e 2012. Tamb\u00e9m j\u00e1 exerceu o cargo de vice-presidente do Tribunal de Contas, vice-presidente de Rela\u00e7\u00f5es Institucionais do Instituto Rui Barbosa (IRB), presidente do Comit\u00ea T\u00e9cnico de Avalia\u00e7\u00e3o de Indicadores de Gest\u00e3o P\u00fablica \u2013 (IEGE\/IEGM), vice-presidente de desenvolvimento e pol\u00edticas p\u00fablicas e atualmente ocupa o cargo de vice-presidente de auditoria.<\/p>\n<p>De acordo com o autor, a atua\u00e7\u00e3o da homenageada no Tribunal de Contas do Estado de S\u00e3o Paulo vai al\u00e9m da an\u00e1lise t\u00e9cnica das contas p\u00fablicas, refletindo diretamente em \u00e1reas essenciais para a popula\u00e7\u00e3o, como a qualidade da alimenta\u00e7\u00e3o escolar, a adequada estrutura das unidades de ensino, a correta destina\u00e7\u00e3o e aplica\u00e7\u00e3o dos recursos p\u00fablicos, bem como a aten\u00e7\u00e3o \u00e0s pol\u00edticas p\u00fablicas voltadas \u00e0s crian\u00e7as e \u00e0s mulheres.<\/p>\n<p>Nesse contexto, conforme ressaltou Guido, o trabalho dela impacta diretamente os 645 munic\u00edpios paulistas, acompanhando de forma rigorosa e respons\u00e1vel a gest\u00e3o p\u00fablica em todo o Estado, o que a coloca como uma das personalidades mais relevantes do pa\u00eds na \u00e1rea de controle externo e fiscaliza\u00e7\u00e3o.<\/p>\n<p>\u201cAo longo de sua carreira, a homenageada tem se destacado pelo compromisso com a \u00e9tica, a transpar\u00eancia, a responsabilidade na gest\u00e3o p\u00fablica e o fortalecimento das institui\u00e7\u00f5es democr\u00e1ticas, valores fundamentais para o desenvolvimento dos munic\u00edpios paulistas e para a boa aplica\u00e7\u00e3o dos recursos p\u00fablicos em benef\u00edcio da popula\u00e7\u00e3o\u201d,\u00a0 declarou o vereador na justificativa.<\/p>\n<hr>\n<p><em>Fonte: <a href=\"https:\/\/www.limeira.sp.leg.br\/noticias\/view\/2026-05-12_titulo-de-cidada-limeirense-sera-entregue-a-cristiana-de-castro-moraes\" target=\"_blank\" rel=\"noopener\">C\u00e2mara Municipal de Limeira<\/a><\/em><\/p>\n","protected":false},"excerpt":{"rendered":"<p>T\u00edtulo de Cidad\u00e3 Limeirense ser\u00e1 entregue a Cristiana de Castro Moraes<\/p>\n<p>Uma homenagem a Cristiana de Castro Moraes, conselheira e presidente do Tribunal de Contas do Estado de S\u00e3o Paulo, foi aprovada na sess\u00e3o ordin\u00e1ria desta segunda-feira, 11 de maio, por meio do Projeto de Decreto Legislativo N\u00ba 8<\/p>\n","protected":false},"author":4,"featured_media":65255,"comment_status":"","ping_status":"open","sticky":false,"template":"","format":"standard","meta":{"_jetpack_newsletter_access":"","_jetpack_dont_email_post_to_subs":false,"_jetpack_newsletter_tier_id":0,"_jetpack_memberships_contains_paywalled_content":false,"_mbp_banners":[],"_jetpack_feature_clip_id":0,"_jetpack_memberships_contains_paid_content":false,"footnotes":"","jetpack_publicize_message":"","jetpack_publicize_feature_enabled":true,"jetpack_social_post_already_shared":true,"jetpack_social_options":{"image_generator_settings":{"template":"highway","default_image_id":0,"font":"","enabled":false},"version":2},"jetpack_post_was_ever_published":false},"categories":[19],"tags":[],"class_list":["post-65256","post","type-post","status-publish","format-standard","has-post-thumbnail","category-politica"],"jetpack_publicize_connections":[],"jetpack-related-posts":[],"jetpack_shortlink":"https:\/\/wp.me\/p7Eq1F-gYw","jetpack_sharing_enabled":true,"jetpack_featured_media_url":"https:\/\/i0.wp.com\/guialimeira.com.br\/news\/wp-content\/uploads\/2026\/05\/noticia-camara-39.jpg?fit=1280%2C640&ssl=1","_links":{"self":[{"href":"https:\/\/guialimeira.com.br\/news\/wp-json\/wp\/v2\/posts\/65256","targetHints":{"allow":["GET"]}}],"collection":[{"href":"https:\/\/guialimeira.com.br\/news\/wp-json\/wp\/v2\/posts"}],"about":[{"href":"https:\/\/guialimeira.com.br\/news\/wp-json\/wp\/v2\/types\/post"}],"author":[{"embeddable":true,"href":"https:\/\/guialimeira.com.br\/news\/wp-json\/wp\/v2\/users\/4"}],"replies":[{"embeddable":true,"href":"https:\/\/guialimeira.com.br\/news\/wp-json\/wp\/v2\/comments?post=65256"}],"version-history":[{"count":0,"href":"https:\/\/guialimeira.com.br\/news\/wp-json\/wp\/v2\/posts\/65256\/revisions"}],"wp:featuredmedia":[{"embeddable":true,"href":"https:\/\/guialimeira.com.br\/news\/wp-json\/wp\/v2\/media\/65255"}],"wp:attachment":[{"href":"https:\/\/guialimeira.com.br\/news\/wp-json\/wp\/v2\/media?parent=65256"}],"wp:term":[{"taxonomy":"category","embeddable":true,"href":"https:\/\/guialimeira.com.br\/news\/wp-json\/wp\/v2\/categories?post=65256"},{"taxonomy":"post_tag","embeddable":true,"href":"https:\/\/guialimeira.com.br\/news\/wp-json\/wp\/v2\/tags?post=65256"}],"curies":[{"name":"wp","href":"https:\/\/api.w.org\/{rel}","templated":true}]}}