{"id":6522,"date":"2024-05-27T08:58:54","date_gmt":"2024-05-27T11:58:54","guid":{"rendered":"https:\/\/guialimeira.com.br\/2024\/05\/27\/vestibulinho-das-etecs-do-segundo-semestre-veja-dicas-para-nao-perder-a-prova\/"},"modified":"2024-05-27T08:58:54","modified_gmt":"2024-05-27T11:58:54","slug":"vestibulinho-das-etecs-do-segundo-semestre-veja-dicas-para-nao-perder-a-prova","status":"publish","type":"post","link":"https:\/\/guialimeira.com.br\/news\/vestibulinho-das-etecs-do-segundo-semestre-veja-dicas-para-nao-perder-a-prova\/","title":{"rendered":"Vestibulinho das Etecs do segundo semestre: veja dicas para n\u00e3o perder a prova"},"content":{"rendered":"<p> <br \/>\n<\/p>\n<div id=\"\">&#13;<br \/>\n                                <!-- Title -->&#13;<br \/>\n                                &#13;<br \/>\n&#13;<br \/>\n                                <!-- Excerpt -->&#13;<\/p>\n<p class=\"excerpt\">Candidatos ter\u00e3o quatro horas para realizar exame; avalia\u00e7\u00e3o ser\u00e1 realizada no dia 9 de junho em todo o estado de S\u00e3o Paulo<\/p>\n<p>&#13;<br \/>\n&#13;<br \/>\n                                &#13;\n                            <\/p><\/div>\n<div id=\"\">&#13;<\/p>\n<figure id=\"attachment_5890708\" style=\"width: 100%;max-width: 1600px\" class=\"wp-caption alignnone\"><img data-recalc-dims=\"1\" decoding=\"async\" loading=\"lazy\" class=\"size-full wp-image-5890708\" src=\"https:\/\/i0.wp.com\/www.saopaulo.sp.gov.br\/wp-content\/uploads\/2024\/05\/WhatsApp-Image-2024-05-24-at-15.02.04.jpeg?resize=696%2C463&#038;ssl=1\" alt=\"\" width=\"696\" height=\"463\" srcset=\"https:\/\/www.saopaulo.sp.gov.br\/wp-content\/uploads\/2024\/05\/WhatsApp-Image-2024-05-24-at-15.02.04.jpeg 1600w, https:\/\/www.saopaulo.sp.gov.br\/wp-content\/uploads\/2024\/05\/WhatsApp-Image-2024-05-24-at-15.02.04-300x200.jpeg 300w, https:\/\/www.saopaulo.sp.gov.br\/wp-content\/uploads\/2024\/05\/WhatsApp-Image-2024-05-24-at-15.02.04-1024x681.jpeg 1024w, https:\/\/www.saopaulo.sp.gov.br\/wp-content\/uploads\/2024\/05\/WhatsApp-Image-2024-05-24-at-15.02.04-768x511.jpeg 768w, https:\/\/www.saopaulo.sp.gov.br\/wp-content\/uploads\/2024\/05\/WhatsApp-Image-2024-05-24-at-15.02.04-1536x1021.jpeg 1536w\" sizes=\"auto, (max-width: 1600px) 100vw, 1600px\"\/><figcaption class=\"wp-caption-text\">Exame do Vestibulinho das Etecs come\u00e7a \u00e0s 13h30 e ter\u00e1 dura\u00e7\u00e3o m\u00e1xima de quatro horas<\/figcaption><\/figure>\n<p>A prova do Vestibulinho das Escolas T\u00e9cnicas Estaduais (Etecs) para o segundo semestre ser\u00e1 aplicada no dia 9 de junho, \u00e0s 13h30, em unidades de ensino de todo o estado de S\u00e3o Paulo. O exame ter\u00e1 dura\u00e7\u00e3o m\u00e1xima de quatro horas. O gabarito ser\u00e1 divulgado em 12 de junho, a partir das 15h.<\/p>\n<p>No segundo semestre, o processo seletivo das Etecs d\u00e1 acesso a vagas de Ensino T\u00e9cnico, Especializa\u00e7\u00f5es T\u00e9cnicas e vagas remanescentes de segundo m\u00f3dulo. Os candidatos inscritos fazem a prova de acordo com a modalidade do curso escolhido. Conhe\u00e7a os detalhes para cada uma das op\u00e7\u00f5es:<\/p>\n<h3><strong>Cursos t\u00e9cnicos<\/strong><\/h3>\n<p>O exame para cursos t\u00e9cnicos \u00e9 composto por 50 quest\u00f5es-teste, contendo cinco alternativas (A, B, C, D, E) das quais apenas uma resposta \u00e9 a correta. O conhecimento analisado \u00e9 baseado em compet\u00eancias e habilidades previstas na Base Nacional Comum Curricular (BNCC) do Ensino Fundamental II, nas \u00e1reas de Linguagens, Matem\u00e1tica, Ci\u00eancias Humanas e de Ci\u00eancias da Natureza. Cada quest\u00e3o vale um ponto.<\/p>\n<p>Valores e a\u00e7\u00f5es que contribuem para a transforma\u00e7\u00e3o da sociedade, tornando-a mais humana, socialmente justa e voltada para a preserva\u00e7\u00e3o da natureza tamb\u00e9m s\u00e3o avaliados. Ou seja, se foram adquiridos valores e atitudes para resolver demandas complexas da vida cotidiana, do pleno exerc\u00edcio da cidadania e do mundo do trabalho, aplicando a\u00e7\u00f5es de interven\u00e7\u00e3o solid\u00e1ria na realidade.<\/p>\n<h3><strong>Vagas remanescentes do segundo m\u00f3dulo<\/strong><\/h3>\n<p>Para concorrer ao cadastro de reserva para vagas remanescentes do segundo m\u00f3dulo, o candidato far\u00e1 uma prova com 30 quest\u00f5es-teste, cada uma com cinco alternativas relacionadas \u00e0s compet\u00eancias profissionais do primeiro m\u00f3dulo da habilita\u00e7\u00e3o escolhida. Cada quest\u00e3o vale um ponto.<\/p>\n<h3><strong>Especializa\u00e7\u00e3o T\u00e9cnica<\/strong><\/h3>\n<p>A prova para cursos de Especializa\u00e7\u00e3o T\u00e9cnica ser\u00e1 composta de 30 quest\u00f5es objetivas, cada uma com cinco alternativas relacionadas \u00e0s compet\u00eancias espec\u00edficas de aprendizagem na habilita\u00e7\u00e3o t\u00e9cnica da forma\u00e7\u00e3o do candidato. A exce\u00e7\u00e3o \u00e9 para o curso de Gest\u00e3o de Projetos \u2013 online, que ter\u00e1 15 quest\u00f5es de m\u00faltipla escolha relacionadas \u00e0s compet\u00eancias de L\u00edngua Portuguesa, Literatura, Comunica\u00e7\u00e3o e Trabalho, e outras 15 relacionadas \u00e0s compet\u00eancias de Matem\u00e1tica do Ensino M\u00e9dio. Cada quest\u00e3o vale um ponto.<\/p>\n<h3><strong>Dia de prova<\/strong><\/h3>\n<p>No dia do exame \u00e9 recomendado que o candidato mantenha a calma, revise as instru\u00e7\u00f5es para fazer o exame com tranquilidade e chegue com uma hora de anteced\u00eancia ao local, para evitar imprevistos. Outras orienta\u00e7\u00f5es importantes:<\/p>\n<ul>\n<li>Lembre-se de conferir o local do exame no site, no menu \u00c1rea do Candidato \u2013 a partir das 15h do dia 5 de junho;<\/li>\n<li>Os port\u00f5es da escola ser\u00e3o abert\u00f5es \u00e0s 12h30 e fechados \u00e0s 13h30, pontualmente. Ap\u00f3s esse hor\u00e1rio, n\u00e3o ser\u00e1 permitida a entrada de nenhum candidato;<\/li>\n<li>Depois do in\u00edcio da prova, \u00e0s 13h30, \u00e9 preciso permanecer na sala at\u00e9, no m\u00ednimo, \u00e0s 15h30. Ap\u00f3s esse hor\u00e1rio ser\u00e1 poss\u00edvel deixar o local e levar o caderno de quest\u00f5es;<\/li>\n<li>Para fazer o exame \u00e9 necess\u00e1rio levar uma caneta esferogr\u00e1fica de tinta preta ou azul, l\u00e1pis preto n\u00ba 2, borracha e r\u00e9gua;<\/li>\n<li>\u00c9 indispens\u00e1vel a apresenta\u00e7\u00e3o de um documento de identidade original com foto, em boas condi\u00e7\u00f5es de visibilidade para confer\u00eancia dos dados;<\/li>\n<li>Somente ser\u00e3o aceitos documentos digitais apresentados nos aplicativos oficiais dos respectivos emissores.<\/li>\n<\/ul>\n<p>Vale ressaltar que o n\u00e3o cumprimento das normas que regem o Vestibulinho das Etecs implica em san\u00e7\u00f5es legais e desclassifica o candidato. O detalhamento do processo seletivo est\u00e1 dispon\u00edvel para consulta no\u00a0<a href=\"https:\/\/fatweb.s3.amazonaws.com\/vestibulinhoetec\/documentos\/2SEM-24\/ManualCandidato.pdf?id=202423\" target=\"_blank\" rel=\"noreferrer noopener\">Manual do Candidato<\/a>\u00a0e na\u00a0<a href=\"https:\/\/fatweb.s3.amazonaws.com\/vestibulinhoetec\/documentos\/2SEM-24\/Portaria-CEETEPS-GDS-3898-2024.pdf\" target=\"_blank\" rel=\"noreferrer noopener\">Portaria<\/a>.<\/p>\n<p>Outras informa\u00e7\u00f5es pelos telefones (11) 3471-4071 (Capital e Grande S\u00e3o Paulo) e 0800-772 2829 (demais localidades) ou pela\u00a0<a href=\"https:\/\/www.vestibulinhoetec.com.br\/home\/\" target=\"_blank\" rel=\"noreferrer noopener\">internet<\/a>.<\/p>\n<p>Siga o canal \u201cGoverno de S\u00e3o Paulo\u201d no WhatsApp:<br \/><a href=\"https:\/\/bit.ly\/govspnozap\" target=\"_blank\" rel=\"noopener noreferrer\">https:\/\/bit.ly\/govspnozap<\/a><\/p>\n<\/p><\/div>\n<p><br \/>\n<br \/><a href=\"https:\/\/www.saopaulo.sp.gov.br\/spnoticias\/ultimas-noticias\/veja-orientacoes-para-se-preparar-para-o-vestibulinho-das-etecs\/\" rel=\"noopener\">Informa\u00e7\u00f5es GOV.SP<\/a><\/p>\n","protected":false},"excerpt":{"rendered":"<p>&#13; &#13; &#13; &#13; &#13; Candidatos ter\u00e3o quatro horas para realizar exame; avalia\u00e7\u00e3o ser\u00e1 realizada no dia 9 de junho em todo o estado de S\u00e3o Paulo &#13; &#13; &#13; &#13; Exame do Vestibulinho das Etecs come\u00e7a \u00e0s 13h30 e ter\u00e1 dura\u00e7\u00e3o m\u00e1xima de quatro horas A prova do Vestibulinho das Escolas T\u00e9cnicas Estaduais (Etecs) [&hellip;]<\/p>\n","protected":false},"author":1,"featured_media":6523,"comment_status":"open","ping_status":"open","sticky":false,"template":"","format":"standard","meta":{"_jetpack_newsletter_access":"","_jetpack_dont_email_post_to_subs":false,"_jetpack_newsletter_tier_id":0,"_jetpack_memberships_contains_paywalled_content":false,"_mbp_banners":[],"_jetpack_feature_clip_id":0,"_jetpack_memberships_contains_paid_content":false,"footnotes":"","jetpack_publicize_message":"","jetpack_publicize_feature_enabled":true,"jetpack_social_post_already_shared":true,"jetpack_social_options":{"image_generator_settings":{"template":"highway","default_image_id":0,"font":"","enabled":false},"version":2},"jetpack_post_was_ever_published":false},"categories":[21],"tags":[],"class_list":["post-6522","post","type-post","status-publish","format-standard","has-post-thumbnail","category-sp-news"],"jetpack_publicize_connections":[],"jetpack-related-posts":[],"jetpack_shortlink":"https:\/\/wp.me\/p7Eq1F-1Hc","jetpack_sharing_enabled":true,"jetpack_featured_media_url":"https:\/\/i0.wp.com\/guialimeira.com.br\/news\/wp-content\/uploads\/2024\/05\/Vestibulinho-das-Etecs-do-segundo-semestre-veja-dicas-para-nao.jpeg?fit=1600%2C1064&ssl=1","_links":{"self":[{"href":"https:\/\/guialimeira.com.br\/news\/wp-json\/wp\/v2\/posts\/6522","targetHints":{"allow":["GET"]}}],"collection":[{"href":"https:\/\/guialimeira.com.br\/news\/wp-json\/wp\/v2\/posts"}],"about":[{"href":"https:\/\/guialimeira.com.br\/news\/wp-json\/wp\/v2\/types\/post"}],"author":[{"embeddable":true,"href":"https:\/\/guialimeira.com.br\/news\/wp-json\/wp\/v2\/users\/1"}],"replies":[{"embeddable":true,"href":"https:\/\/guialimeira.com.br\/news\/wp-json\/wp\/v2\/comments?post=6522"}],"version-history":[{"count":0,"href":"https:\/\/guialimeira.com.br\/news\/wp-json\/wp\/v2\/posts\/6522\/revisions"}],"wp:featuredmedia":[{"embeddable":true,"href":"https:\/\/guialimeira.com.br\/news\/wp-json\/wp\/v2\/media\/6523"}],"wp:attachment":[{"href":"https:\/\/guialimeira.com.br\/news\/wp-json\/wp\/v2\/media?parent=6522"}],"wp:term":[{"taxonomy":"category","embeddable":true,"href":"https:\/\/guialimeira.com.br\/news\/wp-json\/wp\/v2\/categories?post=6522"},{"taxonomy":"post_tag","embeddable":true,"href":"https:\/\/guialimeira.com.br\/news\/wp-json\/wp\/v2\/tags?post=6522"}],"curies":[{"name":"wp","href":"https:\/\/api.w.org\/{rel}","templated":true}]}}