{"id":652,"date":"2024-04-01T15:41:43","date_gmt":"2024-04-01T18:41:43","guid":{"rendered":"https:\/\/guialimeira.com.br\/2024\/04\/01\/ex-deputada-foragida-da-justica-e-presa-na-baixada-fluminense\/"},"modified":"2024-04-01T15:41:43","modified_gmt":"2024-04-01T18:41:43","slug":"ex-deputada-foragida-da-justica-e-presa-na-baixada-fluminense","status":"publish","type":"post","link":"https:\/\/guialimeira.com.br\/news\/ex-deputada-foragida-da-justica-e-presa-na-baixada-fluminense\/","title":{"rendered":"Ex-deputada, foragida da Justi\u00e7a,\u00a0\u00e9 presa na Baixada Fluminense"},"content":{"rendered":"<p> <br \/>\n<\/p>\n<div>\n<p>A Pol\u00edcia Federal prendeu, nesta segunda-feira (1\u00ba), a ex-deputada federal Almerinda Filgueiras de Carvalho, que estava foragida da Justi\u00e7a. Segundo a PF, a pris\u00e3o \u00e9 decorrente de investiga\u00e7\u00f5es que remetem ao ano de 2006, \u00e0 Opera\u00e7\u00e3o Sanguessuga, tamb\u00e9m conhecida como M\u00e1fia das Ambul\u00e2ncias, deflagrada para desarticular um grupo criminoso formado por parlamentares e empres\u00e1rios que fraudavam licita\u00e7\u00f5es para aquisi\u00e7\u00e3o de ambul\u00e2ncias em prefeituras de, ao menos, 20 estados.<img data-recalc-dims=\"1\" decoding=\"async\" src=\"https:\/\/i0.wp.com\/agenciabrasil.ebc.com.br\/ebc.png?w=696&#038;ssl=1\" style=\"width:1px; height:1px; display:inline;\"\/><img data-recalc-dims=\"1\" decoding=\"async\" src=\"https:\/\/i0.wp.com\/agenciabrasil.ebc.com.br\/ebc.gif?w=696&#038;ssl=1\" style=\"width:1px; height:1px; display:inline;\"\/><\/p>\n<p>Carvalho, de 72 anos, foi condenada pela pr\u00e1tica dos crimes de corrup\u00e7\u00e3o passiva e lavagem de dinheiro, com pena de nove anos de reclus\u00e3o. A ex-deputada ocupa, atualmente, o cargo de secret\u00e1ria municipal de Assist\u00eancia Social, Direitos Humanos e Igualdade Racial na prefeitura de S\u00e3o Jo\u00e3o de Meriti, na Baixada Fluminense. A pris\u00e3o ocorreu na pr\u00f3pria secretaria, segundo a PF.<\/p>\n<p>Ap\u00f3s a formaliza\u00e7\u00e3o da pris\u00e3o, ela foi levada \u00e0 Delegacia de Pol\u00edcia Federal em Nova Igua\u00e7u para os procedimentos de praxe. De l\u00e1, Carvalho ser\u00e1 encaminhada ao Instituto M\u00e9dico Legal para a realiza\u00e7\u00e3o de exame de corpo de delito, e posteriormente ao sistema prisional do estado, onde permanecer\u00e1 \u00e0 disposi\u00e7\u00e3o da Justi\u00e7a, conforme informou a PF.<\/p>\n<\/p><\/div>\n<p><br \/>\n<br \/><a href=\"https:\/\/agenciabrasil.ebc.com.br\/geral\/noticia\/2024-04\/ex-deputada-foragida-da-justica-e-presa-na-baixada-fluminense\" rel=\"noopener\">Ag\u00eancia Brasil<\/a><\/p>\n","protected":false},"excerpt":{"rendered":"<p>A Pol\u00edcia Federal prendeu, nesta segunda-feira (1\u00ba), a ex-deputada federal Almerinda Filgueiras de Carvalho, que estava foragida da Justi\u00e7a. Segundo a PF, a pris\u00e3o \u00e9 decorrente de investiga\u00e7\u00f5es que remetem ao ano de 2006, \u00e0 Opera\u00e7\u00e3o Sanguessuga, tamb\u00e9m conhecida como M\u00e1fia das Ambul\u00e2ncias, deflagrada para desarticular um grupo criminoso formado por parlamentares e empres\u00e1rios que [&hellip;]<\/p>\n","protected":false},"author":1,"featured_media":653,"comment_status":"open","ping_status":"open","sticky":false,"template":"","format":"standard","meta":{"_jetpack_newsletter_access":"","_jetpack_dont_email_post_to_subs":false,"_jetpack_newsletter_tier_id":0,"_jetpack_memberships_contains_paywalled_content":false,"_mbp_banners":[],"_jetpack_feature_clip_id":0,"_jetpack_memberships_contains_paid_content":false,"footnotes":"","jetpack_publicize_message":"","jetpack_publicize_feature_enabled":true,"jetpack_social_post_already_shared":true,"jetpack_social_options":{"image_generator_settings":{"template":"highway","default_image_id":0,"font":"","enabled":false},"version":2},"jetpack_post_was_ever_published":false},"categories":[1],"tags":[],"class_list":["post-652","post","type-post","status-publish","format-standard","has-post-thumbnail","category-geral"],"jetpack_publicize_connections":[],"jetpack-related-posts":[],"jetpack_shortlink":"https:\/\/wp.me\/p7Eq1F-aw","jetpack_sharing_enabled":true,"jetpack_featured_media_url":"https:\/\/i0.wp.com\/guialimeira.com.br\/news\/wp-content\/uploads\/2024\/04\/raf05208.jpg?fit=1600%2C800&ssl=1","_links":{"self":[{"href":"https:\/\/guialimeira.com.br\/news\/wp-json\/wp\/v2\/posts\/652","targetHints":{"allow":["GET"]}}],"collection":[{"href":"https:\/\/guialimeira.com.br\/news\/wp-json\/wp\/v2\/posts"}],"about":[{"href":"https:\/\/guialimeira.com.br\/news\/wp-json\/wp\/v2\/types\/post"}],"author":[{"embeddable":true,"href":"https:\/\/guialimeira.com.br\/news\/wp-json\/wp\/v2\/users\/1"}],"replies":[{"embeddable":true,"href":"https:\/\/guialimeira.com.br\/news\/wp-json\/wp\/v2\/comments?post=652"}],"version-history":[{"count":0,"href":"https:\/\/guialimeira.com.br\/news\/wp-json\/wp\/v2\/posts\/652\/revisions"}],"wp:featuredmedia":[{"embeddable":true,"href":"https:\/\/guialimeira.com.br\/news\/wp-json\/wp\/v2\/media\/653"}],"wp:attachment":[{"href":"https:\/\/guialimeira.com.br\/news\/wp-json\/wp\/v2\/media?parent=652"}],"wp:term":[{"taxonomy":"category","embeddable":true,"href":"https:\/\/guialimeira.com.br\/news\/wp-json\/wp\/v2\/categories?post=652"},{"taxonomy":"post_tag","embeddable":true,"href":"https:\/\/guialimeira.com.br\/news\/wp-json\/wp\/v2\/tags?post=652"}],"curies":[{"name":"wp","href":"https:\/\/api.w.org\/{rel}","templated":true}]}}