{"id":65169,"date":"2026-05-11T15:40:51","date_gmt":"2026-05-11T18:40:51","guid":{"rendered":"https:\/\/guialimeira.com.br\/procuradoria-especial-da-mulher-participa-do-evento-nenhuma-a-menos\/"},"modified":"2026-05-11T15:40:51","modified_gmt":"2026-05-11T18:40:51","slug":"procuradoria-especial-da-mulher-participa-do-evento-nenhuma-a-menos","status":"publish","type":"post","link":"https:\/\/guialimeira.com.br\/news\/procuradoria-especial-da-mulher-participa-do-evento-nenhuma-a-menos\/","title":{"rendered":"Procuradoria Especial da Mulher participa do evento \u201cNenhuma a Menos\u201d"},"content":{"rendered":"<p>Procuradoria Especial da Mulher participa do evento \u201cNenhuma a Menos\u201d<\/p>\n<p>A Procuradoria Especial da Mulher, juntamente com a C\u00e2mara Municipal de Limeira, apoiou o evento \u201cNenhuma a Menos: Enfrentamento \u00e0 viol\u00eancia com olhar interseccional\u201d, realizado nesta quarta-feira, 6 de maio, no Teatro Nair Bello. O evento foi organizado pela Secretaria de Promo\u00e7\u00e3o Social Municipal (Seprosom) em parceria com o Sesc Piracicaba, e contou com a participa\u00e7\u00e3o da psic\u00f3loga cl\u00ednica e jur\u00eddica da Defensoria P\u00fablica do Estado de S\u00e3o Paulo, Karina Sabedot, que abordou as origens estruturais da viol\u00eancia de g\u00eanero e a necessidade de fortalecer as pol\u00edticas de acolhimento.<\/p>\n<p>Participaram do evento a procuradora especial da Mulher, vereadora Lu Bogo (PL), e as procuradoras adjuntas, a vereadora Isabelly Carvalho (PT) e a vereadora Mara Isa Mattos Silveira (PL). Tamb\u00e9m estiveram presentes representantes de movimentos sociais, entidades, poder p\u00fablico e estudantes.<\/p>\n<p>\u201cAcredito que a busca por pol\u00edticas p\u00fablicas e sociais mais inclusivas \u00e9 a maneira que queremos para uma sociedade mais justa e igualit\u00e1ria. Estamos buscando maneiras de melhor atender, ouvir e acolher as mulheres que precisam de nossa ajuda. A Procuradoria Especial da Mulher est\u00e1 de portas abertas para ouvir e apoiar as mulheres que precisam do nosso aux\u00edlio\u201d, pontuou Lu Bogo.<\/p>\n<p>Na ocasi\u00e3o, Lu Bogo parabenizou a secret\u00e1ria Const\u00e2ncia F\u00e9lix, o Sesc e todos os organizadores pela realiza\u00e7\u00e3o do evento. \u201cObrigada por trazer \u00e0 tona um tema t\u00e3o importante e abrangente. Por mais informa\u00e7\u00e3o e menos medo\u201d, ressaltou.<\/p>\n<p>Estiveram presentes na palestra a primeira-dama, Luciana F\u00e9lix; a presidente do Fundo Social, Carla Kalid; a superintendente do Conselho da Mulher Empreendedora, Maria Regina Calderari; a representante do Movimento Mulher Vive, Gisele Godoi; a defensora p\u00fablica Mariana Figueiredo; a coordenadora de Pol\u00edticas P\u00fablicas para a Mulher, Patr\u00edcia Vieira; e a diretora pedag\u00f3gica de Educa\u00e7\u00e3o, Helenice Guimar\u00e3es.<\/p>\n<p>Do Gabinete Parlamentar \u2013 Vereadora Lu Bogo (PL)<\/p>\n<p>*Fotos do Gabinete Parlamentar<\/p>\n<p>As mat\u00e9rias de origem dos Gabinetes Parlamentares s\u00e3o de inteira\u00a0 responsabilidade dos parlamentares e de suas assessorias. S\u00e3o devidamente assinadas e n\u00e3o refletem, necessariamente, a opini\u00e3o institucional da C\u00e2mara Municipal de Limeira.<\/p>\n<hr>\n<p><em>Fonte: <a href=\"https:\/\/www.limeira.sp.leg.br\/noticias\/view\/2026-05-11_procuradoria-especial-da-mulher-participa-do-evento-nenhuma-a-menos\" target=\"_blank\" rel=\"noopener\">C\u00e2mara Municipal de Limeira<\/a><\/em><\/p>\n","protected":false},"excerpt":{"rendered":"<p>Procuradoria Especial da Mulher participa do evento \u201cNenhuma a Menos\u201d<\/p>\n<p>A Procuradoria Especial da Mulher, juntamente com a C\u00e2mara Municipal de Limeira, apoiou o evento \u201cNenhuma a Menos: Enfrentamento \u00e0 viol\u00eancia com olhar interseccional\u201d, realizado nesta quarta-feira, 6 de maio, no Teatro Nair Bello<\/p>\n","protected":false},"author":4,"featured_media":65168,"comment_status":"","ping_status":"open","sticky":false,"template":"","format":"standard","meta":{"_jetpack_newsletter_access":"","_jetpack_dont_email_post_to_subs":false,"_jetpack_newsletter_tier_id":0,"_jetpack_memberships_contains_paywalled_content":false,"_mbp_banners":[],"_jetpack_feature_clip_id":0,"_jetpack_memberships_contains_paid_content":false,"footnotes":"","jetpack_publicize_message":"","jetpack_publicize_feature_enabled":true,"jetpack_social_post_already_shared":true,"jetpack_social_options":{"image_generator_settings":{"template":"highway","default_image_id":0,"font":"","enabled":false},"version":2},"jetpack_post_was_ever_published":false},"categories":[19],"tags":[],"class_list":["post-65169","post","type-post","status-publish","format-standard","has-post-thumbnail","category-politica"],"jetpack_publicize_connections":[],"jetpack-related-posts":[],"jetpack_shortlink":"https:\/\/wp.me\/p7Eq1F-gX7","jetpack_sharing_enabled":true,"jetpack_featured_media_url":"https:\/\/i0.wp.com\/guialimeira.com.br\/news\/wp-content\/uploads\/2026\/05\/noticia-camara-37.jpg?fit=1280%2C640&ssl=1","_links":{"self":[{"href":"https:\/\/guialimeira.com.br\/news\/wp-json\/wp\/v2\/posts\/65169","targetHints":{"allow":["GET"]}}],"collection":[{"href":"https:\/\/guialimeira.com.br\/news\/wp-json\/wp\/v2\/posts"}],"about":[{"href":"https:\/\/guialimeira.com.br\/news\/wp-json\/wp\/v2\/types\/post"}],"author":[{"embeddable":true,"href":"https:\/\/guialimeira.com.br\/news\/wp-json\/wp\/v2\/users\/4"}],"replies":[{"embeddable":true,"href":"https:\/\/guialimeira.com.br\/news\/wp-json\/wp\/v2\/comments?post=65169"}],"version-history":[{"count":0,"href":"https:\/\/guialimeira.com.br\/news\/wp-json\/wp\/v2\/posts\/65169\/revisions"}],"wp:featuredmedia":[{"embeddable":true,"href":"https:\/\/guialimeira.com.br\/news\/wp-json\/wp\/v2\/media\/65168"}],"wp:attachment":[{"href":"https:\/\/guialimeira.com.br\/news\/wp-json\/wp\/v2\/media?parent=65169"}],"wp:term":[{"taxonomy":"category","embeddable":true,"href":"https:\/\/guialimeira.com.br\/news\/wp-json\/wp\/v2\/categories?post=65169"},{"taxonomy":"post_tag","embeddable":true,"href":"https:\/\/guialimeira.com.br\/news\/wp-json\/wp\/v2\/tags?post=65169"}],"curies":[{"name":"wp","href":"https:\/\/api.w.org\/{rel}","templated":true}]}}