{"id":65167,"date":"2026-05-11T15:35:56","date_gmt":"2026-05-11T18:35:56","guid":{"rendered":"https:\/\/guialimeira.com.br\/isabelly-carvalho-participa-da-entrega-de-nova-ambulancia-do-samu-para-limeira\/"},"modified":"2026-05-11T15:35:56","modified_gmt":"2026-05-11T18:35:56","slug":"isabelly-carvalho-participa-da-entrega-de-nova-ambulancia-do-samu-para-limeira","status":"publish","type":"post","link":"https:\/\/guialimeira.com.br\/news\/isabelly-carvalho-participa-da-entrega-de-nova-ambulancia-do-samu-para-limeira\/","title":{"rendered":"Isabelly Carvalho participa da entrega de nova ambul\u00e2ncia do Samu para Limeira"},"content":{"rendered":"<p>Isabelly Carvalho participa da entrega de nova ambul\u00e2ncia do Samu para Limeira<\/p>\n<p>A vereadora Isabelly Carvalho (PT) participou neste s\u00e1bado, 9 de maio, de um evento organizado pelo Governo Federal em Campinas (SP), para entrega de uma nova ambul\u00e2ncia do Servi\u00e7o de Atendimento M\u00f3vel de Urg\u00eancia (Samu), destinada a Limeira. Segundo a parlamentar, a a\u00e7\u00e3o faz parte do programa \u201cAgora Tem Especialistas \u2013 Caminhos da Sa\u00fade\u201d, que busca ampliar o acesso da popula\u00e7\u00e3o aos servi\u00e7os especializados do Sistema \u00danico de Sa\u00fade (SUS).<\/p>\n<p>Isabelly Carvalho ressaltou que foram entregues 12 micro-\u00f4nibus para o transporte de pacientes do Tratamento Fora de Domic\u00edlio (TFD), 20 ambul\u00e2ncias do Samu e tr\u00eas Unidades Odontol\u00f3gicas M\u00f3veis, beneficiando 32 munic\u00edpios, com um investimento total de R$ 14,4 milh\u00f5es por meio do Novo PAC Sa\u00fade.<\/p>\n<p>O evento contou com a presen\u00e7a do ministro da Sa\u00fade, Alexandre Padilha, que destacou a retomada dos investimentos na sa\u00fade p\u00fablica e na renova\u00e7\u00e3o da frota do Samu em todo o pa\u00eds. Segundo o ministro, desde 2023, o Governo Federal j\u00e1 entregou mais de 3 mil ambul\u00e2ncias para fortalecer o atendimento de urg\u00eancia e emerg\u00eancia.<\/p>\n<p>Para Isabelly Carvalho, a chegada da nova ambul\u00e2ncia representa mais estrutura para o atendimento da popula\u00e7\u00e3o limeirense e refor\u00e7a a import\u00e2ncia dos investimentos federais no SUS. \u201cFortalecer o Samu \u00e9 garantir atendimento mais r\u00e1pido, digno e eficiente para quem mais precisa. Essa entrega representa cuidado com a vida e compromisso com a sa\u00fade p\u00fablica\u201d, destacou a vereadora.<\/p>\n<p>A vereadora disse que a nova ambul\u00e2ncia ir\u00e1 refor\u00e7ar os atendimentos de urg\u00eancia e emerg\u00eancia realizados pelo Samu em Limeira, contribuindo para ampliar a capacidade de resposta do servi\u00e7o e melhorar o atendimento \u00e0 popula\u00e7\u00e3o.<\/p>\n<p>Do Gabinete Parlamentar &#8211; Vereadora Isabelly Carvalho (PT)<\/p>\n<p>*Fotos do Gabinete Parlamentar<\/p>\n<p>As mat\u00e9rias de origem dos Gabinetes Parlamentares s\u00e3o de inteira\u00a0 responsabilidade dos parlamentares e de suas assessorias. S\u00e3o devidamente assinadas e n\u00e3o refletem, necessariamente, a opini\u00e3o institucional da C\u00e2mara Municipal de Limeira.<\/p>\n<hr>\n<p><em>Fonte: <a href=\"https:\/\/www.limeira.sp.leg.br\/noticias\/view\/2026-05-11_isabelly-carvalho-participa-da-entrega-de-nova-ambulancia-do-samu-para-limeira\" target=\"_blank\" rel=\"noopener\">C\u00e2mara Municipal de Limeira<\/a><\/em><\/p>\n","protected":false},"excerpt":{"rendered":"<p>Isabelly Carvalho participa da entrega de nova ambul\u00e2ncia do Samu para Limeira<\/p>\n<p>A vereadora Isabelly Carvalho (PT) participou neste s\u00e1bado, 9 de maio, de um evento organizado pelo Governo Federal em Campinas (SP), para entrega de uma nova ambul\u00e2ncia do Servi\u00e7o de Atendimento M\u00f3vel de Urg\u00eancia (Samu)<\/p>\n","protected":false},"author":4,"featured_media":65166,"comment_status":"","ping_status":"open","sticky":false,"template":"","format":"standard","meta":{"_jetpack_newsletter_access":"","_jetpack_dont_email_post_to_subs":false,"_jetpack_newsletter_tier_id":0,"_jetpack_memberships_contains_paywalled_content":false,"_mbp_banners":[],"_jetpack_feature_clip_id":0,"_jetpack_memberships_contains_paid_content":false,"footnotes":"","jetpack_publicize_message":"","jetpack_publicize_feature_enabled":true,"jetpack_social_post_already_shared":true,"jetpack_social_options":{"image_generator_settings":{"template":"highway","default_image_id":0,"font":"","enabled":false},"version":2},"jetpack_post_was_ever_published":false},"categories":[19],"tags":[],"class_list":["post-65167","post","type-post","status-publish","format-standard","has-post-thumbnail","category-politica"],"jetpack_publicize_connections":[],"jetpack-related-posts":[],"jetpack_shortlink":"https:\/\/wp.me\/p7Eq1F-gX5","jetpack_sharing_enabled":true,"jetpack_featured_media_url":"https:\/\/i0.wp.com\/guialimeira.com.br\/news\/wp-content\/uploads\/2026\/05\/noticia-camara-36.jpg?fit=1280%2C640&ssl=1","_links":{"self":[{"href":"https:\/\/guialimeira.com.br\/news\/wp-json\/wp\/v2\/posts\/65167","targetHints":{"allow":["GET"]}}],"collection":[{"href":"https:\/\/guialimeira.com.br\/news\/wp-json\/wp\/v2\/posts"}],"about":[{"href":"https:\/\/guialimeira.com.br\/news\/wp-json\/wp\/v2\/types\/post"}],"author":[{"embeddable":true,"href":"https:\/\/guialimeira.com.br\/news\/wp-json\/wp\/v2\/users\/4"}],"replies":[{"embeddable":true,"href":"https:\/\/guialimeira.com.br\/news\/wp-json\/wp\/v2\/comments?post=65167"}],"version-history":[{"count":0,"href":"https:\/\/guialimeira.com.br\/news\/wp-json\/wp\/v2\/posts\/65167\/revisions"}],"wp:featuredmedia":[{"embeddable":true,"href":"https:\/\/guialimeira.com.br\/news\/wp-json\/wp\/v2\/media\/65166"}],"wp:attachment":[{"href":"https:\/\/guialimeira.com.br\/news\/wp-json\/wp\/v2\/media?parent=65167"}],"wp:term":[{"taxonomy":"category","embeddable":true,"href":"https:\/\/guialimeira.com.br\/news\/wp-json\/wp\/v2\/categories?post=65167"},{"taxonomy":"post_tag","embeddable":true,"href":"https:\/\/guialimeira.com.br\/news\/wp-json\/wp\/v2\/tags?post=65167"}],"curies":[{"name":"wp","href":"https:\/\/api.w.org\/{rel}","templated":true}]}}