{"id":6512,"date":"2024-05-26T22:46:48","date_gmt":"2024-05-27T01:46:48","guid":{"rendered":"https:\/\/guialimeira.com.br\/2024\/05\/26\/saulo-mineiro-garante-vitoria-do-ceara-na-tela-da-tv-brasil\/"},"modified":"2024-05-26T22:46:48","modified_gmt":"2024-05-27T01:46:48","slug":"saulo-mineiro-garante-vitoria-do-ceara-na-tela-da-tv-brasil","status":"publish","type":"post","link":"https:\/\/guialimeira.com.br\/news\/saulo-mineiro-garante-vitoria-do-ceara-na-tela-da-tv-brasil\/","title":{"rendered":"Saulo Mineiro garante vit\u00f3ria do Cear\u00e1 na tela da TV Brasil"},"content":{"rendered":"<p> <br \/>\n<\/p>\n<div>\n<p>Com gol do atacante Saulo Mineiro nos acr\u00e9scimos, o Cear\u00e1 derrotou a Chapecoense por 2 a 1, na noite deste domingo (26) no Castel\u00e3o, em Fortaleza, em partida da 7\u00aa rodada da S\u00e9rie B do Campeonato Brasileiro que contou com a transmiss\u00e3o da <strong>TV Brasil<\/strong>.<img data-recalc-dims=\"1\" decoding=\"async\" src=\"https:\/\/i0.wp.com\/agenciabrasil.ebc.com.br\/ebc.png?w=696&#038;ssl=1\" style=\"width:1px; height:1px; display:inline;\"\/><img data-recalc-dims=\"1\" decoding=\"async\" src=\"https:\/\/i0.wp.com\/agenciabrasil.ebc.com.br\/ebc.gif?w=696&#038;ssl=1\" style=\"width:1px; height:1px; display:inline;\"\/><\/p>\n<blockquote class=\"twitter-tweet\">\n<p dir=\"ltr\" lang=\"pt\" xml:lang=\"pt\">FIIIIIIIIIIIIMMM DE JOGO E VIT\u00d3RIA DO VOZ\u00c3O!<\/p>\n<p>O Alvinegro vence a Chapecoense de virada com gols de Facundo Barcel\u00f3 e Saulo Mineiro. \u26bd\u26bd<a href=\"https:\/\/twitter.com\/hashtag\/CSCxACF?src=hash&amp;ref_src=twsrc%5Etfw\" rel=\"noopener\">#CSCxACF<\/a> &#8211; 2&#215;1<a href=\"https:\/\/twitter.com\/hashtag\/Brasileir%C3%A3oB2024?src=hash&amp;ref_src=twsrc%5Etfw\" rel=\"noopener\">#Brasileir\u00e3oB2024<\/a> <a href=\"https:\/\/twitter.com\/hashtag\/TodoMundoJogaJunto?src=hash&amp;ref_src=twsrc%5Etfw\" rel=\"noopener\">#TodoMundoJogaJunto<\/a> <a href=\"https:\/\/t.co\/Rl5cphDQLV\">pic.twitter.com\/Rl5cphDQLV<\/a><\/p>\n<p>\u2014 Cear\u00e1 Sporting Club (@CearaSC) <a href=\"https:\/\/twitter.com\/CearaSC\/status\/1794875453003743548?ref_src=twsrc%5Etfw\" rel=\"noopener\">May 26, 2024<\/a><\/p><\/blockquote>\n<p>O triunfo levou o Voz\u00e3o \u00e0 5\u00aa posi\u00e7\u00e3o da classifica\u00e7\u00e3o com 12 pontos conquistados. J\u00e1 o Verd\u00e3o do Oeste permaneceu com nove pontos, na 10\u00aa coloca\u00e7\u00e3o, ap\u00f3s o rev\u00e9s.<\/p>\n<p>Mesmo atuando fora de casa a Chape conseguiu abrir o marcador aos 17 minutos do primeiro tempo, com M\u00e1rio S\u00e9rgio. Por\u00e9m, aos 43 o Cear\u00e1 empatou com Facundo Barcel\u00f3. A igualdade perdurou at\u00e9 os 55 da etapa final, quando Saulo Mineiro cobrou p\u00eanalti com perfei\u00e7\u00e3o para dar n\u00fameros finais ao marcador.<\/p>\n<h2>Vit\u00f3ria do Galo<\/h2>\n<p>A <strong>TV Brasil<\/strong> tamb\u00e9m exibiu neste domingo a vit\u00f3ria de 2 a 0 do Ituano sobre a Ponte Preta. Para o Galo o triunfo constru\u00eddo com gols de W\u00e1lber e de Thonny Anderson representou a sa\u00edda da zona do rebaixamento (alcan\u00e7ando a 14\u00aa posi\u00e7\u00e3o com seis pontos). J\u00e1 a Macaca est\u00e1 uma posi\u00e7\u00e3o abaixo com a mesma pontua\u00e7\u00e3o.<\/p>\n<blockquote class=\"twitter-tweet\">\n<p dir=\"ltr\" lang=\"pt\" xml:lang=\"pt\">Comemora\u00e7\u00e3o de todos pela terceira vit\u00f3ria do Ituano no Novelli J\u00fanior na temporada. Venceu a Ponte Preta por 2&#215;0 e sobe na classifica\u00e7\u00e3o da S\u00e9rie B.<br \/>Fotos: <a href=\"https:\/\/twitter.com\/mschincariol?ref_src=twsrc%5Etfw\" rel=\"noopener\">@mschincariol<\/a> <a href=\"https:\/\/t.co\/LX776s1vUM\">pic.twitter.com\/LX776s1vUM<\/a><\/p>\n<p>\u2014 Ituano Futebol Clube (@ituanooficial) <a href=\"https:\/\/twitter.com\/ituanooficial\/status\/1794839472594456576?ref_src=twsrc%5Etfw\" rel=\"noopener\">May 26, 2024<\/a><\/p><\/blockquote><\/div>\n<p><script async src=\"\/\/platform.twitter.com\/widgets.js\" charset=\"utf-8\"><\/script><br \/>\n<br \/><br \/>\n<br \/><a href=\"https:\/\/agenciabrasil.ebc.com.br\/esportes\/noticia\/2024-05\/saulo-mineiro-garante-vitoria-do-ceara-na-tela-da-tv-brasil\" rel=\"noopener\">Ag\u00eancia Brasil<\/a><\/p>\n","protected":false},"excerpt":{"rendered":"<p>Com gol do atacante Saulo Mineiro nos acr\u00e9scimos, o Cear\u00e1 derrotou a Chapecoense por 2 a 1, na noite deste domingo (26) no Castel\u00e3o, em Fortaleza, em partida da 7\u00aa rodada da S\u00e9rie B do Campeonato Brasileiro que contou com a transmiss\u00e3o da TV Brasil. FIIIIIIIIIIIIMMM DE JOGO E VIT\u00d3RIA DO VOZ\u00c3O! O Alvinegro vence [&hellip;]<\/p>\n","protected":false},"author":1,"featured_media":6513,"comment_status":"open","ping_status":"open","sticky":false,"template":"","format":"standard","meta":{"_jetpack_newsletter_access":"","_jetpack_dont_email_post_to_subs":false,"_jetpack_newsletter_tier_id":0,"_jetpack_memberships_contains_paywalled_content":false,"_mbp_banners":[],"_jetpack_feature_clip_id":0,"_jetpack_memberships_contains_paid_content":false,"footnotes":"","jetpack_publicize_message":"","jetpack_publicize_feature_enabled":true,"jetpack_social_post_already_shared":true,"jetpack_social_options":{"image_generator_settings":{"template":"highway","default_image_id":0,"font":"","enabled":false},"version":2},"jetpack_post_was_ever_published":false},"categories":[23],"tags":[],"class_list":["post-6512","post","type-post","status-publish","format-standard","has-post-thumbnail","category-esportes"],"jetpack_publicize_connections":[],"jetpack-related-posts":[],"jetpack_shortlink":"https:\/\/wp.me\/p7Eq1F-1H2","jetpack_sharing_enabled":true,"jetpack_featured_media_url":"https:\/\/i0.wp.com\/guialimeira.com.br\/news\/wp-content\/uploads\/2024\/05\/0bdbd29f-e812-46da-8528-c8eb6f9ae43a.jpeg?fit=1600%2C800&ssl=1","_links":{"self":[{"href":"https:\/\/guialimeira.com.br\/news\/wp-json\/wp\/v2\/posts\/6512","targetHints":{"allow":["GET"]}}],"collection":[{"href":"https:\/\/guialimeira.com.br\/news\/wp-json\/wp\/v2\/posts"}],"about":[{"href":"https:\/\/guialimeira.com.br\/news\/wp-json\/wp\/v2\/types\/post"}],"author":[{"embeddable":true,"href":"https:\/\/guialimeira.com.br\/news\/wp-json\/wp\/v2\/users\/1"}],"replies":[{"embeddable":true,"href":"https:\/\/guialimeira.com.br\/news\/wp-json\/wp\/v2\/comments?post=6512"}],"version-history":[{"count":0,"href":"https:\/\/guialimeira.com.br\/news\/wp-json\/wp\/v2\/posts\/6512\/revisions"}],"wp:featuredmedia":[{"embeddable":true,"href":"https:\/\/guialimeira.com.br\/news\/wp-json\/wp\/v2\/media\/6513"}],"wp:attachment":[{"href":"https:\/\/guialimeira.com.br\/news\/wp-json\/wp\/v2\/media?parent=6512"}],"wp:term":[{"taxonomy":"category","embeddable":true,"href":"https:\/\/guialimeira.com.br\/news\/wp-json\/wp\/v2\/categories?post=6512"},{"taxonomy":"post_tag","embeddable":true,"href":"https:\/\/guialimeira.com.br\/news\/wp-json\/wp\/v2\/tags?post=6512"}],"curies":[{"name":"wp","href":"https:\/\/api.w.org\/{rel}","templated":true}]}}