{"id":65115,"date":"2026-05-11T09:28:00","date_gmt":"2026-05-11T12:28:00","guid":{"rendered":"https:\/\/guialimeira.com.br\/?p=65115"},"modified":"2026-05-11T09:28:01","modified_gmt":"2026-05-11T12:28:01","slug":"acao-reforca-combate-ao-abuso-e-a-exploracao-sexual-infantil-em-cordeiropolis-prefeitura-municipal-de-cordeiropolis","status":"publish","type":"post","link":"https:\/\/guialimeira.com.br\/news\/acao-reforca-combate-ao-abuso-e-a-exploracao-sexual-infantil-em-cordeiropolis-prefeitura-municipal-de-cordeiropolis\/","title":{"rendered":"A\u00e7\u00e3o refor\u00e7a combate ao abuso e \u00e0 explora\u00e7\u00e3o sexual infantil em Cordeir\u00f3polis \u2013 Prefeitura Municipal de Cordeir\u00f3polis"},"content":{"rendered":"<p> <br \/>\n<\/p>\n<div>\n<p>A Prefeitura de Cordeir\u00f3polis, por meio da Secretaria da Mulher e Desenvolvimento Social, realiza durante o m\u00eas de maio uma s\u00e9rie de a\u00e7\u00f5es de conscientiza\u00e7\u00e3o e preven\u00e7\u00e3o ao abuso e \u00e0 explora\u00e7\u00e3o sexual de crian\u00e7as e adolescentes. A iniciativa integra a campanha \u201cFa\u00e7a Bonito\u201d, movimento existente h\u00e1 mais de 20 anos no Brasil.<\/p>\n<p>Em Cordeir\u00f3polis, a iniciativa promove atividades em escolas e empresas com o objetivo de ampliar a rede de prote\u00e7\u00e3o e conscientiza\u00e7\u00e3o sobre o tema. Na sexta-feira (8), as equipes do Centro de Refer\u00eancia Especializado de Assist\u00eancia Social (Creas) e do Centro de Refer\u00eancia de Assist\u00eancia Social (Cras) realizaram uma palestra na empresa Fundimazza, com informa\u00e7\u00f5es e orienta\u00e7\u00f5es aos colaboradores sobre o tema.<\/p>\n<p>A a\u00e7\u00e3o integra uma parceria com a Secretaria de Desenvolvimento Econ\u00f4mico Sustent\u00e1vel, respons\u00e1vel pela articula\u00e7\u00e3o com empresas do munic\u00edpio. Al\u00e9m da Fundimazza, a empresa Via Campos tamb\u00e9m participa das atividades neste ano.<\/p>\n<p>Paralelamente, a campanha tamb\u00e9m acontece nas escolas municipais, em parceria com a Secretaria de Educa\u00e7\u00e3o. De forma l\u00fadica e adaptada \u00e0 faixa et\u00e1ria dos alunos, estudantes das oficinas socioeducativas de teatro apresentam uma pe\u00e7a com foco na prote\u00e7\u00e3o da inf\u00e2ncia e adolesc\u00eancia e no enfrentamento \u00e0 viol\u00eancia sexual.<\/p>\n<p>\u201cTodo o conte\u00fado apresentado passou por avalia\u00e7\u00e3o das equipes t\u00e9cnicas, gestoras e do Conselho Tutelar, garantindo abordagem adequada ao tema\u201d, explicou a coordenadora do Creas, Giovana Tatajuba. Ela e as equipes do Creas e do Cras coordenam a campanha em Cordeir\u00f3polis.<\/p>\n<p>Segundo Giovana, a campanha \u201cFa\u00e7a Bonito\u201d contribui para a forma\u00e7\u00e3o de uma sociedade mais consciente e protetora. \u201cEstas a\u00e7\u00f5es s\u00e3o fundamentais para a desconstru\u00e7\u00e3o de poss\u00edveis culturas violentas, para a forma\u00e7\u00e3o de uma sociedade protetora e consciente sobre os s\u00e9rios impactos que as viola\u00e7\u00f5es de direitos podem causar na vida das pessoas\u201d, afirmou.<\/p>\n<\/p><\/div>\n<p><br \/>\n<br \/><a href=\"https:\/\/www.cordeiropolis.sp.gov.br\/acao-reforca-combate-ao-abuso-e-a-exploracao-sexual-infantil-em-cordeiropolis\/\" rel=\"noopener\">Informa\u00e7\u00f5es Cordeir\u00f3polis <\/a><\/p>\n","protected":false},"excerpt":{"rendered":"<p>A Prefeitura de Cordeir\u00f3polis, por meio da Secretaria da Mulher e Desenvolvimento Social, realiza durante o m\u00eas de maio uma s\u00e9rie de a\u00e7\u00f5es de conscientiza\u00e7\u00e3o e preven\u00e7\u00e3o ao abuso e \u00e0 explora\u00e7\u00e3o sexual de crian\u00e7as e adolescentes. A iniciativa integra a campanha \u201cFa\u00e7a Bonito\u201d, movimento existente h\u00e1 mais de 20 anos no Brasil. Em Cordeir\u00f3polis, [&hellip;]<\/p>\n","protected":false},"author":1,"featured_media":0,"comment_status":"closed","ping_status":"open","sticky":false,"template":"","format":"standard","meta":{"_jetpack_newsletter_access":"","_jetpack_dont_email_post_to_subs":false,"_jetpack_newsletter_tier_id":0,"_jetpack_memberships_contains_paywalled_content":false,"_mbp_banners":[],"_jetpack_feature_clip_id":0,"_jetpack_memberships_contains_paid_content":false,"footnotes":"","jetpack_publicize_message":"","jetpack_publicize_feature_enabled":true,"jetpack_social_post_already_shared":true,"jetpack_social_options":{"image_generator_settings":{"template":"highway","default_image_id":0,"font":"","enabled":false},"version":2},"jetpack_post_was_ever_published":false},"categories":[20],"tags":[],"class_list":["post-65115","post","type-post","status-publish","format-standard","category-regiao"],"jetpack_publicize_connections":[],"jetpack-related-posts":[],"jetpack_shortlink":"https:\/\/wp.me\/p7Eq1F-gWf","jetpack_sharing_enabled":true,"jetpack_featured_media_url":"","_links":{"self":[{"href":"https:\/\/guialimeira.com.br\/news\/wp-json\/wp\/v2\/posts\/65115","targetHints":{"allow":["GET"]}}],"collection":[{"href":"https:\/\/guialimeira.com.br\/news\/wp-json\/wp\/v2\/posts"}],"about":[{"href":"https:\/\/guialimeira.com.br\/news\/wp-json\/wp\/v2\/types\/post"}],"author":[{"embeddable":true,"href":"https:\/\/guialimeira.com.br\/news\/wp-json\/wp\/v2\/users\/1"}],"replies":[{"embeddable":true,"href":"https:\/\/guialimeira.com.br\/news\/wp-json\/wp\/v2\/comments?post=65115"}],"version-history":[{"count":1,"href":"https:\/\/guialimeira.com.br\/news\/wp-json\/wp\/v2\/posts\/65115\/revisions"}],"predecessor-version":[{"id":65116,"href":"https:\/\/guialimeira.com.br\/news\/wp-json\/wp\/v2\/posts\/65115\/revisions\/65116"}],"wp:attachment":[{"href":"https:\/\/guialimeira.com.br\/news\/wp-json\/wp\/v2\/media?parent=65115"}],"wp:term":[{"taxonomy":"category","embeddable":true,"href":"https:\/\/guialimeira.com.br\/news\/wp-json\/wp\/v2\/categories?post=65115"},{"taxonomy":"post_tag","embeddable":true,"href":"https:\/\/guialimeira.com.br\/news\/wp-json\/wp\/v2\/tags?post=65115"}],"curies":[{"name":"wp","href":"https:\/\/api.w.org\/{rel}","templated":true}]}}