{"id":65076,"date":"2026-05-10T22:07:40","date_gmt":"2026-05-11T01:07:40","guid":{"rendered":"https:\/\/guialimeira.com.br\/?p=65076"},"modified":"2026-05-10T22:07:40","modified_gmt":"2026-05-11T01:07:40","slug":"grupo-mw-presta-homenagem-emocionante-as-maes-neste-dia-das-maes","status":"publish","type":"post","link":"https:\/\/guialimeira.com.br\/news\/grupo-mw-presta-homenagem-emocionante-as-maes-neste-dia-das-maes\/","title":{"rendered":"Grupo MW presta homenagem emocionante \u00e0s m\u00e3es neste Dia das M\u00e3es"},"content":{"rendered":"\n<p class=\"wp-block-paragraph\">Neste Dia das M\u00e3es, o Grupo MW preparou uma homenagem especial dedicada a todas as mulheres que representam amor, for\u00e7a, dedica\u00e7\u00e3o e inspira\u00e7\u00e3o dentro das fam\u00edlias brasileiras.<\/p>\n\n\n\n<p class=\"wp-block-paragraph\">Em nome dos jornalistas <strong>Thiago Michelasi<\/strong> e <strong>Wilker Manoel Soares<\/strong>, a mensagem refor\u00e7a o reconhecimento e a gratid\u00e3o por todas as m\u00e3es que, diariamente, desempenham um papel fundamental na constru\u00e7\u00e3o de hist\u00f3rias, valores e sonhos.<\/p>\n\n\n\n<p class=\"wp-block-paragraph\">\u201cHoje \u00e9 um dia de celebrar o amor mais puro e verdadeiro que existe. Queremos desejar um Feliz Dia das M\u00e3es para todas essas mulheres incr\u00edveis que transformam vidas com carinho, coragem e dedica\u00e7\u00e3o\u201d, destacaram os jornalistas em homenagem divulgada pelo Grupo MW.<\/p>\n\n\n\n<p class=\"wp-block-paragraph\">A data, marcada por emo\u00e7\u00e3o e homenagens em todo o pa\u00eds, tamb\u00e9m serve como momento de reflex\u00e3o sobre a import\u00e2ncia da presen\u00e7a materna na sociedade. Seja atrav\u00e9s do cuidado, da prote\u00e7\u00e3o ou dos ensinamentos di\u00e1rios, as m\u00e3es seguem sendo exemplos de for\u00e7a e supera\u00e7\u00e3o.<\/p>\n\n\n\n<p class=\"wp-block-paragraph\">O Grupo MW aproveitou a ocasi\u00e3o para agradecer todas as m\u00e3es que acompanham os projetos, programas e a\u00e7\u00f5es desenvolvidas pelo grupo, desejando que o amor e a uni\u00e3o estejam presentes em cada lar nesta data t\u00e3o especial.<\/p>\n\n\n\n<p class=\"wp-block-paragraph\">\u201cQue nunca faltem motivos para sorrir, receber carinho e sentir o reconhecimento por tudo o que representam. Feliz Dia das M\u00e3es!\u201d, finalizaram Thiago Michelasi e Wilker Manoel Soares.<\/p>\n","protected":false},"excerpt":{"rendered":"<p>Neste Dia das M\u00e3es, o Grupo MW preparou uma homenagem especial dedicada a todas as mulheres que representam amor, for\u00e7a, dedica\u00e7\u00e3o e inspira\u00e7\u00e3o dentro das fam\u00edlias brasileiras. Em nome dos jornalistas Thiago Michelasi e Wilker Manoel Soares, a mensagem refor\u00e7a o reconhecimento e a gratid\u00e3o por todas as m\u00e3es que, diariamente, desempenham um papel fundamental \u2026<\/p>\n","protected":false},"author":5,"featured_media":65075,"comment_status":"closed","ping_status":"open","sticky":false,"template":"","format":"standard","meta":{"_jetpack_newsletter_access":"","_jetpack_dont_email_post_to_subs":false,"_jetpack_newsletter_tier_id":0,"_jetpack_memberships_contains_paywalled_content":false,"_mbp_banners":[],"_jetpack_feature_clip_id":0,"_jetpack_memberships_contains_paid_content":false,"footnotes":"","jetpack_publicize_message":"","jetpack_publicize_feature_enabled":true,"jetpack_social_post_already_shared":true,"jetpack_social_options":{"image_generator_settings":{"template":"highway","default_image_id":0,"font":"","enabled":false},"version":2},"jetpack_post_was_ever_published":false},"categories":[1],"tags":[],"class_list":["post-65076","post","type-post","status-publish","format-standard","has-post-thumbnail","category-geral"],"jetpack_publicize_connections":[],"jetpack-related-posts":[],"jetpack_shortlink":"https:\/\/wp.me\/p7Eq1F-gVC","jetpack_sharing_enabled":true,"jetpack_featured_media_url":"https:\/\/i0.wp.com\/guialimeira.com.br\/news\/wp-content\/uploads\/2026\/05\/C9885E88-535B-4187-8060-3F02CDF584BB.png?fit=1536%2C1024&ssl=1","_links":{"self":[{"href":"https:\/\/guialimeira.com.br\/news\/wp-json\/wp\/v2\/posts\/65076","targetHints":{"allow":["GET"]}}],"collection":[{"href":"https:\/\/guialimeira.com.br\/news\/wp-json\/wp\/v2\/posts"}],"about":[{"href":"https:\/\/guialimeira.com.br\/news\/wp-json\/wp\/v2\/types\/post"}],"author":[{"embeddable":true,"href":"https:\/\/guialimeira.com.br\/news\/wp-json\/wp\/v2\/users\/5"}],"replies":[{"embeddable":true,"href":"https:\/\/guialimeira.com.br\/news\/wp-json\/wp\/v2\/comments?post=65076"}],"version-history":[{"count":1,"href":"https:\/\/guialimeira.com.br\/news\/wp-json\/wp\/v2\/posts\/65076\/revisions"}],"predecessor-version":[{"id":65077,"href":"https:\/\/guialimeira.com.br\/news\/wp-json\/wp\/v2\/posts\/65076\/revisions\/65077"}],"wp:featuredmedia":[{"embeddable":true,"href":"https:\/\/guialimeira.com.br\/news\/wp-json\/wp\/v2\/media\/65075"}],"wp:attachment":[{"href":"https:\/\/guialimeira.com.br\/news\/wp-json\/wp\/v2\/media?parent=65076"}],"wp:term":[{"taxonomy":"category","embeddable":true,"href":"https:\/\/guialimeira.com.br\/news\/wp-json\/wp\/v2\/categories?post=65076"},{"taxonomy":"post_tag","embeddable":true,"href":"https:\/\/guialimeira.com.br\/news\/wp-json\/wp\/v2\/tags?post=65076"}],"curies":[{"name":"wp","href":"https:\/\/api.w.org\/{rel}","templated":true}]}}