{"id":65033,"date":"2026-05-10T12:11:24","date_gmt":"2026-05-10T15:11:24","guid":{"rendered":"https:\/\/guialimeira.com.br\/?p=65033"},"modified":"2026-05-10T12:11:24","modified_gmt":"2026-05-10T15:11:24","slug":"famosas-vivem-emocao-do-primeiro-dia-das-maes-ao-lado-dos-filhos","status":"publish","type":"post","link":"https:\/\/guialimeira.com.br\/news\/famosas-vivem-emocao-do-primeiro-dia-das-maes-ao-lado-dos-filhos\/","title":{"rendered":"Famosas vivem emo\u00e7\u00e3o do primeiro Dia das M\u00e3es ao lado dos filhos"},"content":{"rendered":"\n<p class=\"wp-block-paragraph\">O Dia das M\u00e3es deste domingo (10\/5) ser\u00e1 inesquec\u00edvel para diversas celebridades que est\u00e3o comemorando a data pela primeira vez ap\u00f3s a chegada dos filhos nos \u00faltimos meses.<\/p>\n\n\n\n<p class=\"wp-block-paragraph\">Entre elas est\u00e1 Ludmilla, que vive a maternidade ao lado da esposa, Brunna Gon\u00e7alves. As duas receberam a pequena Zuri em maio do ano passado e desde ent\u00e3o compartilham momentos especiais da nova rotina em fam\u00edlia.<\/p>\n\n\n\n<p class=\"wp-block-paragraph\">Quem tamb\u00e9m celebra a ocasi\u00e3o pela primeira vez \u00e9 Carol Peixinho. A influenciadora deu \u00e0 luz Bento, primeiro filho com o cantor Thiaguinho, e agora vive uma fase marcada pelas descobertas da maternidade.<\/p>\n\n\n\n<p class=\"wp-block-paragraph\">A influenciadora Niina Secrets tamb\u00e9m ter\u00e1 um domingo especial ao lado da filha Elisa, nascida em outubro de 2025. Desde o nascimento da beb\u00ea, ela tem dividido com os seguidores detalhes da nova rotina como m\u00e3e.<\/p>\n\n\n\n<p class=\"wp-block-paragraph\">J\u00e1 Mari Rios comemora seu primeiro Dia das M\u00e3es com Thales, fruto do relacionamento com Yuri Meirelles.<\/p>\n\n\n\n<p class=\"wp-block-paragraph\">As famosas v\u00eam usando as redes sociais para compartilhar momentos da maternidade e celebrar a nova etapa da vida cercadas de carinho, aprendizados e muito amor.<\/p>\n","protected":false},"excerpt":{"rendered":"<p>O Dia das M\u00e3es deste domingo (10\/5) ser\u00e1 inesquec\u00edvel para diversas celebridades que est\u00e3o comemorando a data pela primeira vez ap\u00f3s a chegada dos filhos nos \u00faltimos meses. Entre elas est\u00e1 Ludmilla, que vive a maternidade ao lado da esposa, Brunna Gon\u00e7alves. As duas receberam a pequena Zuri em maio do ano passado e desde \u2026<\/p>\n","protected":false},"author":5,"featured_media":65032,"comment_status":"closed","ping_status":"open","sticky":false,"template":"","format":"standard","meta":{"_jetpack_newsletter_access":"","_jetpack_dont_email_post_to_subs":false,"_jetpack_newsletter_tier_id":0,"_jetpack_memberships_contains_paywalled_content":false,"_mbp_banners":[],"_jetpack_feature_clip_id":0,"_jetpack_memberships_contains_paid_content":false,"footnotes":"","jetpack_publicize_message":"","jetpack_publicize_feature_enabled":true,"jetpack_social_post_already_shared":true,"jetpack_social_options":{"image_generator_settings":{"template":"highway","default_image_id":0,"font":"","enabled":false},"version":2},"jetpack_post_was_ever_published":false},"categories":[44],"tags":[],"class_list":["post-65033","post","type-post","status-publish","format-standard","has-post-thumbnail","category-famosos"],"jetpack_publicize_connections":[],"jetpack-related-posts":[],"jetpack_shortlink":"https:\/\/wp.me\/p7Eq1F-gUV","jetpack_sharing_enabled":true,"jetpack_featured_media_url":"https:\/\/i0.wp.com\/guialimeira.com.br\/news\/wp-content\/uploads\/2026\/05\/images-1.jpeg?fit=300%2C168&ssl=1","_links":{"self":[{"href":"https:\/\/guialimeira.com.br\/news\/wp-json\/wp\/v2\/posts\/65033","targetHints":{"allow":["GET"]}}],"collection":[{"href":"https:\/\/guialimeira.com.br\/news\/wp-json\/wp\/v2\/posts"}],"about":[{"href":"https:\/\/guialimeira.com.br\/news\/wp-json\/wp\/v2\/types\/post"}],"author":[{"embeddable":true,"href":"https:\/\/guialimeira.com.br\/news\/wp-json\/wp\/v2\/users\/5"}],"replies":[{"embeddable":true,"href":"https:\/\/guialimeira.com.br\/news\/wp-json\/wp\/v2\/comments?post=65033"}],"version-history":[{"count":1,"href":"https:\/\/guialimeira.com.br\/news\/wp-json\/wp\/v2\/posts\/65033\/revisions"}],"predecessor-version":[{"id":65034,"href":"https:\/\/guialimeira.com.br\/news\/wp-json\/wp\/v2\/posts\/65033\/revisions\/65034"}],"wp:featuredmedia":[{"embeddable":true,"href":"https:\/\/guialimeira.com.br\/news\/wp-json\/wp\/v2\/media\/65032"}],"wp:attachment":[{"href":"https:\/\/guialimeira.com.br\/news\/wp-json\/wp\/v2\/media?parent=65033"}],"wp:term":[{"taxonomy":"category","embeddable":true,"href":"https:\/\/guialimeira.com.br\/news\/wp-json\/wp\/v2\/categories?post=65033"},{"taxonomy":"post_tag","embeddable":true,"href":"https:\/\/guialimeira.com.br\/news\/wp-json\/wp\/v2\/tags?post=65033"}],"curies":[{"name":"wp","href":"https:\/\/api.w.org\/{rel}","templated":true}]}}