{"id":65030,"date":"2026-05-10T12:06:59","date_gmt":"2026-05-10T15:06:59","guid":{"rendered":"https:\/\/guialimeira.com.br\/?p=65030"},"modified":"2026-05-10T12:06:59","modified_gmt":"2026-05-10T15:06:59","slug":"morte-de-emmanuel-7linhas-causa-comocao-apos-ataque-armado-no-espirito-santo","status":"publish","type":"post","link":"https:\/\/guialimeira.com.br\/news\/morte-de-emmanuel-7linhas-causa-comocao-apos-ataque-armado-no-espirito-santo\/","title":{"rendered":"Morte de Emmanuel 7Linhas causa como\u00e7\u00e3o ap\u00f3s ataque armado no Esp\u00edrito Santo"},"content":{"rendered":"\n<p class=\"wp-block-paragraph\">O rapper e ativista social Emmanuel 7Linhas morreu ap\u00f3s ser baleado durante um ataque ocorrido em Vila Velha, no Esp\u00edrito Santo, na noite de sexta-feira (9\/5).<\/p>\n\n\n\n<p class=\"wp-block-paragraph\">Segundo informa\u00e7\u00f5es iniciais, o artista participava de uma a\u00e7\u00e3o volunt\u00e1ria com pessoas em situa\u00e7\u00e3o de rua quando criminosos chegaram em uma motocicleta e efetuaram diversos disparos no local.<\/p>\n\n\n\n<p class=\"wp-block-paragraph\">Al\u00e9m de Emmanuel 7Linhas, uma mulher de 37 anos tamb\u00e9m n\u00e3o resistiu aos ferimentos. Um homem de 34 anos ficou ferido e foi socorrido.<\/p>\n\n\n\n<p class=\"wp-block-paragraph\">Conhecido pelo trabalho musical e tamb\u00e9m pela atua\u00e7\u00e3o em causas sociais, Emmanuel era bastante ligado a projetos comunit\u00e1rios e a\u00e7\u00f5es de apoio a pessoas em vulnerabilidade social.<\/p>\n\n\n\n<p class=\"wp-block-paragraph\">A investiga\u00e7\u00e3o do caso est\u00e1 sob responsabilidade da Pol\u00edcia Civil do Esp\u00edrito Santo, por meio da Divis\u00e3o Especializada de Homic\u00eddios e Prote\u00e7\u00e3o \u00e0 Pessoa (DHPP) de Vila Velha.<\/p>\n\n\n\n<p class=\"wp-block-paragraph\">At\u00e9 o momento, nenhum suspeito foi identificado ou preso pelas autoridades.<\/p>\n\n\n\n<p class=\"wp-block-paragraph\">A morte do artista provocou forte repercuss\u00e3o nas redes sociais, onde f\u00e3s, amigos e integrantes de movimentos culturais lamentaram a trag\u00e9dia.<\/p>\n","protected":false},"excerpt":{"rendered":"<p>O rapper e ativista social Emmanuel 7Linhas morreu ap\u00f3s ser baleado durante um ataque ocorrido em Vila Velha, no Esp\u00edrito Santo, na noite de sexta-feira (9\/5). Segundo informa\u00e7\u00f5es iniciais, o artista participava de uma a\u00e7\u00e3o volunt\u00e1ria com pessoas em situa\u00e7\u00e3o de rua quando criminosos chegaram em uma motocicleta e efetuaram diversos disparos no local. Al\u00e9m \u2026<\/p>\n","protected":false},"author":5,"featured_media":65029,"comment_status":"closed","ping_status":"open","sticky":false,"template":"","format":"standard","meta":{"_jetpack_newsletter_access":"","_jetpack_dont_email_post_to_subs":false,"_jetpack_newsletter_tier_id":0,"_jetpack_memberships_contains_paywalled_content":false,"_mbp_banners":[],"_jetpack_feature_clip_id":0,"_jetpack_memberships_contains_paid_content":false,"footnotes":"","jetpack_publicize_message":"","jetpack_publicize_feature_enabled":true,"jetpack_social_post_already_shared":true,"jetpack_social_options":{"image_generator_settings":{"template":"highway","default_image_id":0,"font":"","enabled":false},"version":2},"jetpack_post_was_ever_published":false},"categories":[44],"tags":[],"class_list":["post-65030","post","type-post","status-publish","format-standard","has-post-thumbnail","category-famosos"],"jetpack_publicize_connections":[],"jetpack-related-posts":[],"jetpack_shortlink":"https:\/\/wp.me\/p7Eq1F-gUS","jetpack_sharing_enabled":true,"jetpack_featured_media_url":"https:\/\/i0.wp.com\/guialimeira.com.br\/news\/wp-content\/uploads\/2026\/05\/o-musico-e-ativista-social-emmanuel-7linhas-1778419267564_v2_900x506.png.webp?fit=900%2C506&ssl=1","_links":{"self":[{"href":"https:\/\/guialimeira.com.br\/news\/wp-json\/wp\/v2\/posts\/65030","targetHints":{"allow":["GET"]}}],"collection":[{"href":"https:\/\/guialimeira.com.br\/news\/wp-json\/wp\/v2\/posts"}],"about":[{"href":"https:\/\/guialimeira.com.br\/news\/wp-json\/wp\/v2\/types\/post"}],"author":[{"embeddable":true,"href":"https:\/\/guialimeira.com.br\/news\/wp-json\/wp\/v2\/users\/5"}],"replies":[{"embeddable":true,"href":"https:\/\/guialimeira.com.br\/news\/wp-json\/wp\/v2\/comments?post=65030"}],"version-history":[{"count":1,"href":"https:\/\/guialimeira.com.br\/news\/wp-json\/wp\/v2\/posts\/65030\/revisions"}],"predecessor-version":[{"id":65031,"href":"https:\/\/guialimeira.com.br\/news\/wp-json\/wp\/v2\/posts\/65030\/revisions\/65031"}],"wp:featuredmedia":[{"embeddable":true,"href":"https:\/\/guialimeira.com.br\/news\/wp-json\/wp\/v2\/media\/65029"}],"wp:attachment":[{"href":"https:\/\/guialimeira.com.br\/news\/wp-json\/wp\/v2\/media?parent=65030"}],"wp:term":[{"taxonomy":"category","embeddable":true,"href":"https:\/\/guialimeira.com.br\/news\/wp-json\/wp\/v2\/categories?post=65030"},{"taxonomy":"post_tag","embeddable":true,"href":"https:\/\/guialimeira.com.br\/news\/wp-json\/wp\/v2\/tags?post=65030"}],"curies":[{"name":"wp","href":"https:\/\/api.w.org\/{rel}","templated":true}]}}