{"id":6490,"date":"2024-05-26T14:40:49","date_gmt":"2024-05-26T17:40:49","guid":{"rendered":"https:\/\/guialimeira.com.br\/2024\/05\/26\/enchetes-no-rs-policia-militar-de-sp-envia-mais-150-policiais\/"},"modified":"2024-05-26T14:40:49","modified_gmt":"2024-05-26T17:40:49","slug":"enchetes-no-rs-policia-militar-de-sp-envia-mais-150-policiais","status":"publish","type":"post","link":"https:\/\/guialimeira.com.br\/news\/enchetes-no-rs-policia-militar-de-sp-envia-mais-150-policiais\/","title":{"rendered":"Enchetes no RS: Pol\u00edcia Militar de SP envia mais 150 policiais"},"content":{"rendered":"<p> <br \/>\n<\/p>\n<div id=\"\">&#13;<br \/>\n                                <!-- Title -->&#13;<br \/>\n                                &#13;<br \/>\n&#13;<br \/>\n                                <!-- Excerpt -->&#13;<\/p>\n<p class=\"excerpt\">Tropa vai partir nesta segunda-feira (27) para ajuda na ordem p\u00fablica; com refor\u00e7o, efetivo chega a 400 no local<\/p>\n<p>&#13;<br \/>\n&#13;<br \/>\n                                &#13;\n                            <\/p><\/div>\n<div id=\"\">&#13;<\/p>\n<p>A Pol\u00edcia Militar enviar\u00e1, na manh\u00e3 desta segunda-feira (27), mais 150 policiais para refor\u00e7ar o batalh\u00e3o humanit\u00e1rio que est\u00e1 empenhado na preserva\u00e7\u00e3o da ordem p\u00fablica e todo o apoio log\u00edstico necess\u00e1rio ao Rio Grande do Sul, que vem sofrendo com as fortes chuvas h\u00e1 cerca de um m\u00eas. O efetivo que ser\u00e1 enviado contar\u00e1 com apoio de cerca de 50 viaturas.<\/p>\n<p>A revista \u00e0 tropa ser\u00e1 realizada por volta das 7h30, em frente ao Quartel do Comando Geral, no centro de S\u00e3o Paulo. Logo em seguida, os policiais partem para a miss\u00e3o. Com este refor\u00e7o, <a href=\"https:\/\/www.saopaulo.sp.gov.br\/spnoticias\/ultimas-noticias\/enchentes-no-rio-grande-do-sul-os-agentes-de-sp-que-ajudaram-nos-resgates\/\" rel=\"noopener\">ser\u00e3o mais de 400 policiais militares, civis e do Corpo de Bombeiros atuando no estado ga\u00facho.<\/a><\/p>\n<p>Desde o in\u00edcio dos trabalhos, no dia 1\u00ba de maio, j\u00e1 foram resgatados pelas for\u00e7as de seguran\u00e7a paulistas mais de 1,3 mil pessoas e 310 animais.<\/p>\n<h3>Cavalo Caramelo<\/h3>\n<figure id=\"attachment_5886494\" style=\"width: 100%;max-width: 772px\" class=\"wp-caption alignnone caption-hide\"><img data-recalc-dims=\"1\" decoding=\"async\" loading=\"lazy\" class=\"wp-image-5886494\" src=\"https:\/\/i0.wp.com\/www.saopaulo.sp.gov.br\/wp-content\/uploads\/2024\/05\/00054652-300x199.jpg?resize=696%2C462&#038;ssl=1\" alt=\"\" width=\"696\" height=\"462\" srcset=\"https:\/\/www.saopaulo.sp.gov.br\/wp-content\/uploads\/2024\/05\/00054652-300x199.jpg 300w, https:\/\/www.saopaulo.sp.gov.br\/wp-content\/uploads\/2024\/05\/00054652-1024x679.jpg 1024w, https:\/\/www.saopaulo.sp.gov.br\/wp-content\/uploads\/2024\/05\/00054652-768x509.jpg 768w, https:\/\/www.saopaulo.sp.gov.br\/wp-content\/uploads\/2024\/05\/00054652.jpg 1269w\" sizes=\"auto, (max-width: 772px) 100vw, 772px\"\/><\/figure>\n<p>\u00a0<\/p>\n<p>Entre os socorros ocorridos no RS, o Corpo de Bombeiros de S\u00e3o Paulo foi <a href=\"https:\/\/www.saopaulo.sp.gov.br\/spnoticias\/ultimas-noticias\/bombeiros-de-sp-recebem-premio-por-resgate-do-cavalo-caramelo-no-rio-grande-do-sul\/\" rel=\"noopener\">homenageado pelo resgate do cavalo Caramelo<\/a>, realizado em Canoas, no Rio Grande do Sul, em 9 de maio. O pr\u00eamio \u00e9 da organiza\u00e7\u00e3o n\u00e3o governamental Pessoas pelo Tratamento \u00c9tico dos Animais (Peta).<\/p>\n<p>O equino foi resgatado depois de ficar ilhado no telhado de uma casa em meio \u00e0s enchentes que atingiram a regi\u00e3o. As equipes dos Bombeiros de S\u00e3o Paulo, que estavam no Sul em apoio \u00e0s v\u00edtimas das chuvas, planejaram uma for\u00e7a-tarefa para resgatar o anima.<\/p>\n<p>\u201cA gente fica muito feliz e honrado. Esse pr\u00eamio reflete todo o trabalho do Corpo de Bombeiros de S\u00e3o Paulo, n\u00e3o s\u00f3 no resgate do Caramelo, mas de tantos outros animais que s\u00e3o resgatados em situa\u00e7\u00e3o dif\u00edcil, no Rio Grande do Sul e em todo o estado de S\u00e3o Paulo\u201d, afirmou o capit\u00e3o do Corpo de Bombeiros Tiago Franco.<\/p>\n<h3>Educa\u00e7\u00e3o doa livros<\/h3>\n<p>Estudantes das escolas afetadas pela trag\u00e9dia clim\u00e1tica no Rio Grande do Sul <a href=\"https:\/\/www.saopaulo.sp.gov.br\/spnoticias\/ultimas-noticias\/governo-de-sp-envia-materiais-didaticos-impressos-para-o-rio-grande-do-sul\/\" rel=\"noopener\">recebem livros did\u00e1ticos encaminhados pela Secretaria da Educa\u00e7\u00e3o Estado de S\u00e3o Paulo (Seduc-SP)<\/a> ao estado desde sexta-feira (24). No total, mais de 300 mil livros ser\u00e3o entregues na cidade de Porto Alegre.<\/p>\n<p>O material integra as obras do Curr\u00edculo Paulista para as aulas dos anos finais do Ensino Fundamental. Os livros, tamb\u00e9m distribu\u00eddos e trabalhados com todos os alunos da rede estadual paulista, s\u00e3o parte da reserva t\u00e9cnica da Seduc-SP do 6\u00ba ano ao 9\u00ba ano, do ano de 2023.<\/p>\n<h3>Doa\u00e7\u00f5es<\/h3>\n<p>O governo de SP mant\u00e9m tamb\u00e9m, por meio do Fundo Social de S\u00e3o Paulo, campanha de arrecada\u00e7\u00e3o de itens de primeira necessidade para os afetados pelas enchentes no RS. O total enviado \u00e0s v\u00edtimas j\u00e1 passa de 1.200 toneladas.<\/p>\n<p>Neste momento, <a href=\"https:\/\/www.saopaulo.sp.gov.br\/spnoticias\/ultimas-noticias\/ajuda-humanitaria-paulista-ao-rio-grande-do-sul-foca-em-itens-de-primeira-necessidade\/\" rel=\"noopener\">a campanha passa a focar em\u00a0 mateirias de higiene, limpeza e alimentos n\u00e3o perec\u00edveis.<\/a> O recebimento dos donativos segue no dep\u00f3sito do Fundo Social, no Bairro do Jaguar\u00e9, de segunda a sexta-feira, das 8h \u00e0s 17h e nos diversos pontos de apoio da campanha espalhados pela capital e munic\u00edpios paulistas, como Poupatempo e esta\u00e7\u00f5es de Metr\u00f4 e da CPTM.<\/p>\n<p>\u00a0<\/p>\n<\/p><\/div>\n<p><br \/>\n<br \/><a href=\"https:\/\/www.saopaulo.sp.gov.br\/spnoticias\/ultimas-noticias\/enchetes-no-rs-policia-militar-de-sp-envia-mais-150-policiais\/\" rel=\"noopener\">Informa\u00e7\u00f5es GOV.SP<\/a><\/p>\n","protected":false},"excerpt":{"rendered":"<p>&#13; &#13; &#13; &#13; &#13; Tropa vai partir nesta segunda-feira (27) para ajuda na ordem p\u00fablica; com refor\u00e7o, efetivo chega a 400 no local &#13; &#13; &#13; &#13; A Pol\u00edcia Militar enviar\u00e1, na manh\u00e3 desta segunda-feira (27), mais 150 policiais para refor\u00e7ar o batalh\u00e3o humanit\u00e1rio que est\u00e1 empenhado na preserva\u00e7\u00e3o da ordem p\u00fablica e todo [&hellip;]<\/p>\n","protected":false},"author":1,"featured_media":6491,"comment_status":"open","ping_status":"open","sticky":false,"template":"","format":"standard","meta":{"_jetpack_newsletter_access":"","_jetpack_dont_email_post_to_subs":false,"_jetpack_newsletter_tier_id":0,"_jetpack_memberships_contains_paywalled_content":false,"_mbp_banners":[],"_jetpack_feature_clip_id":0,"_jetpack_memberships_contains_paid_content":false,"footnotes":"","jetpack_publicize_message":"","jetpack_publicize_feature_enabled":true,"jetpack_social_post_already_shared":true,"jetpack_social_options":{"image_generator_settings":{"template":"highway","default_image_id":0,"font":"","enabled":false},"version":2},"jetpack_post_was_ever_published":false},"categories":[21],"tags":[],"class_list":["post-6490","post","type-post","status-publish","format-standard","has-post-thumbnail","category-sp-news"],"jetpack_publicize_connections":[],"jetpack-related-posts":[],"jetpack_shortlink":"https:\/\/wp.me\/p7Eq1F-1GG","jetpack_sharing_enabled":true,"jetpack_featured_media_url":"https:\/\/i0.wp.com\/guialimeira.com.br\/news\/wp-content\/uploads\/2024\/05\/Enchetes-no-RS-Policia-Militar-de-SP-envia-mais-150.jpg?fit=300%2C199&ssl=1","_links":{"self":[{"href":"https:\/\/guialimeira.com.br\/news\/wp-json\/wp\/v2\/posts\/6490","targetHints":{"allow":["GET"]}}],"collection":[{"href":"https:\/\/guialimeira.com.br\/news\/wp-json\/wp\/v2\/posts"}],"about":[{"href":"https:\/\/guialimeira.com.br\/news\/wp-json\/wp\/v2\/types\/post"}],"author":[{"embeddable":true,"href":"https:\/\/guialimeira.com.br\/news\/wp-json\/wp\/v2\/users\/1"}],"replies":[{"embeddable":true,"href":"https:\/\/guialimeira.com.br\/news\/wp-json\/wp\/v2\/comments?post=6490"}],"version-history":[{"count":0,"href":"https:\/\/guialimeira.com.br\/news\/wp-json\/wp\/v2\/posts\/6490\/revisions"}],"wp:featuredmedia":[{"embeddable":true,"href":"https:\/\/guialimeira.com.br\/news\/wp-json\/wp\/v2\/media\/6491"}],"wp:attachment":[{"href":"https:\/\/guialimeira.com.br\/news\/wp-json\/wp\/v2\/media?parent=6490"}],"wp:term":[{"taxonomy":"category","embeddable":true,"href":"https:\/\/guialimeira.com.br\/news\/wp-json\/wp\/v2\/categories?post=6490"},{"taxonomy":"post_tag","embeddable":true,"href":"https:\/\/guialimeira.com.br\/news\/wp-json\/wp\/v2\/tags?post=6490"}],"curies":[{"name":"wp","href":"https:\/\/api.w.org\/{rel}","templated":true}]}}