{"id":6486,"date":"2024-05-26T14:38:44","date_gmt":"2024-05-26T17:38:44","guid":{"rendered":"https:\/\/guialimeira.com.br\/2024\/05\/26\/debinha-bruninha-e-lais-estevam-sao-convocadas-para-a-selecao\/"},"modified":"2024-05-26T14:38:44","modified_gmt":"2024-05-26T17:38:44","slug":"debinha-bruninha-e-lais-estevam-sao-convocadas-para-a-selecao","status":"publish","type":"post","link":"https:\/\/guialimeira.com.br\/news\/debinha-bruninha-e-lais-estevam-sao-convocadas-para-a-selecao\/","title":{"rendered":"Debinha, Bruninha e La\u00eds Estevam s\u00e3o convocadas para a sele\u00e7\u00e3o"},"content":{"rendered":"<p> <br \/>\n<\/p>\n<div>\n<p>A Confedera\u00e7\u00e3o Brasileira de Futebol (CBF) anunciou neste domingo (26) que as jogadoras Debinha, do Kansas City (Estados Unidos), Bruninha, do Gotham (Estados Unidos), e La\u00eds Estevam, do Palmeiras, foram convocadas para disputarem os amistosos da sele\u00e7\u00e3o brasileira contra a Jamaica, que ser\u00e3o disputados nos dias 1\u00ba e 4 de junho.<img data-recalc-dims=\"1\" decoding=\"async\" src=\"https:\/\/i0.wp.com\/agenciabrasil.ebc.com.br\/ebc.png?w=696&#038;ssl=1\" style=\"width:1px; height:1px; display:inline;\"\/><img data-recalc-dims=\"1\" decoding=\"async\" src=\"https:\/\/i0.wp.com\/agenciabrasil.ebc.com.br\/ebc.gif?w=696&#038;ssl=1\" style=\"width:1px; height:1px; display:inline;\"\/><\/p>\n<p>As tr\u00eas atletas foram chamadas para substitu\u00edrem Bia Zaneratto (que est\u00e1 se recuperando de uma les\u00e3o no p\u00e9), F\u00ea Palermo (com uma les\u00e3o ligamentar no p\u00e9 direito) e Priscila (que lesionou a panturrilha direita durante um treinamento).<\/p>\n<p>As partidas, que ser\u00e3o disputadas nos dias 1\u00ba de junho, na Arena Pernambuco (em Recife), e 4 de junho, na Arena Fonte Nova (em Salvador), s\u00e3o parte da prepara\u00e7\u00e3o do Brasil para o torneio de futebol feminino da pr\u00f3xima edi\u00e7\u00e3o dos Jogos Ol\u00edmpicos, que ser\u00e3o disputados em Paris (Fran\u00e7a).<\/p>\n<\/p><\/div>\n<p><br \/>\n<br \/><a href=\"https:\/\/agenciabrasil.ebc.com.br\/esportes\/noticia\/2024-05\/debinha-bruninha-e-lais-estevam-sao-convocadas-para-selecao\" rel=\"noopener\">Ag\u00eancia Brasil<\/a><\/p>\n","protected":false},"excerpt":{"rendered":"<p>A Confedera\u00e7\u00e3o Brasileira de Futebol (CBF) anunciou neste domingo (26) que as jogadoras Debinha, do Kansas City (Estados Unidos), Bruninha, do Gotham (Estados Unidos), e La\u00eds Estevam, do Palmeiras, foram convocadas para disputarem os amistosos da sele\u00e7\u00e3o brasileira contra a Jamaica, que ser\u00e3o disputados nos dias 1\u00ba e 4 de junho. As tr\u00eas atletas foram [&hellip;]<\/p>\n","protected":false},"author":1,"featured_media":6487,"comment_status":"open","ping_status":"open","sticky":false,"template":"","format":"standard","meta":{"_jetpack_newsletter_access":"","_jetpack_dont_email_post_to_subs":false,"_jetpack_newsletter_tier_id":0,"_jetpack_memberships_contains_paywalled_content":false,"_mbp_banners":[],"_jetpack_feature_clip_id":0,"_jetpack_memberships_contains_paid_content":false,"footnotes":"","jetpack_publicize_message":"","jetpack_publicize_feature_enabled":true,"jetpack_social_post_already_shared":true,"jetpack_social_options":{"image_generator_settings":{"template":"highway","default_image_id":0,"font":"","enabled":false},"version":2},"jetpack_post_was_ever_published":false},"categories":[23],"tags":[],"class_list":["post-6486","post","type-post","status-publish","format-standard","has-post-thumbnail","category-esportes"],"jetpack_publicize_connections":[],"jetpack-related-posts":[],"jetpack_shortlink":"https:\/\/wp.me\/p7Eq1F-1GC","jetpack_sharing_enabled":true,"jetpack_featured_media_url":"https:\/\/i0.wp.com\/guialimeira.com.br\/news\/wp-content\/uploads\/2024\/05\/52170295351_87b7467cd8_o.jpg?fit=1600%2C800&ssl=1","_links":{"self":[{"href":"https:\/\/guialimeira.com.br\/news\/wp-json\/wp\/v2\/posts\/6486","targetHints":{"allow":["GET"]}}],"collection":[{"href":"https:\/\/guialimeira.com.br\/news\/wp-json\/wp\/v2\/posts"}],"about":[{"href":"https:\/\/guialimeira.com.br\/news\/wp-json\/wp\/v2\/types\/post"}],"author":[{"embeddable":true,"href":"https:\/\/guialimeira.com.br\/news\/wp-json\/wp\/v2\/users\/1"}],"replies":[{"embeddable":true,"href":"https:\/\/guialimeira.com.br\/news\/wp-json\/wp\/v2\/comments?post=6486"}],"version-history":[{"count":0,"href":"https:\/\/guialimeira.com.br\/news\/wp-json\/wp\/v2\/posts\/6486\/revisions"}],"wp:featuredmedia":[{"embeddable":true,"href":"https:\/\/guialimeira.com.br\/news\/wp-json\/wp\/v2\/media\/6487"}],"wp:attachment":[{"href":"https:\/\/guialimeira.com.br\/news\/wp-json\/wp\/v2\/media?parent=6486"}],"wp:term":[{"taxonomy":"category","embeddable":true,"href":"https:\/\/guialimeira.com.br\/news\/wp-json\/wp\/v2\/categories?post=6486"},{"taxonomy":"post_tag","embeddable":true,"href":"https:\/\/guialimeira.com.br\/news\/wp-json\/wp\/v2\/tags?post=6486"}],"curies":[{"name":"wp","href":"https:\/\/api.w.org\/{rel}","templated":true}]}}