{"id":64833,"date":"2026-05-08T19:01:18","date_gmt":"2026-05-08T22:01:18","guid":{"rendered":"https:\/\/guialimeira.com.br\/?p=64833"},"modified":"2026-05-08T19:01:18","modified_gmt":"2026-05-08T22:01:18","slug":"belo-arrasta-multidao-em-universidade-e-recebe-carinho-de-estudantes-no-rio","status":"publish","type":"post","link":"https:\/\/guialimeira.com.br\/news\/belo-arrasta-multidao-em-universidade-e-recebe-carinho-de-estudantes-no-rio\/","title":{"rendered":"Belo arrasta multid\u00e3o em universidade e recebe carinho de estudantes no Rio"},"content":{"rendered":"\n<p class=\"wp-block-paragraph\">O cantor Belo movimentou uma universidade no Rio de Janeiro ao fazer uma visita surpresa \u00e0 institui\u00e7\u00e3o nesta quinta-feira. A presen\u00e7a do artista reuniu dezenas de estudantes, funcion\u00e1rios e professores, que lotaram os corredores em busca de fotos e intera\u00e7\u00e3o com o pagodeiro.<\/p>\n\n\n\n<p class=\"wp-block-paragraph\">Ao lado do empres\u00e1rio Alfredo Santana, Belo participou de um encontro com representantes da universidade e falou sobre trajet\u00f3ria profissional, desafios da carreira e a import\u00e2ncia da educa\u00e7\u00e3o na constru\u00e7\u00e3o de oportunidades.<\/p>\n\n\n\n<p class=\"wp-block-paragraph\">Al\u00e9m do sucesso na m\u00fasica, o cantor vive atualmente uma fase de destaque tamb\u00e9m na televis\u00e3o. No elenco da novela Tr\u00eas Gra\u00e7as, ele interpreta Misael, personagem que rapidamente conquistou espa\u00e7o entre os mais comentados da trama.<\/p>\n\n\n\n<p class=\"wp-block-paragraph\">Durante a visita, Belo demonstrou simpatia ao atender f\u00e3s, tirar fotos e conversar com os estudantes presentes no local.<\/p>\n\n\n\n<p class=\"wp-block-paragraph\">O artista ainda agradeceu o carinho recebido e destacou que momentos como esse refor\u00e7am a import\u00e2ncia da troca de experi\u00eancias e do incentivo aos jovens por meio da educa\u00e7\u00e3o.<\/p>\n","protected":false},"excerpt":{"rendered":"<p>O cantor Belo movimentou uma universidade no Rio de Janeiro ao fazer uma visita surpresa \u00e0 institui\u00e7\u00e3o nesta quinta-feira. A presen\u00e7a do artista reuniu dezenas de estudantes, funcion\u00e1rios e professores, que lotaram os corredores em busca de fotos e intera\u00e7\u00e3o com o pagodeiro. Ao lado do empres\u00e1rio Alfredo Santana, Belo participou de um encontro com \u2026<\/p>\n","protected":false},"author":5,"featured_media":64832,"comment_status":"closed","ping_status":"open","sticky":false,"template":"","format":"standard","meta":{"_jetpack_newsletter_access":"","_jetpack_dont_email_post_to_subs":false,"_jetpack_newsletter_tier_id":0,"_jetpack_memberships_contains_paywalled_content":false,"_mbp_banners":[],"_jetpack_feature_clip_id":0,"_jetpack_memberships_contains_paid_content":false,"footnotes":"","jetpack_publicize_message":"","jetpack_publicize_feature_enabled":true,"jetpack_social_post_already_shared":true,"jetpack_social_options":{"image_generator_settings":{"template":"highway","default_image_id":0,"font":"","enabled":false},"version":2},"jetpack_post_was_ever_published":false},"categories":[44],"tags":[],"class_list":["post-64833","post","type-post","status-publish","format-standard","has-post-thumbnail","category-famosos"],"jetpack_publicize_connections":[],"jetpack-related-posts":[],"jetpack_shortlink":"https:\/\/wp.me\/p7Eq1F-gRH","jetpack_sharing_enabled":true,"jetpack_featured_media_url":"https:\/\/i0.wp.com\/guialimeira.com.br\/news\/wp-content\/uploads\/2026\/05\/KtAClu8w-CAPA-SITE-ABRE-.png?fit=1200%2C900&ssl=1","_links":{"self":[{"href":"https:\/\/guialimeira.com.br\/news\/wp-json\/wp\/v2\/posts\/64833","targetHints":{"allow":["GET"]}}],"collection":[{"href":"https:\/\/guialimeira.com.br\/news\/wp-json\/wp\/v2\/posts"}],"about":[{"href":"https:\/\/guialimeira.com.br\/news\/wp-json\/wp\/v2\/types\/post"}],"author":[{"embeddable":true,"href":"https:\/\/guialimeira.com.br\/news\/wp-json\/wp\/v2\/users\/5"}],"replies":[{"embeddable":true,"href":"https:\/\/guialimeira.com.br\/news\/wp-json\/wp\/v2\/comments?post=64833"}],"version-history":[{"count":1,"href":"https:\/\/guialimeira.com.br\/news\/wp-json\/wp\/v2\/posts\/64833\/revisions"}],"predecessor-version":[{"id":64834,"href":"https:\/\/guialimeira.com.br\/news\/wp-json\/wp\/v2\/posts\/64833\/revisions\/64834"}],"wp:featuredmedia":[{"embeddable":true,"href":"https:\/\/guialimeira.com.br\/news\/wp-json\/wp\/v2\/media\/64832"}],"wp:attachment":[{"href":"https:\/\/guialimeira.com.br\/news\/wp-json\/wp\/v2\/media?parent=64833"}],"wp:term":[{"taxonomy":"category","embeddable":true,"href":"https:\/\/guialimeira.com.br\/news\/wp-json\/wp\/v2\/categories?post=64833"},{"taxonomy":"post_tag","embeddable":true,"href":"https:\/\/guialimeira.com.br\/news\/wp-json\/wp\/v2\/tags?post=64833"}],"curies":[{"name":"wp","href":"https:\/\/api.w.org\/{rel}","templated":true}]}}