{"id":648,"date":"2024-04-01T15:06:45","date_gmt":"2024-04-01T18:06:45","guid":{"rendered":"https:\/\/guialimeira.com.br\/2024\/04\/01\/tre-inicia-julgamento-que-pode-cassar-mandato-de-sergio-moro\/"},"modified":"2024-04-01T15:06:45","modified_gmt":"2024-04-01T18:06:45","slug":"tre-inicia-julgamento-que-pode-cassar-mandato-de-sergio-moro","status":"publish","type":"post","link":"https:\/\/guialimeira.com.br\/news\/tre-inicia-julgamento-que-pode-cassar-mandato-de-sergio-moro\/","title":{"rendered":"TRE inicia julgamento que pode cassar mandato de Sergio Moro"},"content":{"rendered":"<p> <br \/>\n<\/p>\n<div>\n<p>O Tribunal Regional Eleitoral (TRE) do Paran\u00e1 iniciou, h\u00e1 pouco, em Curitiba, o julgamento dos processos que podem levar \u00e0 cassa\u00e7\u00e3o do mandato do senador Sergio Moro (Uni\u00e3o-PR), ex-juiz da Opera\u00e7\u00e3o Lava Jato.<img data-recalc-dims=\"1\" decoding=\"async\" src=\"https:\/\/i0.wp.com\/agenciabrasil.ebc.com.br\/ebc.png?w=696&#038;ssl=1\" style=\"width:1px; height:1px; display:inline;\"\/><img data-recalc-dims=\"1\" decoding=\"async\" src=\"https:\/\/i0.wp.com\/agenciabrasil.ebc.com.br\/ebc.gif?w=696&#038;ssl=1\" style=\"width:1px; height:1px; display:inline;\"\/><\/p>\n<p>Ser\u00e3o julgadas duas a\u00e7\u00f5es protocoladas pelo PT e pelo PL na Justi\u00e7a Eleitoral. Os partidos acusam Moro de abuso de poder econ\u00f4mico por supostos gastos irregulares no per\u00edodo de pr\u00e9-campanha em 2022.<\/p>\n<p>Em dezembro ao ano passado, o Minist\u00e9rio P\u00fablico Eleitoral (MPE) do Paran\u00e1 defendeu a cassa\u00e7\u00e3o do mandato do senador. No entendimento dos procuradores, houve uso &#8220;excessivo de recursos financeiros&#8221; no per\u00edodo que antecedeu a campanha eleitoral oficial em 2022.<\/p>\n<p>Em 2021, Moro estava no Podemos e realizou atos de pr\u00e9-candidatura \u00e0 Presid\u00eancia da Rep\u00fablica. Em seguida, deixou o partido e passou a fazer campanha para o Senado. Segundo a acusa\u00e7\u00e3o, houve &#8220;desvantagem il\u00edcita&#8221; em favor dos demais concorrentes ao cargo de senador diante dos &#8220;altos investimentos financeiros\u201d feitos antes de Moro se candidatar ao Senado.<\/p>\n<p>Foram citados gastos de aproximadamente R$ 2 milh\u00f5es com o evento de filia\u00e7\u00e3o de Moro ao Podemos e com a contrata\u00e7\u00e3o de produ\u00e7\u00e3o de v\u00eddeos e consultorias.<\/p>\n<p>Caso o mandato de Sergio Moro seja cassado, caber\u00e1 recurso ao Tribunal Superior Eleitoral (TSE), em Bras\u00edlia. No entanto, se a poss\u00edvel condena\u00e7\u00e3o for mantida, novas elei\u00e7\u00f5es para o Senado dever\u00e3o ser convocadas no Paran\u00e1.<\/p>\n<p>Durante a tramita\u00e7\u00e3o do processo, a defesa do senador negou as irregularidades e ressaltou que as acusa\u00e7\u00f5es t\u00eam \u201cconota\u00e7\u00e3o pol\u00edtica\u201d. Para a defesa, gastos de pr\u00e9-campanha \u00e0 Presid\u00eancia n\u00e3o podem ser contabilizados na campanha para o Senado, uma vez que um cargo \u00e9 de vota\u00e7\u00e3o nacional e o outro somente no Paran\u00e1.<\/p>\n<\/p><\/div>\n<p><br \/>\n<br \/><a href=\"https:\/\/agenciabrasil.ebc.com.br\/justica\/noticia\/2024-04\/tre-inicia-julgamento-que-pode-cassar-mandato-de-sergio-moro\" rel=\"noopener\">Ag\u00eancia Brasil<\/a><\/p>\n","protected":false},"excerpt":{"rendered":"<p>O Tribunal Regional Eleitoral (TRE) do Paran\u00e1 iniciou, h\u00e1 pouco, em Curitiba, o julgamento dos processos que podem levar \u00e0 cassa\u00e7\u00e3o do mandato do senador Sergio Moro (Uni\u00e3o-PR), ex-juiz da Opera\u00e7\u00e3o Lava Jato. Ser\u00e3o julgadas duas a\u00e7\u00f5es protocoladas pelo PT e pelo PL na Justi\u00e7a Eleitoral. Os partidos acusam Moro de abuso de poder econ\u00f4mico [&hellip;]<\/p>\n","protected":false},"author":1,"featured_media":649,"comment_status":"open","ping_status":"open","sticky":false,"template":"","format":"standard","meta":{"_jetpack_newsletter_access":"","_jetpack_dont_email_post_to_subs":false,"_jetpack_newsletter_tier_id":0,"_jetpack_memberships_contains_paywalled_content":false,"_mbp_banners":[],"_jetpack_feature_clip_id":0,"_jetpack_memberships_contains_paid_content":false,"footnotes":"","jetpack_publicize_message":"","jetpack_publicize_feature_enabled":true,"jetpack_social_post_already_shared":true,"jetpack_social_options":{"image_generator_settings":{"template":"highway","default_image_id":0,"font":"","enabled":false},"version":2},"jetpack_post_was_ever_published":false},"categories":[22],"tags":[],"class_list":["post-648","post","type-post","status-publish","format-standard","has-post-thumbnail","category-nacional"],"jetpack_publicize_connections":[],"jetpack-related-posts":[],"jetpack_shortlink":"https:\/\/wp.me\/p7Eq1F-as","jetpack_sharing_enabled":true,"jetpack_featured_media_url":"https:\/\/i0.wp.com\/guialimeira.com.br\/news\/wp-content\/uploads\/2024\/04\/discurso_senador_sergio_moro-13.jpg?fit=1600%2C800&ssl=1","_links":{"self":[{"href":"https:\/\/guialimeira.com.br\/news\/wp-json\/wp\/v2\/posts\/648","targetHints":{"allow":["GET"]}}],"collection":[{"href":"https:\/\/guialimeira.com.br\/news\/wp-json\/wp\/v2\/posts"}],"about":[{"href":"https:\/\/guialimeira.com.br\/news\/wp-json\/wp\/v2\/types\/post"}],"author":[{"embeddable":true,"href":"https:\/\/guialimeira.com.br\/news\/wp-json\/wp\/v2\/users\/1"}],"replies":[{"embeddable":true,"href":"https:\/\/guialimeira.com.br\/news\/wp-json\/wp\/v2\/comments?post=648"}],"version-history":[{"count":0,"href":"https:\/\/guialimeira.com.br\/news\/wp-json\/wp\/v2\/posts\/648\/revisions"}],"wp:featuredmedia":[{"embeddable":true,"href":"https:\/\/guialimeira.com.br\/news\/wp-json\/wp\/v2\/media\/649"}],"wp:attachment":[{"href":"https:\/\/guialimeira.com.br\/news\/wp-json\/wp\/v2\/media?parent=648"}],"wp:term":[{"taxonomy":"category","embeddable":true,"href":"https:\/\/guialimeira.com.br\/news\/wp-json\/wp\/v2\/categories?post=648"},{"taxonomy":"post_tag","embeddable":true,"href":"https:\/\/guialimeira.com.br\/news\/wp-json\/wp\/v2\/tags?post=648"}],"curies":[{"name":"wp","href":"https:\/\/api.w.org\/{rel}","templated":true}]}}