{"id":64782,"date":"2026-05-08T12:50:57","date_gmt":"2026-05-08T15:50:57","guid":{"rendered":"https:\/\/guialimeira.com.br\/comissao-fiscaliza-obras-da-lauro-correa-e-falta-de-boca-de-lobo-no-jardim-flamboyant\/"},"modified":"2026-05-08T12:50:57","modified_gmt":"2026-05-08T15:50:57","slug":"comissao-fiscaliza-obras-da-lauro-correa-e-falta-de-boca-de-lobo-no-jardim-flamboyant","status":"publish","type":"post","link":"https:\/\/guialimeira.com.br\/news\/comissao-fiscaliza-obras-da-lauro-correa-e-falta-de-boca-de-lobo-no-jardim-flamboyant\/","title":{"rendered":"Comiss\u00e3o fiscaliza obras da Lauro Corr\u00eaa e falta de boca de lobo no Jardim Flamboyant"},"content":{"rendered":"<p>Comiss\u00e3o fiscaliza obras da Lauro Corr\u00eaa e falta de boca de lobo no Jardim Flamboyant<\/p>\n<p>Fiscalizar as obras de duplica\u00e7\u00e3o da avenida Dr. Lauro Corr\u00eaa da Silva, esse foi o objetivo da dilig\u00eancia realizada pela Comiss\u00e3o de Obras da C\u00e2mara na manh\u00e3 desta sexta-feira, 8 de maio. Os parlamentares tamb\u00e9m se reuniram com representantes da Secretaria de Obras e moradores do Jardim Flamboyant para discutir a falta de boca de lobo na rua Bem-te-vi.<\/p>\n<p>Na Lauro Corr\u00eaa os membros da Comiss\u00e3o, vereadores Helder do T\u00e1xi (PSD), presidente; M\u00e1rcio do Estacionamento (DC), vice-presidente; e Jo\u00e3o Antunes Bano (Solidariedade), secret\u00e1rio; conversaram com o engenheiro da Secretaria de Obras, Vin\u00edcius Cominato, que explicou as etapas j\u00e1 realizadas na obra de duplica\u00e7\u00e3o.<\/p>\n<p>De acordo com ele, at\u00e9 o momento j\u00e1 foi realizada 82,5% da obra, total que inclui a desapropria\u00e7\u00e3o de im\u00f3vel na Est\u00e2ncia Jardim para a corre\u00e7\u00e3o geom\u00e9trica da via e, como o condom\u00ednio tem a cota mais alta que a rua, foi necess\u00e1rio realizar o alteamento do asfalto e a constru\u00e7\u00e3o de muro de arrimo no canteiro central. Al\u00e9m disso, foi realizada a movimenta\u00e7\u00e3o dos postes de ilumina\u00e7\u00e3o, bem como a implanta\u00e7\u00e3o de sistema de capta\u00e7\u00e3o de \u00e1guas pluviais e sarjet\u00f5es.<\/p>\n<p>Vin\u00edcius relatou que faz parte da obra a implanta\u00e7\u00e3o de ciclovia, que j\u00e1 foi parcialmente constru\u00edda na frente da Est\u00e2ncia Eldorado, nos bairros Rubi e S\u00e3o Francisco e na Comunidade Santo Ant\u00f4nio. A Prefeitura tamb\u00e9m realiza estudos de interrup\u00e7\u00e3o da avenida Lauro Corr\u00eaa para implementar um boulevard (\u00e1rea de recrea\u00e7\u00e3o) onde atualmente \u00e9 realizada a feira livre.<\/p>\n<p>O valor total da obra, segundo o engenheiro, \u00e9 de R$ 13.018.497,51. Os recursos s\u00e3o provenientes do Finisa e a empresa respons\u00e1vel pelas interven\u00e7\u00f5es \u00e9 a Romarello. A previs\u00e3o de entrega documental da duplica\u00e7\u00e3o da via \u00e9 dia 14 de junho, mas Vin\u00edcius informou que a construtora sugeriu prorrogar por mais um m\u00eas, ou seja, julho, por ser uma interven\u00e7\u00e3o grande e tamb\u00e9m para que possa ter tempo h\u00e1bil para realizar a pintura da sinaliza\u00e7\u00e3o de solo.<\/p>\n<p>Jardim Flamboyant<\/p>\n<p>Antes de seguir para a Lauro Corr\u00eaa, os vereadores se reuniram com moradores do Jardim Flamboyant, na rua Bem-te-vi, esquina com a rua Can\u00e1rio, em frente ao Centro Comunit\u00e1rio do bairro. O diretor da Secretaria de Obras, Renan Corbini, e o representante da Divis\u00e3o de Drenagem, F\u00e1bio Johansson, acompanharam a vistoria.<\/p>\n<p>No local h\u00e1 duas bocas de lobo, uma de cada lado da rua, que foram fechadas pela Prefeitura. Segundo os moradores, a falta de escoamento da \u00e1gua pluvial faz com que haja empo\u00e7amento, o que gera transtornos em \u00e9pocas de chuva, n\u00e3o s\u00f3 pelo tr\u00e2nsito, como tamb\u00e9m p\u00f5e em risco a sa\u00fade da popula\u00e7\u00e3o. \u201cNa \u00e9poca das chuvas, a Prefeitura vem vistoriar as nossas casas por causa da dengue, mas o problema n\u00e3o est\u00e1 l\u00e1, est\u00e1 aqui\u201d, argumentou o morador Ant\u00f4nio Francisco Nascimento Filho.<\/p>\n<p>Renan explicou aos presentes que o fechamento da boca de lobo pela Prefeitura foi realizado h\u00e1 cerca de dez anos em cumprimento a uma ordem judicial. Segundo ele, o propriet\u00e1rio das terras abaixo, para onde escoavam as \u00e1guas oriundas da boca de lobo, entrou com a a\u00e7\u00e3o junto ao Minist\u00e9rio P\u00fablico pedindo o fechamento e o Executivo foi obrigado a cumprir.<\/p>\n<p>O diretor disse ainda que j\u00e1 solicitou um parecer jur\u00eddico para pedir a reabertura h\u00e1 duas semanas e que a Secretaria tamb\u00e9m est\u00e1 fazendo um estudo para a interliga\u00e7\u00e3o do sistema de escoamento com a rua de baixo, caso tenha negativa da justi\u00e7a ao pedido de reabertura, mas para isso, explicou, ser\u00e1 necess\u00e1rio buscar recursos, pois atualmente a Prefeitura n\u00e3o tem como arcar com os custos da obra.<\/p>\n<hr>\n<p><em>Fonte: <a href=\"https:\/\/www.limeira.sp.leg.br\/noticias\/view\/2026-05-08_comissao-fiscaliza-obras-da-lauro-correa-e-falta-de-boca-de-lobo-no-jardim-flamboyant\" target=\"_blank\" rel=\"noopener\">C\u00e2mara Municipal de Limeira<\/a><\/em><\/p>\n","protected":false},"excerpt":{"rendered":"<p>Comiss\u00e3o fiscaliza obras da Lauro Corr\u00eaa e falta de boca de lobo no Jardim Flamboyant<\/p>\n<p>Fiscalizar as obras de duplica\u00e7\u00e3o da avenida Dr. Lauro Corr\u00eaa da Silva, esse foi o objetivo da dilig\u00eancia realizada pela Comiss\u00e3o de Obras da C\u00e2mara na manh\u00e3 desta sexta-feira, 8 de maio. Os parlamentares tamb\u00e9m s<\/p>\n","protected":false},"author":4,"featured_media":64780,"comment_status":"","ping_status":"open","sticky":false,"template":"","format":"standard","meta":{"_jetpack_newsletter_access":"","_jetpack_dont_email_post_to_subs":false,"_jetpack_newsletter_tier_id":0,"_jetpack_memberships_contains_paywalled_content":false,"_mbp_banners":[],"_jetpack_feature_clip_id":0,"_jetpack_memberships_contains_paid_content":false,"footnotes":"","jetpack_publicize_message":"","jetpack_publicize_feature_enabled":true,"jetpack_social_post_already_shared":true,"jetpack_social_options":{"image_generator_settings":{"template":"highway","default_image_id":0,"font":"","enabled":false},"version":2},"jetpack_post_was_ever_published":false},"categories":[19],"tags":[],"class_list":["post-64782","post","type-post","status-publish","format-standard","has-post-thumbnail","category-politica"],"jetpack_publicize_connections":[],"jetpack-related-posts":[],"jetpack_shortlink":"https:\/\/wp.me\/p7Eq1F-gQS","jetpack_sharing_enabled":true,"jetpack_featured_media_url":"https:\/\/i0.wp.com\/guialimeira.com.br\/news\/wp-content\/uploads\/2026\/05\/noticia-camara-34.jpg?fit=1280%2C640&ssl=1","_links":{"self":[{"href":"https:\/\/guialimeira.com.br\/news\/wp-json\/wp\/v2\/posts\/64782","targetHints":{"allow":["GET"]}}],"collection":[{"href":"https:\/\/guialimeira.com.br\/news\/wp-json\/wp\/v2\/posts"}],"about":[{"href":"https:\/\/guialimeira.com.br\/news\/wp-json\/wp\/v2\/types\/post"}],"author":[{"embeddable":true,"href":"https:\/\/guialimeira.com.br\/news\/wp-json\/wp\/v2\/users\/4"}],"replies":[{"embeddable":true,"href":"https:\/\/guialimeira.com.br\/news\/wp-json\/wp\/v2\/comments?post=64782"}],"version-history":[{"count":0,"href":"https:\/\/guialimeira.com.br\/news\/wp-json\/wp\/v2\/posts\/64782\/revisions"}],"wp:featuredmedia":[{"embeddable":true,"href":"https:\/\/guialimeira.com.br\/news\/wp-json\/wp\/v2\/media\/64780"}],"wp:attachment":[{"href":"https:\/\/guialimeira.com.br\/news\/wp-json\/wp\/v2\/media?parent=64782"}],"wp:term":[{"taxonomy":"category","embeddable":true,"href":"https:\/\/guialimeira.com.br\/news\/wp-json\/wp\/v2\/categories?post=64782"},{"taxonomy":"post_tag","embeddable":true,"href":"https:\/\/guialimeira.com.br\/news\/wp-json\/wp\/v2\/tags?post=64782"}],"curies":[{"name":"wp","href":"https:\/\/api.w.org\/{rel}","templated":true}]}}