{"id":64750,"date":"2026-05-08T10:55:55","date_gmt":"2026-05-08T13:55:55","guid":{"rendered":"https:\/\/guialimeira.com.br\/costa-junior-solicita-revitalizacao-e-possivel-parceria-para-manutencao-de-quadra-no-jardim-morro-azul\/"},"modified":"2026-05-08T10:55:55","modified_gmt":"2026-05-08T13:55:55","slug":"costa-junior-solicita-revitalizacao-e-possivel-parceria-para-manutencao-de-quadra-no-jardim-morro-azul","status":"publish","type":"post","link":"https:\/\/guialimeira.com.br\/news\/costa-junior-solicita-revitalizacao-e-possivel-parceria-para-manutencao-de-quadra-no-jardim-morro-azul\/","title":{"rendered":"Costa J\u00fanior solicita revitaliza\u00e7\u00e3o e poss\u00edvel parceria para manuten\u00e7\u00e3o de quadra no Jardim Morro Azul"},"content":{"rendered":"<p>Costa J\u00fanior solicita revitaliza\u00e7\u00e3o e poss\u00edvel parceria para manuten\u00e7\u00e3o de quadra no Jardim Morro Azul<\/p>\n<p>O vereador Costa J\u00fanior (Podemos) protocolou nesta sexta-feira, 8 de maio, o Requerimento N\u00ba 402\/2026, solicitando informa\u00e7\u00f5es \u00e0 Prefeitura sobre a exist\u00eancia de cronograma para pintura e revitaliza\u00e7\u00e3o da quadra localizada na rua Francisco Bisca, 121, com fundos para a rua Nem\u00e9sio Teixeira, no Jardim Morro Azul.<\/p>\n<p>O documento tamb\u00e9m questiona a possibilidade de concess\u00e3o, termo de coopera\u00e7\u00e3o ou parceria com associa\u00e7\u00f5es e entidades esportivas interessadas em contribuir com a preserva\u00e7\u00e3o do espa\u00e7o, promovendo atividades esportivas e sociais para a comunidade.<\/p>\n<p>Segundo o vereador, moradores relataram a necessidade urgente de melhorias estruturais no local, especialmente na pintura e conserva\u00e7\u00e3o da quadra, que \u00e9 amplamente utilizada por crian\u00e7as, adolescentes e fam\u00edlias da regi\u00e3o. \u201cNosso objetivo \u00e9 buscar alternativas para revitalizar o espa\u00e7o, fortalecer a seguran\u00e7a no entorno e incentivar o desenvolvimento de atividades esportivas e sociais que beneficiem diretamente a popula\u00e7\u00e3o\u201d, destacou Costa J\u00fanior.<\/p>\n<p>A iniciativa, conforme o parlamentar, busca garantir melhores condi\u00e7\u00f5es de uso da quadra, promovendo lazer, integra\u00e7\u00e3o social e incentivo \u00e0 pr\u00e1tica esportiva no bairro.<\/p>\n<p>Do Gabinete Parlamentar \u2013 Vereador\u00a0 Vicente Soares da Costa Junior (Podemos)<\/p>\n<p>*Fotos do Gabinete parlamentar<\/p>\n<p>As mat\u00e9rias de origem dos Gabinetes Parlamentares s\u00e3o de inteira\u00a0 responsabilidade dos parlamentares e de suas assessorias. S\u00e3o devidamente assinadas e n\u00e3o refletem, necessariamente, a opini\u00e3o institucional da C\u00e2mara Municipal de Limeira<\/p>\n<hr>\n<p><em>Fonte: <a href=\"https:\/\/www.limeira.sp.leg.br\/noticias\/view\/2026-05-08_costa-junior-solicita-revitalizacao-e-possivel-parceria-para-manutencao-de-quadra-no-jardim-morro-azul\" target=\"_blank\" rel=\"noopener\">C\u00e2mara Municipal de Limeira<\/a><\/em><\/p>\n","protected":false},"excerpt":{"rendered":"<p>Costa J\u00fanior solicita revitaliza\u00e7\u00e3o e poss\u00edvel parceria para manuten\u00e7\u00e3o de quadra no Jardim Morro Azul<\/p>\n<p>O vereador Costa J\u00fanior (Podemos) protocolou nesta sexta-feira, 8 de maio, o Requerimento N\u00ba 402\/2026, solicitando informa\u00e7\u00f5es \u00e0 Prefeitura sobre a exist\u00eancia de cronograma para pintura e revitali<\/p>\n","protected":false},"author":4,"featured_media":64749,"comment_status":"","ping_status":"open","sticky":false,"template":"","format":"standard","meta":{"_jetpack_newsletter_access":"","_jetpack_dont_email_post_to_subs":false,"_jetpack_newsletter_tier_id":0,"_jetpack_memberships_contains_paywalled_content":false,"_mbp_banners":[],"_jetpack_feature_clip_id":0,"_jetpack_memberships_contains_paid_content":false,"footnotes":"","jetpack_publicize_message":"","jetpack_publicize_feature_enabled":true,"jetpack_social_post_already_shared":true,"jetpack_social_options":{"image_generator_settings":{"template":"highway","default_image_id":0,"font":"","enabled":false},"version":2},"jetpack_post_was_ever_published":false},"categories":[19],"tags":[],"class_list":["post-64750","post","type-post","status-publish","format-standard","has-post-thumbnail","category-politica"],"jetpack_publicize_connections":[],"jetpack-related-posts":[],"jetpack_shortlink":"https:\/\/wp.me\/p7Eq1F-gQm","jetpack_sharing_enabled":true,"jetpack_featured_media_url":"https:\/\/i0.wp.com\/guialimeira.com.br\/news\/wp-content\/uploads\/2026\/05\/noticia-camara-32.jpg?fit=1280%2C640&ssl=1","_links":{"self":[{"href":"https:\/\/guialimeira.com.br\/news\/wp-json\/wp\/v2\/posts\/64750","targetHints":{"allow":["GET"]}}],"collection":[{"href":"https:\/\/guialimeira.com.br\/news\/wp-json\/wp\/v2\/posts"}],"about":[{"href":"https:\/\/guialimeira.com.br\/news\/wp-json\/wp\/v2\/types\/post"}],"author":[{"embeddable":true,"href":"https:\/\/guialimeira.com.br\/news\/wp-json\/wp\/v2\/users\/4"}],"replies":[{"embeddable":true,"href":"https:\/\/guialimeira.com.br\/news\/wp-json\/wp\/v2\/comments?post=64750"}],"version-history":[{"count":0,"href":"https:\/\/guialimeira.com.br\/news\/wp-json\/wp\/v2\/posts\/64750\/revisions"}],"wp:featuredmedia":[{"embeddable":true,"href":"https:\/\/guialimeira.com.br\/news\/wp-json\/wp\/v2\/media\/64749"}],"wp:attachment":[{"href":"https:\/\/guialimeira.com.br\/news\/wp-json\/wp\/v2\/media?parent=64750"}],"wp:term":[{"taxonomy":"category","embeddable":true,"href":"https:\/\/guialimeira.com.br\/news\/wp-json\/wp\/v2\/categories?post=64750"},{"taxonomy":"post_tag","embeddable":true,"href":"https:\/\/guialimeira.com.br\/news\/wp-json\/wp\/v2\/tags?post=64750"}],"curies":[{"name":"wp","href":"https:\/\/api.w.org\/{rel}","templated":true}]}}