{"id":64728,"date":"2026-05-08T08:15:54","date_gmt":"2026-05-08T11:15:54","guid":{"rendered":"https:\/\/guialimeira.com.br\/camara-pauta-sete-projetos-para-proxima-sessao-ordinaria\/"},"modified":"2026-05-08T08:15:54","modified_gmt":"2026-05-08T11:15:54","slug":"camara-pauta-sete-projetos-para-proxima-sessao-ordinaria","status":"publish","type":"post","link":"https:\/\/guialimeira.com.br\/news\/camara-pauta-sete-projetos-para-proxima-sessao-ordinaria\/","title":{"rendered":"C\u00e2mara pauta sete projetos para pr\u00f3xima sess\u00e3o ordin\u00e1ria"},"content":{"rendered":"<p>C\u00e2mara pauta sete projetos para pr\u00f3xima sess\u00e3o ordin\u00e1ria<\/p>\n<p>Na pr\u00f3xima sess\u00e3o ordin\u00e1ria da C\u00e2mara, na segunda-feira, 11 de maio, os vereadores votam sete projetos pautados na Ordem do Dia. Os trabalhos s\u00e3o transmitidos ao vivo pelos canais de comunica\u00e7\u00e3o do Legislativo no Youtube, Facebook e site, e pela r\u00e1dio Limeira FM 106,9, a partir das 17h.<\/p>\n<p>Os mun\u00edcipes tamb\u00e9m podem conferir as sess\u00f5es de forma presencial. Temporariamente a C\u00e2mara est\u00e1 localizada na rua Clarino Peixoto, 280 &#8211; Jardim Maria Buchi Modeneis, devido \u00e0s obras de reforma e amplia\u00e7\u00e3o da sede. Para entrar no pr\u00e9dio basta se identificar na portaria e seguir at\u00e9 o \u00faltimo bloco.\u00a0 As orienta\u00e7\u00f5es para chegar ao novo endere\u00e7o est\u00e3o neste link.<\/p>\n<p>Confira os projetos que est\u00e3o pautados na Ordem do Dia:<\/p>\n<p>Projeto de Lei N\u00ba 189\/2025, do vereador Costa Junior (Podemos), disp\u00f5e sobre a obrigatoriedade de divulga\u00e7\u00e3o, no site oficial da Prefeitura, das informa\u00e7\u00f5es relativas \u00e0s atividades f\u00edsicas e programas voltados \u00e0 popula\u00e7\u00e3o idosa.<\/p>\n<p>Projeto de Decreto Legislativo N\u00ba 24\/2025, do vereador Dr. Marcelo Rossi (MDB), concede o T\u00edtulo de Cidad\u00e3o Limeirense a Jos\u00e9 Adolfo Davoli Nabas pelos servi\u00e7os prestados a Limeira.<\/p>\n<p>Projeto de Lei N\u00ba 236\/2025, da vereadora Tatiane Lopes (Avante), institui diretrizes gerais para a pol\u00edtica p\u00fablica de promo\u00e7\u00e3o da alimenta\u00e7\u00e3o sustent\u00e1vel, saud\u00e1vel e socialmente respons\u00e1vel no \u00e2mbito da administra\u00e7\u00e3o p\u00fablica municipal.<\/p>\n<p>Projeto de Lei N\u00ba 37\/2026, do vereador M\u00e1rcio do Estacionamento (DC), institui diretrizes para a formula\u00e7\u00e3o de pol\u00edtica p\u00fablica de mobiliza\u00e7\u00e3o social por meio do xadrez.<\/p>\n<p>Projeto de Decreto Legislativo N\u00ba 8\/2026, do vereador Guilherme Guido (PL), concede o T\u00edtulo de Cidad\u00e3 Limeirense a Cristiana de Castro Moraes, conselheira e presidente do Tribunal de Contas do Estado de S\u00e3o Paulo, pelos servi\u00e7os prestados a Limeira.<\/p>\n<p>Projeto de Lei N\u00ba 50\/2026, da Prefeitura, autoriza o Poder Executivo Municipal, por meio da Secretaria de Promo\u00e7\u00e3o Social Municipal (Seprosom) e do Fundo Municipal de Assist\u00eancia Social (FMAS), a repassar recursos financeiros, a t\u00edtulo de subven\u00e7\u00e3o social, a entidade benefici\u00e1ria Fraternidade do Tri\u00e2ngulo Ramatis, e altera a Lei Municipal N\u00ba 7247\/2025.<\/p>\n<p>Projeto de Lei Complementar N\u00ba 11\/2026, da Prefeitura, disp\u00f5e sobre o procedimento para a instala\u00e7\u00e3o de infraestrutura de suporte para Esta\u00e7\u00e3o Transmissora de R\u00e1dio Comunica\u00e7\u00e3o (ETR), nos termos da legisla\u00e7\u00e3o federal vigente.<\/p>\n<hr>\n<p><em>Fonte: <a href=\"https:\/\/www.limeira.sp.leg.br\/noticias\/view\/2026-05-08_camara-pauta-sete-projetos-para-proxima-sessao-ordinaria\" target=\"_blank\" rel=\"noopener\">C\u00e2mara Municipal de Limeira<\/a><\/em><\/p>\n","protected":false},"excerpt":{"rendered":"<p>C\u00e2mara pauta sete projetos para pr\u00f3xima sess\u00e3o ordin\u00e1ria<\/p>\n<p>Na pr\u00f3xima sess\u00e3o ordin\u00e1ria da C\u00e2mara, na segunda-feira, 11 de maio, os vereadores votam sete projetos pautados na Ordem do Dia. Os trabalhos s\u00e3o transmitidos ao vivo pelos canais de comunica\u00e7\u00e3o do Legislativo no Youtube, Facebook e site, e p<\/p>\n","protected":false},"author":4,"featured_media":64727,"comment_status":"","ping_status":"open","sticky":false,"template":"","format":"standard","meta":{"_jetpack_newsletter_access":"","_jetpack_dont_email_post_to_subs":false,"_jetpack_newsletter_tier_id":0,"_jetpack_memberships_contains_paywalled_content":false,"_mbp_banners":[],"_jetpack_feature_clip_id":0,"_jetpack_memberships_contains_paid_content":false,"footnotes":"","jetpack_publicize_message":"","jetpack_publicize_feature_enabled":true,"jetpack_social_post_already_shared":true,"jetpack_social_options":{"image_generator_settings":{"template":"highway","default_image_id":0,"font":"","enabled":false},"version":2},"jetpack_post_was_ever_published":false},"categories":[19],"tags":[],"class_list":["post-64728","post","type-post","status-publish","format-standard","has-post-thumbnail","category-politica"],"jetpack_publicize_connections":[],"jetpack-related-posts":[],"jetpack_shortlink":"https:\/\/wp.me\/p7Eq1F-gQ0","jetpack_sharing_enabled":true,"jetpack_featured_media_url":"https:\/\/i0.wp.com\/guialimeira.com.br\/news\/wp-content\/uploads\/2026\/05\/noticia-camara-31.jpg?fit=1280%2C640&ssl=1","_links":{"self":[{"href":"https:\/\/guialimeira.com.br\/news\/wp-json\/wp\/v2\/posts\/64728","targetHints":{"allow":["GET"]}}],"collection":[{"href":"https:\/\/guialimeira.com.br\/news\/wp-json\/wp\/v2\/posts"}],"about":[{"href":"https:\/\/guialimeira.com.br\/news\/wp-json\/wp\/v2\/types\/post"}],"author":[{"embeddable":true,"href":"https:\/\/guialimeira.com.br\/news\/wp-json\/wp\/v2\/users\/4"}],"replies":[{"embeddable":true,"href":"https:\/\/guialimeira.com.br\/news\/wp-json\/wp\/v2\/comments?post=64728"}],"version-history":[{"count":0,"href":"https:\/\/guialimeira.com.br\/news\/wp-json\/wp\/v2\/posts\/64728\/revisions"}],"wp:featuredmedia":[{"embeddable":true,"href":"https:\/\/guialimeira.com.br\/news\/wp-json\/wp\/v2\/media\/64727"}],"wp:attachment":[{"href":"https:\/\/guialimeira.com.br\/news\/wp-json\/wp\/v2\/media?parent=64728"}],"wp:term":[{"taxonomy":"category","embeddable":true,"href":"https:\/\/guialimeira.com.br\/news\/wp-json\/wp\/v2\/categories?post=64728"},{"taxonomy":"post_tag","embeddable":true,"href":"https:\/\/guialimeira.com.br\/news\/wp-json\/wp\/v2\/tags?post=64728"}],"curies":[{"name":"wp","href":"https:\/\/api.w.org\/{rel}","templated":true}]}}