{"id":64676,"date":"2026-05-07T17:50:55","date_gmt":"2026-05-07T20:50:55","guid":{"rendered":"https:\/\/guialimeira.com.br\/queimadas-em-areas-urbanas-entram-na-pauta-da-comissao-de-meio-ambiente\/"},"modified":"2026-05-07T17:50:55","modified_gmt":"2026-05-07T20:50:55","slug":"queimadas-em-areas-urbanas-entram-na-pauta-da-comissao-de-meio-ambiente","status":"publish","type":"post","link":"https:\/\/guialimeira.com.br\/news\/queimadas-em-areas-urbanas-entram-na-pauta-da-comissao-de-meio-ambiente\/","title":{"rendered":"Queimadas em \u00e1reas urbanas entram na pauta da Comiss\u00e3o de Meio Ambiente"},"content":{"rendered":"<p>Queimadas em \u00e1reas urbanas entram na pauta da Comiss\u00e3o de Meio Ambiente<\/p>\n<p>As queimadas em diversos pontos no Munic\u00edpio foi o assunto abordado pela Comiss\u00e3o de Meio Ambiente durante a reuni\u00e3o desta quinta-feira, 7 de maio. O colegiado questionou \u00e0 Prefeitura como est\u00e1 o planejamento de combate \u00e0s queimadas e a interlocu\u00e7\u00e3o entre o Poder Executivo, Defesa Civil e Corpo de Bombeiros, bem como qual a frequ\u00eancia de vistorias em vias p\u00fablicas com vegeta\u00e7\u00e3o densa e de alto risco de inc\u00eandio, principalmente nas faixas de transi\u00e7\u00e3o com \u00e1reas residenciais.<\/p>\n<p>O presidente da comiss\u00e3o, vereador Felipe Penedo (PL) tamb\u00e9m levantou questionamentos sobre quais est\u00e3o sendo as medidas de fiscaliza\u00e7\u00e3o adotadas nos ecopontos para evitar que os materiais acumulados possam entrar em combust\u00e3o e quais as exig\u00eancias de seguran\u00e7a e combate a inc\u00eandios nos estabelecimentos destinados a dep\u00f3sito de materiais recicl\u00e1veis.<\/p>\n<p>Per\u00edodo de estiagem<\/p>\n<p>Com o per\u00edodo de estiagem se aproximando, os vereadores tamb\u00e9m solicitaram esclarecimentos ao Poder Executivo se est\u00e3o sendo realizadas vistorias nas represas do Munic\u00edpio e como est\u00e1 o planejamento para o desassoreamento da represa Tabajara, al\u00e9m da ades\u00e3o ao Programa Rios Vivos.<\/p>\n<p>Agenda<\/p>\n<p>A Comiss\u00e3o de Meio Ambiente agendou uma reuni\u00e3o para o dia 21 de maio com o secret\u00e1rio de Meio Ambiente, F\u00e1bio Luccas, para tratar da regulariza\u00e7\u00e3o da ocupa\u00e7\u00e3o de \u00e1reas verdes para atividades de agricultura familiar.<\/p>\n<p>Fazem parte da Comiss\u00e3o al\u00e9m do vereador Felipe Penedo; Tatiane Lopes (Avante), vice-presidente; e Helder do T\u00e1xi (PSD), secret\u00e1rio. As delibera\u00e7\u00f5es feitas durante a reuni\u00e3o constam em ata.<\/p>\n<hr>\n<p><em>Fonte: <a href=\"https:\/\/www.limeira.sp.leg.br\/noticias\/view\/2026-05-07_queimadas-em-areas-urbanas-entram-na-pauta-da-comissao-de-meio-ambiente\" target=\"_blank\" rel=\"noopener\">C\u00e2mara Municipal de Limeira<\/a><\/em><\/p>\n","protected":false},"excerpt":{"rendered":"<p>Queimadas em \u00e1reas urbanas entram na pauta da Comiss\u00e3o de Meio Ambiente<\/p>\n<p>As queimadas em diversos pontos no Munic\u00edpio foi o assunto abordado pela Comiss\u00e3o de Meio Ambiente durante a reuni\u00e3o desta quinta-feira, 7 de maio. O colegiado questionou \u00e0 Prefeitura como est\u00e1 o planejamento de combate \u00e0s quei<\/p>\n","protected":false},"author":4,"featured_media":64675,"comment_status":"","ping_status":"open","sticky":false,"template":"","format":"standard","meta":{"_jetpack_newsletter_access":"","_jetpack_dont_email_post_to_subs":false,"_jetpack_newsletter_tier_id":0,"_jetpack_memberships_contains_paywalled_content":false,"_mbp_banners":[],"_jetpack_feature_clip_id":0,"_jetpack_memberships_contains_paid_content":false,"footnotes":"","jetpack_publicize_message":"","jetpack_publicize_feature_enabled":true,"jetpack_social_post_already_shared":true,"jetpack_social_options":{"image_generator_settings":{"template":"highway","default_image_id":0,"font":"","enabled":false},"version":2},"jetpack_post_was_ever_published":false},"categories":[19],"tags":[],"class_list":["post-64676","post","type-post","status-publish","format-standard","has-post-thumbnail","category-politica"],"jetpack_publicize_connections":[],"jetpack-related-posts":[],"jetpack_shortlink":"https:\/\/wp.me\/p7Eq1F-gPa","jetpack_sharing_enabled":true,"jetpack_featured_media_url":"https:\/\/i0.wp.com\/guialimeira.com.br\/news\/wp-content\/uploads\/2026\/05\/noticia-camara-29.jpg?fit=1280%2C640&ssl=1","_links":{"self":[{"href":"https:\/\/guialimeira.com.br\/news\/wp-json\/wp\/v2\/posts\/64676","targetHints":{"allow":["GET"]}}],"collection":[{"href":"https:\/\/guialimeira.com.br\/news\/wp-json\/wp\/v2\/posts"}],"about":[{"href":"https:\/\/guialimeira.com.br\/news\/wp-json\/wp\/v2\/types\/post"}],"author":[{"embeddable":true,"href":"https:\/\/guialimeira.com.br\/news\/wp-json\/wp\/v2\/users\/4"}],"replies":[{"embeddable":true,"href":"https:\/\/guialimeira.com.br\/news\/wp-json\/wp\/v2\/comments?post=64676"}],"version-history":[{"count":0,"href":"https:\/\/guialimeira.com.br\/news\/wp-json\/wp\/v2\/posts\/64676\/revisions"}],"wp:featuredmedia":[{"embeddable":true,"href":"https:\/\/guialimeira.com.br\/news\/wp-json\/wp\/v2\/media\/64675"}],"wp:attachment":[{"href":"https:\/\/guialimeira.com.br\/news\/wp-json\/wp\/v2\/media?parent=64676"}],"wp:term":[{"taxonomy":"category","embeddable":true,"href":"https:\/\/guialimeira.com.br\/news\/wp-json\/wp\/v2\/categories?post=64676"},{"taxonomy":"post_tag","embeddable":true,"href":"https:\/\/guialimeira.com.br\/news\/wp-json\/wp\/v2\/tags?post=64676"}],"curies":[{"name":"wp","href":"https:\/\/api.w.org\/{rel}","templated":true}]}}