{"id":64674,"date":"2026-05-07T17:40:59","date_gmt":"2026-05-07T20:40:59","guid":{"rendered":"https:\/\/guialimeira.com.br\/comissao-de-seguranca-quer-incluir-fiscalizacao-de-ruidos-nas-atribuicoes-da-guarda-civil-municipal\/"},"modified":"2026-05-07T17:40:59","modified_gmt":"2026-05-07T20:40:59","slug":"comissao-de-seguranca-quer-incluir-fiscalizacao-de-ruidos-nas-atribuicoes-da-guarda-civil-municipal","status":"publish","type":"post","link":"https:\/\/guialimeira.com.br\/news\/comissao-de-seguranca-quer-incluir-fiscalizacao-de-ruidos-nas-atribuicoes-da-guarda-civil-municipal\/","title":{"rendered":"Comiss\u00e3o de Seguran\u00e7a quer incluir fiscaliza\u00e7\u00e3o de ru\u00eddos nas atribui\u00e7\u00f5es da Guarda Civil Municipal"},"content":{"rendered":"<p>Comiss\u00e3o de Seguran\u00e7a quer incluir fiscaliza\u00e7\u00e3o de ru\u00eddos nas atribui\u00e7\u00f5es da Guarda Civil Municipal<\/p>\n<p>A Comiss\u00e3o de Seguran\u00e7a P\u00fablica da C\u00e2mara pretende alterar as atribui\u00e7\u00f5es da Guarda Civil Municipal (GCM) com o objetivo de permitir que os GCMs possam realizar fiscaliza\u00e7\u00f5es no per\u00edodo noturno da Lei N\u00ba 5515\/2015 (Lei do Pancad\u00e3o) que pro\u00edbe a difus\u00e3o de sons e ru\u00eddos por meio de equipamentos sonoros com volume e frequ\u00eancia excessivos e perturbadores do sossego.<\/p>\n<p>A mudan\u00e7a foi proposta na reuni\u00e3o desta quinta-feira, 7 de maio. De acordo com os membros do colegiado, existe uma dificuldade na fiscaliza\u00e7\u00e3o de estabelecimentos no per\u00edodo noturno, por falta de fiscais. Eles apontam que a GCM \u00e9 o \u00fanico \u00f3rg\u00e3o de Limeira que funciona 24h por dia e que poderia desempenhar essa fun\u00e7\u00e3o de fiscaliza\u00e7\u00e3o sem onerar os cofres municipais.<\/p>\n<p>A minuta que vai propor altera\u00e7\u00f5es na Lei Complementar N\u00ba 622\/2011, que disp\u00f5e sobre o Estatuto da Guarda Civil Municipal de Limeira, e na Lei Complementar N\u00ba 650\/2012, que institui o C\u00f3digo Municipal do Meio Ambiente, para propor a nova atribui\u00e7\u00e3o ser\u00e1 apresentada na reuni\u00e3o do colegiado da pr\u00f3xima semana, no dia 14 de maio.<\/p>\n<p>A Comiss\u00e3o de Seguran\u00e7a P\u00fablica da C\u00e2mara \u00e9 composta pelos vereadores Costa J\u00fanior (Podemos), presidente; Felipe Penedo (PL), vice-presidente, e Carlinhos do Grotta (PL), secret\u00e1rio.<\/p>\n<p>S\u00e3o responsabilidades deste colegiado opinar sobre proposituras relativas \u00e0 \u00e1rea, bem como promover estudos e reuni\u00f5es sobre a criminalidade, a viol\u00eancia e a seguran\u00e7a p\u00fablica, propondo medidas necess\u00e1rias \u00e0 melhoria da preven\u00e7\u00e3o e prote\u00e7\u00e3o da comunidade; atuar junto \u00e0s esferas governamentais a fim de implementar pol\u00edticas de seguran\u00e7a p\u00fablica no Munic\u00edpio; e apresentar sugest\u00f5es para o aperfei\u00e7oamento da legisla\u00e7\u00e3o municipal pertinente \u00e0 seguran\u00e7a p\u00fablica. As delibera\u00e7\u00f5es podem ser conferidas em ata.<\/p>\n<hr>\n<p><em>Fonte: <a href=\"https:\/\/www.limeira.sp.leg.br\/noticias\/view\/2026-05-07_comissao-de-seguranca-quer-incluir-fiscalizacao-de-ruidos-nas-atribuicoes-da-guarda-civil-municipal\" target=\"_blank\" rel=\"noopener\">C\u00e2mara Municipal de Limeira<\/a><\/em><\/p>\n","protected":false},"excerpt":{"rendered":"<p>Comiss\u00e3o de Seguran\u00e7a quer incluir fiscaliza\u00e7\u00e3o de ru\u00eddos nas atribui\u00e7\u00f5es da Guarda Civil Municipal<\/p>\n<p>A Comiss\u00e3o de Seguran\u00e7a P\u00fablica da C\u00e2mara pretende alterar as atribui\u00e7\u00f5es da Guarda Civil Municipal (GCM) com o objetivo de permitir que os GCMs possam realizar fiscaliza\u00e7\u00f5es no per\u00edodo noturno da Le<\/p>\n","protected":false},"author":4,"featured_media":64673,"comment_status":"","ping_status":"open","sticky":false,"template":"","format":"standard","meta":{"_jetpack_newsletter_access":"","_jetpack_dont_email_post_to_subs":false,"_jetpack_newsletter_tier_id":0,"_jetpack_memberships_contains_paywalled_content":false,"_mbp_banners":[],"_jetpack_feature_clip_id":0,"_jetpack_memberships_contains_paid_content":false,"footnotes":"","jetpack_publicize_message":"","jetpack_publicize_feature_enabled":true,"jetpack_social_post_already_shared":true,"jetpack_social_options":{"image_generator_settings":{"template":"highway","default_image_id":0,"font":"","enabled":false},"version":2},"jetpack_post_was_ever_published":false},"categories":[19],"tags":[],"class_list":["post-64674","post","type-post","status-publish","format-standard","has-post-thumbnail","category-politica"],"jetpack_publicize_connections":[],"jetpack-related-posts":[],"jetpack_shortlink":"https:\/\/wp.me\/p7Eq1F-gP8","jetpack_sharing_enabled":true,"jetpack_featured_media_url":"https:\/\/i0.wp.com\/guialimeira.com.br\/news\/wp-content\/uploads\/2026\/05\/noticia-camara-28.jpg?fit=1280%2C640&ssl=1","_links":{"self":[{"href":"https:\/\/guialimeira.com.br\/news\/wp-json\/wp\/v2\/posts\/64674","targetHints":{"allow":["GET"]}}],"collection":[{"href":"https:\/\/guialimeira.com.br\/news\/wp-json\/wp\/v2\/posts"}],"about":[{"href":"https:\/\/guialimeira.com.br\/news\/wp-json\/wp\/v2\/types\/post"}],"author":[{"embeddable":true,"href":"https:\/\/guialimeira.com.br\/news\/wp-json\/wp\/v2\/users\/4"}],"replies":[{"embeddable":true,"href":"https:\/\/guialimeira.com.br\/news\/wp-json\/wp\/v2\/comments?post=64674"}],"version-history":[{"count":0,"href":"https:\/\/guialimeira.com.br\/news\/wp-json\/wp\/v2\/posts\/64674\/revisions"}],"wp:featuredmedia":[{"embeddable":true,"href":"https:\/\/guialimeira.com.br\/news\/wp-json\/wp\/v2\/media\/64673"}],"wp:attachment":[{"href":"https:\/\/guialimeira.com.br\/news\/wp-json\/wp\/v2\/media?parent=64674"}],"wp:term":[{"taxonomy":"category","embeddable":true,"href":"https:\/\/guialimeira.com.br\/news\/wp-json\/wp\/v2\/categories?post=64674"},{"taxonomy":"post_tag","embeddable":true,"href":"https:\/\/guialimeira.com.br\/news\/wp-json\/wp\/v2\/tags?post=64674"}],"curies":[{"name":"wp","href":"https:\/\/api.w.org\/{rel}","templated":true}]}}