{"id":6467,"date":"2024-05-26T11:35:44","date_gmt":"2024-05-26T14:35:44","guid":{"rendered":"https:\/\/guialimeira.com.br\/2024\/05\/26\/brasil-conhece-adversarios-do-torneio-paralimpico-de-futebol-de-cegos\/"},"modified":"2024-05-26T11:35:44","modified_gmt":"2024-05-26T14:35:44","slug":"brasil-conhece-adversarios-do-torneio-paralimpico-de-futebol-de-cegos","status":"publish","type":"post","link":"https:\/\/guialimeira.com.br\/news\/brasil-conhece-adversarios-do-torneio-paralimpico-de-futebol-de-cegos\/","title":{"rendered":"Brasil conhece advers\u00e1rios do torneio paral\u00edmpico de futebol de cegos"},"content":{"rendered":"<p> <br \/>\n<\/p>\n<div>\n<p>O Brasil conheceu no \u00faltimo s\u00e1bado (25) os seus advers\u00e1rios na primeira fase do torneio de futebol de cegos da pr\u00f3xima edi\u00e7\u00e3o dos Jogos Paral\u00edmpicos, que ser\u00e3o disputados em Paris (Fran\u00e7a). Um sorteio realizado em Schiltigheim (Fran\u00e7a) colocou a sele\u00e7\u00e3o brasileira no Grupo A ao lado da anfitri\u00e3 Fran\u00e7a, da China e da Turquia.<img data-recalc-dims=\"1\" decoding=\"async\" src=\"https:\/\/i0.wp.com\/agenciabrasil.ebc.com.br\/ebc.png?w=696&#038;ssl=1\" style=\"width:1px; height:1px; display:inline;\"\/><img data-recalc-dims=\"1\" decoding=\"async\" src=\"https:\/\/i0.wp.com\/agenciabrasil.ebc.com.br\/ebc.gif?w=696&#038;ssl=1\" style=\"width:1px; height:1px; display:inline;\"\/><\/p>\n<p>A estreia da equipe canarinho ser\u00e1 no dia 1\u00ba de setembro, oportunidade na qual medir\u00e1 for\u00e7as com a Turquia a partir das 13h30 (hor\u00e1rio de Bras\u00edlia). As duas equipes j\u00e1 se enfrentaram em duas oportunidades em edi\u00e7\u00f5es de Jogos Paral\u00edmpicos, com duas vit\u00f3rias brasileiras.<\/p>\n<blockquote class=\"twitter-tweet\">\n<p dir=\"ltr\" lang=\"pt\" xml:lang=\"pt\">Sele\u00e7\u00e3o Brasileira de futebol de cegos conhece advers\u00e1rios na busca pelo hexacampeonato paral\u00edmpico em Paris. \u26bd\ufe0f\ud83c\uddeb\ud83c\uddf7<\/p>\n<p>Saiba mais: <a href=\"https:\/\/t.co\/hwzlfrn1Qv\">https:\/\/t.co\/hwzlfrn1Qv<\/a><a href=\"https:\/\/twitter.com\/hashtag\/LoteriasCaixa?src=hash&amp;ref_src=twsrc%5Etfw\" rel=\"noopener\">#LoteriasCaixa<\/a> <a href=\"https:\/\/t.co\/I4HC1FraDy\">pic.twitter.com\/I4HC1FraDy<\/a><\/p>\n<p>\u2014 Comit\u00ea Paral\u00edmpico Brasileiro (@BraParalimpico) <a href=\"https:\/\/twitter.com\/BraParalimpico\/status\/1794504021018886585?ref_src=twsrc%5Etfw\" rel=\"noopener\">May 25, 2024<\/a><\/p><\/blockquote>\n<p>Um dia depois, a partir das 15h30, os pentacampe\u00f5es paral\u00edmpicos invictos e \u00fanicos medalhistas de ouro desde que a modalidade foi inserida no programa do megaevento esportivo pegar\u00e3o a Fran\u00e7a. O retrospecto em Jogos Paral\u00edmpicos \u00e9 de um empate e tr\u00eas vit\u00f3rias do Brasil, incluindo a final em Londres 2012. A \u00faltima partida da primeira fase, diante da China, ser\u00e1 disputada no dia 3 a partir das 13h30.<\/p>\n<p>\u201cPegaremos a China, que \u00e9 um dos times melhores do mundo, a Turquia e a Fran\u00e7a, que ter\u00e1 a torcida toda a favor. Foi uma chave boa, tentaremos nos classificar, de prefer\u00eancia, na primeira coloca\u00e7\u00e3o. Ser\u00e1 uma competi\u00e7\u00e3o muito equilibrada. Vamos trabalhar agora sabendo que s\u00e3o nossos advers\u00e1rios\u201d, declarou o t\u00e9cnico da sele\u00e7\u00e3o brasileira de futebol de cegos, F\u00e1bio Vasconcelos.<\/p>\n<\/p><\/div>\n<p><script async src=\"\/\/platform.twitter.com\/widgets.js\" charset=\"utf-8\"><\/script><br \/>\n<br \/><br \/>\n<br \/><a href=\"https:\/\/agenciabrasil.ebc.com.br\/esportes\/noticia\/2024-05\/brasil-conhece-adversarios-da-torneio-paralimpico-de-futebol-de-cegos\" rel=\"noopener\">Ag\u00eancia Brasil<\/a><\/p>\n","protected":false},"excerpt":{"rendered":"<p>O Brasil conheceu no \u00faltimo s\u00e1bado (25) os seus advers\u00e1rios na primeira fase do torneio de futebol de cegos da pr\u00f3xima edi\u00e7\u00e3o dos Jogos Paral\u00edmpicos, que ser\u00e3o disputados em Paris (Fran\u00e7a). Um sorteio realizado em Schiltigheim (Fran\u00e7a) colocou a sele\u00e7\u00e3o brasileira no Grupo A ao lado da anfitri\u00e3 Fran\u00e7a, da China e da Turquia. A [&hellip;]<\/p>\n","protected":false},"author":1,"featured_media":6468,"comment_status":"open","ping_status":"open","sticky":false,"template":"","format":"standard","meta":{"_jetpack_newsletter_access":"","_jetpack_dont_email_post_to_subs":false,"_jetpack_newsletter_tier_id":0,"_jetpack_memberships_contains_paywalled_content":false,"_mbp_banners":[],"_jetpack_feature_clip_id":0,"_jetpack_memberships_contains_paid_content":false,"footnotes":"","jetpack_publicize_message":"","jetpack_publicize_feature_enabled":true,"jetpack_social_post_already_shared":true,"jetpack_social_options":{"image_generator_settings":{"template":"highway","default_image_id":0,"font":"","enabled":false},"version":2},"jetpack_post_was_ever_published":false},"categories":[23],"tags":[],"class_list":["post-6467","post","type-post","status-publish","format-standard","has-post-thumbnail","category-esportes"],"jetpack_publicize_connections":[],"jetpack-related-posts":[],"jetpack_shortlink":"https:\/\/wp.me\/p7Eq1F-1Gj","jetpack_sharing_enabled":true,"jetpack_featured_media_url":"https:\/\/i0.wp.com\/guialimeira.com.br\/news\/wp-content\/uploads\/2024\/05\/ale_7001.jpg?fit=1600%2C800&ssl=1","_links":{"self":[{"href":"https:\/\/guialimeira.com.br\/news\/wp-json\/wp\/v2\/posts\/6467","targetHints":{"allow":["GET"]}}],"collection":[{"href":"https:\/\/guialimeira.com.br\/news\/wp-json\/wp\/v2\/posts"}],"about":[{"href":"https:\/\/guialimeira.com.br\/news\/wp-json\/wp\/v2\/types\/post"}],"author":[{"embeddable":true,"href":"https:\/\/guialimeira.com.br\/news\/wp-json\/wp\/v2\/users\/1"}],"replies":[{"embeddable":true,"href":"https:\/\/guialimeira.com.br\/news\/wp-json\/wp\/v2\/comments?post=6467"}],"version-history":[{"count":0,"href":"https:\/\/guialimeira.com.br\/news\/wp-json\/wp\/v2\/posts\/6467\/revisions"}],"wp:featuredmedia":[{"embeddable":true,"href":"https:\/\/guialimeira.com.br\/news\/wp-json\/wp\/v2\/media\/6468"}],"wp:attachment":[{"href":"https:\/\/guialimeira.com.br\/news\/wp-json\/wp\/v2\/media?parent=6467"}],"wp:term":[{"taxonomy":"category","embeddable":true,"href":"https:\/\/guialimeira.com.br\/news\/wp-json\/wp\/v2\/categories?post=6467"},{"taxonomy":"post_tag","embeddable":true,"href":"https:\/\/guialimeira.com.br\/news\/wp-json\/wp\/v2\/tags?post=6467"}],"curies":[{"name":"wp","href":"https:\/\/api.w.org\/{rel}","templated":true}]}}