{"id":64668,"date":"2026-05-07T17:15:58","date_gmt":"2026-05-07T20:15:58","guid":{"rendered":"https:\/\/guialimeira.com.br\/avcbs-de-predios-publicos-e-reconstrucao-da-escola-prada-serao-temas-de-reuniao-da-comissao-de-obras\/"},"modified":"2026-05-07T17:15:58","modified_gmt":"2026-05-07T20:15:58","slug":"avcbs-de-predios-publicos-e-reconstrucao-da-escola-prada-serao-temas-de-reuniao-da-comissao-de-obras","status":"publish","type":"post","link":"https:\/\/guialimeira.com.br\/news\/avcbs-de-predios-publicos-e-reconstrucao-da-escola-prada-serao-temas-de-reuniao-da-comissao-de-obras\/","title":{"rendered":"AVCBs de pr\u00e9dios p\u00fablicos e reconstru\u00e7\u00e3o da Escola Prada ser\u00e3o temas de reuni\u00e3o da Comiss\u00e3o de Obras"},"content":{"rendered":"<p>AVCBs de pr\u00e9dios p\u00fablicos e reconstru\u00e7\u00e3o da Escola Prada ser\u00e3o temas de reuni\u00e3o da Comiss\u00e3o de Obras<\/p>\n<p>Com o objetivo de buscar esclarecimentos sobre a exist\u00eancia de Autos de Vistoria do Corpo de Bombeiros (AVCBs) dos pr\u00e9dios p\u00fablicos de Limeira, em especial das escolas municipais, a Comiss\u00e3o de Obras agendou uma reuni\u00e3o para o dia 28 de maio, \u00e0s 13h30, no Plen\u00e1rio da C\u00e2mara Municipal. A reconstru\u00e7\u00e3o da Escola Prada e os recursos para as obras tamb\u00e9m ser\u00e3o abordados. As delibera\u00e7\u00f5es foram registradas em ata.<\/p>\n<p>A reuni\u00e3o ser\u00e1 transmitida ao vivo nos canais de comunica\u00e7\u00e3o da C\u00e2mara no YouTube, Facebook e site oficial. Ser\u00e3o convidados para o encontro os secret\u00e1rios municipais de Obras, Assuntos Jur\u00eddicos, Educa\u00e7\u00e3o, Planejamento e Urbanismo, e Seguran\u00e7a P\u00fablica, bem como representantes do Corpo de Bombeiros.<\/p>\n<p>Al\u00e9m de agendar a reuni\u00e3o, os vereadores tamb\u00e9m encaminharam of\u00edcio \u00e0 Prefeitura solicitando informa\u00e7\u00f5es sobre a estrutura dispon\u00edvel para atendimento de ocorr\u00eancias de inc\u00eandio em Limeira.<\/p>\n<p>A delibera\u00e7\u00e3o aconteceu nesta quinta-feira, 7 de maio. Na reuni\u00e3o os vereadores tamb\u00e9m receberam\u00a0 o secret\u00e1rio de Mobilidade Urbana, Walter Veneciano, para discutir sobre demandas vi\u00e1rias do Munic\u00edpio. A previs\u00e3o de constru\u00e7\u00e3o da passarela do Bairro dos Lopes e a necessidade de pavimenta\u00e7\u00e3o da Estrada da Balsa foram algumas tem\u00e1ticas abordadas.<\/p>\n<p>Estrada da Balsa<\/p>\n<p>De acordo com o secret\u00e1rio de Mobilidade, uma reuni\u00e3o foi agendada com o Departamento de Estradas e Rodagem (DER) para a pr\u00f3xima semana para tratar da pavimenta\u00e7\u00e3o da Estrada da Balsa. Ele disse que j\u00e1 foram realizadas cinco reuni\u00f5es com deputados e com o Governo do Estado para angariar recursos, no entanto informou que as verbas n\u00e3o vir\u00e3o este ano.<\/p>\n<p>Ele ressaltou tamb\u00e9m que a pavimenta\u00e7\u00e3o provavelmente ter\u00e1 que ser realizada em etapas, uma vez que o custo total da obra \u00e9 de cerca de R$ 35 milh\u00f5es.<\/p>\n<p>Outras demandas vi\u00e1rias<\/p>\n<p>A Comiss\u00e3o tamb\u00e9m formalizou solicita\u00e7\u00f5es tratadas na reuni\u00e3o com a Artesp via of\u00edcio, dentre elas o pedido de recapeamento asf\u00e1ltico nas al\u00e7as de acesso da Rodovia Anhanguera nas sa\u00eddas do Jardim Ragazzo e Rosa Amarela e na entrada do Bairro dos Pires pela via Martin Lutero; a instala\u00e7\u00e3o de tr\u00eas passarelas ao longo da Anhanguera na altura dos quil\u00f4metros 138, 140 e 143; amplia\u00e7\u00e3o de terceira faixa de rolamento na Rodovia Anhanguera, no trecho compreendido entre o Km 146,4 e a Pra\u00e7a de Ped\u00e1gio; e a constru\u00e7\u00e3o de faixas de acelera\u00e7\u00e3o e desacelera\u00e7\u00e3o nas proximidades da entrada da f\u00e1brica Ajinomoto.<\/p>\n<p>Passarela dos Lopes<\/p>\n<p>Nesta semana, o colegiado, juntamente com o secret\u00e1rio estiveram na Ag\u00eancia de Transporte do Estado de S\u00e3o Paulo (Artesp) para buscar um cronograma de constru\u00e7\u00e3o da passarela no km 134+500 metros da Rodovia Anhanguera (SP-330), no Bairro dos Lopes. De acordo com o superintendente do \u00f3rg\u00e3o, Rodrigo Hirata, o in\u00edcio das obras ser\u00e1 em 15 de junho.<\/p>\n<p>Tanto os membros da Comiss\u00e3o, vereadores Helder do T\u00e1xi (PSD), presidente; M\u00e1rcio do Estacionamento (DC), vice-presidente; e Jo\u00e3o Antunes Bano (Solidariedade), secret\u00e1rio; como o secret\u00e1rio Walter Veneciano comemoraram a not\u00edcia e ressaltaram a import\u00e2ncia do trabalho conjunto entre o Legislativo e o Executivo na conquista da passarela.<\/p>\n<p>A Comiss\u00e3o<\/p>\n<p>A Comiss\u00e3o de Obras e Planejamento Urbano \u00e9 respons\u00e1vel por temas como servi\u00e7os p\u00fablicos, uso, ocupa\u00e7\u00e3o e parcelamento do solo, e \u00e9 formada pelos vereadores Helder do T\u00e1xi (PSD), presidente; M\u00e1rcio do Estacionamento (DC), vice-presidente; e Jo\u00e3o Antunes Bano (Solidariedade), secret\u00e1rio. Eles se re\u00fanem ordinariamente \u00e0s quintas-feiras, a partir das 13h30.<\/p>\n<hr>\n<p><em>Fonte: <a href=\"https:\/\/www.limeira.sp.leg.br\/noticias\/view\/2026-05-07_avcbs-de-predios-publicos-e-reconstrucao-da-escola-prada-serao-temas-de-reuniao-da-comissao-de-obras\" target=\"_blank\" rel=\"noopener\">C\u00e2mara Municipal de Limeira<\/a><\/em><\/p>\n","protected":false},"excerpt":{"rendered":"<p>AVCBs de pr\u00e9dios p\u00fablicos e reconstru\u00e7\u00e3o da Escola Prada ser\u00e3o temas de reuni\u00e3o da Comiss\u00e3o de Obras<\/p>\n<p>Com o objetivo de buscar esclarecimentos sobre a exist\u00eancia de Autos de Vistoria do Corpo de Bombeiros (AVCBs) dos pr\u00e9dios p\u00fablicos de Limeira, em especial das escolas municipais, a Comiss\u00e3o de Obra<\/p>\n","protected":false},"author":4,"featured_media":64667,"comment_status":"","ping_status":"open","sticky":false,"template":"","format":"standard","meta":{"_jetpack_newsletter_access":"","_jetpack_dont_email_post_to_subs":false,"_jetpack_newsletter_tier_id":0,"_jetpack_memberships_contains_paywalled_content":false,"_mbp_banners":[],"_jetpack_feature_clip_id":0,"_jetpack_memberships_contains_paid_content":false,"footnotes":"","jetpack_publicize_message":"","jetpack_publicize_feature_enabled":true,"jetpack_social_post_already_shared":true,"jetpack_social_options":{"image_generator_settings":{"template":"highway","default_image_id":0,"font":"","enabled":false},"version":2},"jetpack_post_was_ever_published":false},"categories":[19],"tags":[],"class_list":["post-64668","post","type-post","status-publish","format-standard","has-post-thumbnail","category-politica"],"jetpack_publicize_connections":[],"jetpack-related-posts":[],"jetpack_shortlink":"https:\/\/wp.me\/p7Eq1F-gP2","jetpack_sharing_enabled":true,"jetpack_featured_media_url":"https:\/\/i0.wp.com\/guialimeira.com.br\/news\/wp-content\/uploads\/2026\/05\/noticia-camara-27.jpg?fit=1280%2C640&ssl=1","_links":{"self":[{"href":"https:\/\/guialimeira.com.br\/news\/wp-json\/wp\/v2\/posts\/64668","targetHints":{"allow":["GET"]}}],"collection":[{"href":"https:\/\/guialimeira.com.br\/news\/wp-json\/wp\/v2\/posts"}],"about":[{"href":"https:\/\/guialimeira.com.br\/news\/wp-json\/wp\/v2\/types\/post"}],"author":[{"embeddable":true,"href":"https:\/\/guialimeira.com.br\/news\/wp-json\/wp\/v2\/users\/4"}],"replies":[{"embeddable":true,"href":"https:\/\/guialimeira.com.br\/news\/wp-json\/wp\/v2\/comments?post=64668"}],"version-history":[{"count":0,"href":"https:\/\/guialimeira.com.br\/news\/wp-json\/wp\/v2\/posts\/64668\/revisions"}],"wp:featuredmedia":[{"embeddable":true,"href":"https:\/\/guialimeira.com.br\/news\/wp-json\/wp\/v2\/media\/64667"}],"wp:attachment":[{"href":"https:\/\/guialimeira.com.br\/news\/wp-json\/wp\/v2\/media?parent=64668"}],"wp:term":[{"taxonomy":"category","embeddable":true,"href":"https:\/\/guialimeira.com.br\/news\/wp-json\/wp\/v2\/categories?post=64668"},{"taxonomy":"post_tag","embeddable":true,"href":"https:\/\/guialimeira.com.br\/news\/wp-json\/wp\/v2\/tags?post=64668"}],"curies":[{"name":"wp","href":"https:\/\/api.w.org\/{rel}","templated":true}]}}