{"id":6464,"date":"2024-05-26T11:24:44","date_gmt":"2024-05-26T14:24:44","guid":{"rendered":"https:\/\/guialimeira.com.br\/2024\/05\/26\/sp-inicia-campanha-de-vacinacao-contra-paralisia-infantil-na-segunda\/"},"modified":"2024-05-26T11:24:44","modified_gmt":"2024-05-26T14:24:44","slug":"sp-inicia-campanha-de-vacinacao-contra-paralisia-infantil-na-segunda","status":"publish","type":"post","link":"https:\/\/guialimeira.com.br\/news\/sp-inicia-campanha-de-vacinacao-contra-paralisia-infantil-na-segunda\/","title":{"rendered":"SP inicia campanha de vacina\u00e7\u00e3o contra paralisia infantil na segunda"},"content":{"rendered":"<p> <br \/>\n<\/p>\n<div>\n<p>A partir da pr\u00f3xima segunda-feira (27) crian\u00e7as at\u00e9 cinco anos de idade come\u00e7am a ser vacinadas contra a Poliomielite (paralisia infantil) no estado de S\u00e3o Paulo. A a\u00e7\u00e3o segue at\u00e9 o dia 14 de junho, em todas as Unidades B\u00e1sicas de Sa\u00fade (UBS). Os pais devem levar os filhos com a caderneta de vacina\u00e7\u00e3o. A vacina\u00e7\u00e3o \u00e9 fundamental para a redu\u00e7\u00e3o do risco de reintrodu\u00e7\u00e3o do poliov\u00edrus no Brasil, j\u00e1 que a doen\u00e7a est\u00e1 eliminada no pa\u00eds desde 1994.<img data-recalc-dims=\"1\" decoding=\"async\" src=\"https:\/\/i0.wp.com\/agenciabrasil.ebc.com.br\/ebc.png?w=696&#038;ssl=1\" style=\"width:1px; height:1px; display:inline;\"\/><img data-recalc-dims=\"1\" decoding=\"async\" src=\"https:\/\/i0.wp.com\/agenciabrasil.ebc.com.br\/ebc.gif?w=696&#038;ssl=1\" style=\"width:1px; height:1px; display:inline;\"\/><\/p>\n<p>A poliomielite, doen\u00e7a infectocontagiosa aguda, \u00e9 caracterizada pela contamina\u00e7\u00e3o pelo poliov\u00edrus que pode causar paralisia muscular dos membros inferiores, de forma assim\u00e9trica e irrevers\u00edvel, em casos graves podendo evoluir a \u00f3bito, sendo a vacina\u00e7\u00e3o a principal forma de preven\u00e7\u00e3o.<\/p>\n<p>A maioria das pessoas infectadas n\u00e3o manifesta sintomas que podem ser confundidos com outras doen\u00e7as virais como febre, mal-estar, dor de cabe\u00e7a, dor de garganta e no corpo, n\u00e1useas e v\u00f4mitos, pris\u00e3o de ventre, espasmos, rigidez na nuca, meningite.<\/p>\n<p>A expectativa \u00e9 imunizar 95% das crian\u00e7as entre um e menores de cinco anos de idade. Nos anos anteriores, a cobertura vacinal em todo o estado foi\u00a0 77,13% em 2022, j\u00e1 em 2023 foi registrado aumento para 85,65%, de acordo com o Painel de Monitoramento da Coberturas Vacinais do Minist\u00e9rio da Sa\u00fade.<\/p>\n<p>Em caso de d\u00favidas sobre a vacina, basta acessar o portal Vacina 100 D\u00favidas com as 100 perguntas mais frequentes sobre vacina\u00e7\u00e3o nos buscadores da internet. A ferramenta esclarece quest\u00f5es como efeitos colaterais, efic\u00e1cia das vacinas, doen\u00e7as imunopreven\u00edveis e quais os perigos ao n\u00e3o se imunizar. O acesso est\u00e1 dispon\u00edvel no <em><a href=\"https:\/\/www.vacina100duvidas.sp.gov.br\/\" target=\"_blank\" rel=\"noopener\">site<\/a>.<\/em><\/p>\n<p>&#8220;A poliomielite acaba trazendo complica\u00e7\u00f5es ao longo da vida, que chamamos de s\u00edndrome p\u00f3s-p\u00f3lio. Mas, gra\u00e7as \u00e0 vacina\u00e7\u00e3o, n\u00f3s n\u00e3o temos contato com pessoas que foram afetadas. No entanto, ainda h\u00e1 a circula\u00e7\u00e3o do v\u00edrus no mundo. Por isso, a estrat\u00e9gia de vacina\u00e7\u00e3o existe: al\u00e9m de proteger nossas crian\u00e7as, contribui com a erradica\u00e7\u00e3o da poliomielite\u201d, afirmou Ligia Nerger, diretora de Imuniza\u00e7\u00e3o da Secretaria Estadual de Sa\u00fade de SP.<\/p>\n<\/p><\/div>\n<p><br \/>\n<br \/><a href=\"https:\/\/agenciabrasil.ebc.com.br\/saude\/noticia\/2024-05\/sp-inicia-campanha-de-vacinacao-contra-paralisia-infantil-na-segunda\" rel=\"noopener\">Ag\u00eancia Brasil <\/a><\/p>\n","protected":false},"excerpt":{"rendered":"<p>A partir da pr\u00f3xima segunda-feira (27) crian\u00e7as at\u00e9 cinco anos de idade come\u00e7am a ser vacinadas contra a Poliomielite (paralisia infantil) no estado de S\u00e3o Paulo. A a\u00e7\u00e3o segue at\u00e9 o dia 14 de junho, em todas as Unidades B\u00e1sicas de Sa\u00fade (UBS). Os pais devem levar os filhos com a caderneta de vacina\u00e7\u00e3o. A [&hellip;]<\/p>\n","protected":false},"author":1,"featured_media":6465,"comment_status":"open","ping_status":"open","sticky":false,"template":"","format":"standard","meta":{"_jetpack_newsletter_access":"","_jetpack_dont_email_post_to_subs":false,"_jetpack_newsletter_tier_id":0,"_jetpack_memberships_contains_paywalled_content":false,"_mbp_banners":[],"_jetpack_feature_clip_id":0,"_jetpack_memberships_contains_paid_content":false,"footnotes":"","jetpack_publicize_message":"","jetpack_publicize_feature_enabled":true,"jetpack_social_post_already_shared":true,"jetpack_social_options":{"image_generator_settings":{"template":"highway","default_image_id":0,"font":"","enabled":false},"version":2},"jetpack_post_was_ever_published":false},"categories":[15],"tags":[],"class_list":["post-6464","post","type-post","status-publish","format-standard","has-post-thumbnail","category-saude"],"jetpack_publicize_connections":[],"jetpack-related-posts":[],"jetpack_shortlink":"https:\/\/wp.me\/p7Eq1F-1Gg","jetpack_sharing_enabled":true,"jetpack_featured_media_url":"https:\/\/i0.wp.com\/guialimeira.com.br\/news\/wp-content\/uploads\/2024\/05\/ffraz_abr_20180922_1659.jpg?fit=1600%2C800&ssl=1","_links":{"self":[{"href":"https:\/\/guialimeira.com.br\/news\/wp-json\/wp\/v2\/posts\/6464","targetHints":{"allow":["GET"]}}],"collection":[{"href":"https:\/\/guialimeira.com.br\/news\/wp-json\/wp\/v2\/posts"}],"about":[{"href":"https:\/\/guialimeira.com.br\/news\/wp-json\/wp\/v2\/types\/post"}],"author":[{"embeddable":true,"href":"https:\/\/guialimeira.com.br\/news\/wp-json\/wp\/v2\/users\/1"}],"replies":[{"embeddable":true,"href":"https:\/\/guialimeira.com.br\/news\/wp-json\/wp\/v2\/comments?post=6464"}],"version-history":[{"count":0,"href":"https:\/\/guialimeira.com.br\/news\/wp-json\/wp\/v2\/posts\/6464\/revisions"}],"wp:featuredmedia":[{"embeddable":true,"href":"https:\/\/guialimeira.com.br\/news\/wp-json\/wp\/v2\/media\/6465"}],"wp:attachment":[{"href":"https:\/\/guialimeira.com.br\/news\/wp-json\/wp\/v2\/media?parent=6464"}],"wp:term":[{"taxonomy":"category","embeddable":true,"href":"https:\/\/guialimeira.com.br\/news\/wp-json\/wp\/v2\/categories?post=6464"},{"taxonomy":"post_tag","embeddable":true,"href":"https:\/\/guialimeira.com.br\/news\/wp-json\/wp\/v2\/tags?post=6464"}],"curies":[{"name":"wp","href":"https:\/\/api.w.org\/{rel}","templated":true}]}}