{"id":6461,"date":"2024-05-26T08:43:45","date_gmt":"2024-05-26T11:43:45","guid":{"rendered":"https:\/\/guialimeira.com.br\/2024\/05\/26\/passeio-ciclistico-e-cancelado-devido-as-chuvas\/"},"modified":"2024-05-26T08:43:45","modified_gmt":"2024-05-26T11:43:45","slug":"passeio-ciclistico-e-cancelado-devido-as-chuvas","status":"publish","type":"post","link":"https:\/\/guialimeira.com.br\/news\/passeio-ciclistico-e-cancelado-devido-as-chuvas\/","title":{"rendered":"Passeio Cicl\u00edstico \u00e9 cancelado devido \u00e0s chuvas"},"content":{"rendered":"<p> <br \/>\n<\/p>\n<div>\n            <main class=\"\">&#13;<br \/>\n                &#13;<br \/>\n&#13;<br \/>\n&#13;<br \/>\n&#13;<br \/>\n    <img data-recalc-dims=\"1\" decoding=\"async\" src=\"https:\/\/i0.wp.com\/ecrie.com.br\/sistema\/conteudos\/imagem\/m_137_0_1_26052024075037.jpeg?w=696&#038;ssl=1\" alt=\"Passeio Cicl\u00edstico \u00e9 cancelado devido \u00e0s chuvas\"\/>&#13;<br \/>\n&#13;<\/p>\n<p style=\"text-align: justify;\">O 1\u00ba Passeio Cicl\u00edstico do Tr\u00e2nsito, que aconteceria neste domingo (26), a partir das 8h, foi cancelado devido \u00e0s chuvas. A nova data da atividade ser\u00e1 divulgada oportunamente.<\/p>\n<p>&#13;<\/p>\n<p style=\"text-align: justify;\">O evento, \u00e9 uma realiza\u00e7\u00e3o da Prefeitura de Limeira, por meio da Secretaria de Mobilidade Urbana, em parceria com a Leal Bike.<\/p>\n<p>&#13;<\/p>\n<p style=\"text-align: justify;\">A iniciativa faz parte do Maio Amarelo &#8211; movimento internacional de conscientiza\u00e7\u00e3o para redu\u00e7\u00e3o de acidentes de tr\u00e2nsito.<\/p>\n<p>&#13;<br \/>\n&#13;<br \/>\n&#13;<br \/>\n&#13;<\/p>\n<aside class=\"list-related no-print\">&#13;<br \/>\n        &#13;<br \/>\n&#13;<\/p>\n<article class=\"list-item noticias \">&#13;<br \/>\n                    <a class=\"list-item__img\" href=\"https:\/\/limeira.sp.gov.br\/imprensa\/noticias\/mobilidade-urbana\/interdicao-na-av-fabricio-vampre-altera-transito-na-regiao\" tabindex=\"-1\" aria-hidden=\"true\" rel=\"noopener\">&#13;<br \/>\n                        <img data-recalc-dims=\"1\" decoding=\"async\" src=\"https:\/\/i0.wp.com\/ecrie.com.br\/sistema\/conteudos\/imagem\/m_137_0_1_04042024135245.jpg?w=696&#038;ssl=1\" alt=\"Interdi\u00e7\u00e3o na Av. Fabr\u00edcio Vampr\u00e9 altera tr\u00e2nsito na regi\u00e3o\"\/>&#13;<br \/>\n                    <\/a>&#13;<br \/>\n&#13;<br \/>\n                &#13;<br \/>\n            <\/article>\n<p>&#13;<\/p>\n<article class=\"list-item noticias \">&#13;<br \/>\n                    <a class=\"list-item__img\" href=\"https:\/\/limeira.sp.gov.br\/imprensa\/noticias\/mobilidade-urbana\/trecho-da-rua-cedro-passa-a-ter-sentido-unico-de-circulacao\" tabindex=\"-1\" aria-hidden=\"true\" rel=\"noopener\">&#13;<br \/>\n                        <img data-recalc-dims=\"1\" decoding=\"async\" src=\"https:\/\/i0.wp.com\/ecrie.com.br\/sistema\/conteudos\/imagem\/m_137_0_1_16052024145231.jpg?w=696&#038;ssl=1\" alt=\"Trecho da Rua Cedro passa a ter sentido \u00fanico de circula\u00e7\u00e3o\"\/>&#13;<br \/>\n                    <\/a>&#13;<br \/>\n&#13;<br \/>\n                &#13;<br \/>\n            <\/article>\n<p>&#13;<\/p>\n<article class=\"list-item noticias \">&#13;<br \/>\n                    <a class=\"list-item__img\" href=\"https:\/\/limeira.sp.gov.br\/imprensa\/noticias\/mobilidade-urbana\/passeiosde-bike-incentivampratica-de-ciclismo-e-conscientizam-sobretransito-seguro\" tabindex=\"-1\" aria-hidden=\"true\" rel=\"noopener\">&#13;<br \/>\n                        <img data-recalc-dims=\"1\" decoding=\"async\" src=\"https:\/\/i0.wp.com\/ecrie.com.br\/sistema\/conteudos\/imagem\/m_137_0_1_14052024170531.jpg?w=696&#038;ssl=1\" alt=\"Passeios\u00a0de bike incentivam\u00a0pr\u00e1tica de ciclismo e conscientizam sobre\u00a0tr\u00e2nsito seguro\"\/>&#13;<br \/>\n                    <\/a>&#13;<br \/>\n&#13;<br \/>\n                &#13;<br \/>\n            <\/article>\n<p>&#13;<br \/>\n    <\/aside>\n<p>&#13;<br \/>\n&#13;<br \/>\n            <\/main><\/p><\/div>\n<p><br \/>\n<br \/><a href=\"https:\/\/limeira.sp.gov.br\/passeio-ciclistico-e-cancelado-devido-as-chuvas\" rel=\"noopener\">Informa\u00e7\u00f5es da PML <\/a><\/p>\n","protected":false},"excerpt":{"rendered":"<p>&#13; &#13; &#13; &#13; &#13; &#13; &#13; O 1\u00ba Passeio Cicl\u00edstico do Tr\u00e2nsito, que aconteceria neste domingo (26), a partir das 8h, foi cancelado devido \u00e0s chuvas. A nova data da atividade ser\u00e1 divulgada oportunamente. &#13; O evento, \u00e9 uma realiza\u00e7\u00e3o da Prefeitura de Limeira, por meio da Secretaria de Mobilidade Urbana, em parceria com [&hellip;]<\/p>\n","protected":false},"author":1,"featured_media":6462,"comment_status":"open","ping_status":"open","sticky":false,"template":"","format":"standard","meta":{"_jetpack_newsletter_access":"","_jetpack_dont_email_post_to_subs":false,"_jetpack_newsletter_tier_id":0,"_jetpack_memberships_contains_paywalled_content":false,"_mbp_banners":[],"_jetpack_feature_clip_id":0,"_jetpack_memberships_contains_paid_content":false,"footnotes":"","jetpack_publicize_message":"","jetpack_publicize_feature_enabled":true,"jetpack_social_post_already_shared":true,"jetpack_social_options":{"image_generator_settings":{"template":"highway","default_image_id":0,"font":"","enabled":false},"version":2},"jetpack_post_was_ever_published":false},"categories":[16],"tags":[],"class_list":["post-6461","post","type-post","status-publish","format-standard","has-post-thumbnail","category-local"],"jetpack_publicize_connections":[],"jetpack-related-posts":[],"jetpack_shortlink":"https:\/\/wp.me\/p7Eq1F-1Gd","jetpack_sharing_enabled":true,"jetpack_featured_media_url":"https:\/\/i0.wp.com\/guialimeira.com.br\/news\/wp-content\/uploads\/2024\/05\/m_137_0_1_26052024075037.jpeg?fit=719%2C1280&ssl=1","_links":{"self":[{"href":"https:\/\/guialimeira.com.br\/news\/wp-json\/wp\/v2\/posts\/6461","targetHints":{"allow":["GET"]}}],"collection":[{"href":"https:\/\/guialimeira.com.br\/news\/wp-json\/wp\/v2\/posts"}],"about":[{"href":"https:\/\/guialimeira.com.br\/news\/wp-json\/wp\/v2\/types\/post"}],"author":[{"embeddable":true,"href":"https:\/\/guialimeira.com.br\/news\/wp-json\/wp\/v2\/users\/1"}],"replies":[{"embeddable":true,"href":"https:\/\/guialimeira.com.br\/news\/wp-json\/wp\/v2\/comments?post=6461"}],"version-history":[{"count":0,"href":"https:\/\/guialimeira.com.br\/news\/wp-json\/wp\/v2\/posts\/6461\/revisions"}],"wp:featuredmedia":[{"embeddable":true,"href":"https:\/\/guialimeira.com.br\/news\/wp-json\/wp\/v2\/media\/6462"}],"wp:attachment":[{"href":"https:\/\/guialimeira.com.br\/news\/wp-json\/wp\/v2\/media?parent=6461"}],"wp:term":[{"taxonomy":"category","embeddable":true,"href":"https:\/\/guialimeira.com.br\/news\/wp-json\/wp\/v2\/categories?post=6461"},{"taxonomy":"post_tag","embeddable":true,"href":"https:\/\/guialimeira.com.br\/news\/wp-json\/wp\/v2\/tags?post=6461"}],"curies":[{"name":"wp","href":"https:\/\/api.w.org\/{rel}","templated":true}]}}