{"id":64593,"date":"2026-05-07T13:21:00","date_gmt":"2026-05-07T16:21:00","guid":{"rendered":"https:\/\/guialimeira.com.br\/tatiane-lopes-cobra-acoes-preventivas-contra-incendios-em-predios-publicos-de-limeira\/"},"modified":"2026-05-07T13:21:00","modified_gmt":"2026-05-07T16:21:00","slug":"tatiane-lopes-cobra-acoes-preventivas-contra-incendios-em-predios-publicos-de-limeira","status":"publish","type":"post","link":"https:\/\/guialimeira.com.br\/news\/tatiane-lopes-cobra-acoes-preventivas-contra-incendios-em-predios-publicos-de-limeira\/","title":{"rendered":"Tatiane Lopes cobra a\u00e7\u00f5es preventivas contra inc\u00eandios em pr\u00e9dios p\u00fablicos de Limeira"},"content":{"rendered":"<p>Tatiane Lopes cobra a\u00e7\u00f5es preventivas contra inc\u00eandios em pr\u00e9dios p\u00fablicos de Limeira<\/p>\n<p>A vereadora Tatiane Lopes (Avante) protocolou na \u00faltima segunda-feira, 4 de maio, o Requerimento N\u00ba 394\/2026, solicitando informa\u00e7\u00f5es \u00e0 Prefeitura sobre as a\u00e7\u00f5es preventivas contra desastres e inc\u00eandios nos pr\u00f3prios p\u00fablicos do munic\u00edpio de Limeira. Segundo a parlamentar, a iniciativa ocorreu ap\u00f3s o inc\u00eandio registrado no pr\u00e9dio da Escola Municipal de Ensino Infantil e Ensino Fundamental (Emeief) Prada, no dia 1\u00ba de maio, que acendeu o alerta sobre a seguran\u00e7a estrutural e a necessidade de manuten\u00e7\u00e3o preventiva em pr\u00e9dios p\u00fablicos, especialmente unidades escolares.<\/p>\n<p>No documento, a parlamentar destacou a exist\u00eancia de diversos im\u00f3veis municipais que podem apresentar riscos semelhantes, seja pela aus\u00eancia ou irregularidade de manuten\u00e7\u00e3o, seja pela falta de regulariza\u00e7\u00e3o do Auto de Vistoria do Corpo de Bombeiros (AVCB), que, segundo ela, \u00e9 um documento essencial para garantir que as edifica\u00e7\u00f5es atendam \u00e0s normas de seguran\u00e7a contra inc\u00eandios.<\/p>\n<p>O requerimento tamb\u00e9m refor\u00e7a o dever do Poder P\u00fablico em assegurar a integridade f\u00edsica de servidores, alunos e de toda a popula\u00e7\u00e3o que utiliza esses espa\u00e7os.<\/p>\n<p>Entre os questionamentos encaminhados ao Executivo, a vereadora solicitou informa\u00e7\u00f5es detalhadas sobre o planejamento para regulariza\u00e7\u00e3o das unidades escolares sem AVCB, incluindo medidas adotadas e cronograma. Tamb\u00e9m cobra atualiza\u00e7\u00e3o sobre resposta anterior ao Requerimento N\u00ba 239\/2025, que indicava n\u00e3o ser poss\u00edvel mensurar prazos para regulariza\u00e7\u00e3o \u00e0 \u00e9poca.<\/p>\n<p>Al\u00e9m disso, o documento requer a rela\u00e7\u00e3o completa das unidades escolares que ainda n\u00e3o possuem AVCB regularizado, bem como a listagem de todos os pr\u00e9dios p\u00fablicos municipais na mesma situa\u00e7\u00e3o. A parlamentar tamb\u00e9m pede esclarecimentos sobre as medidas emergenciais e preventivas adotadas para garantir a seguran\u00e7a nesses locais.<\/p>\n<p>Por fim, a vereadora questionou quais s\u00e3o as principais dificuldades financeiras e jur\u00eddicas ou relacionadas ao tombamento de pr\u00e9dios, que t\u00eam impedido o avan\u00e7o mais c\u00e9lere dos processos de manuten\u00e7\u00e3o e adequa\u00e7\u00e3o, especialmente em casos cr\u00edticos como reparos na rede el\u00e9trica, que podem resultar em inc\u00eandios.<\/p>\n<p>De acordo com Tatiane Lopes, a fiscaliza\u00e7\u00e3o \u00e9 fundamental para prevenir trag\u00e9dias e garantir que os espa\u00e7os p\u00fablicos ofere\u00e7am condi\u00e7\u00f5es seguras \u00e0 popula\u00e7\u00e3o, refor\u00e7ando a necessidade de planejamento, transpar\u00eancia e a\u00e7\u00e3o efetiva por parte do Executivo.<\/p>\n<p>Do Gabinete Parlamentar &#8211; Vereadora Tatiane Lopes (Avante)<\/p>\n<p>*Fotos do Gabinete Parlamentar<\/p>\n<p>As mat\u00e9rias de origem dos Gabinetes Parlamentares s\u00e3o de inteira\u00a0 responsabilidade dos parlamentares e de suas assessorias. S\u00e3o devidamente assinadas e n\u00e3o refletem, necessariamente, a opini\u00e3o institucional da C\u00e2mara Municipal de Limeira.<\/p>\n<hr>\n<p><em>Fonte: <a href=\"https:\/\/www.limeira.sp.leg.br\/noticias\/view\/2026-05-07_tatiane-lopes-cobra-acoes-preventivas-contra-incendios-em-predios-publicos-de-limeira\" target=\"_blank\" rel=\"noopener\">C\u00e2mara Municipal de Limeira<\/a><\/em><\/p>\n","protected":false},"excerpt":{"rendered":"<p>Tatiane Lopes cobra a\u00e7\u00f5es preventivas contra inc\u00eandios em pr\u00e9dios p\u00fablicos de Limeira<\/p>\n<p>A vereadora Tatiane Lopes (Avante) protocolou na \u00faltima segunda-feira, 4 de maio, o Requerimento N\u00ba 394\/2026, solicitando informa\u00e7\u00f5es \u00e0 Prefeitura sobre as a\u00e7\u00f5es preventivas contra desastres e inc\u00eandios nos pr\u00f3pri<\/p>\n","protected":false},"author":4,"featured_media":64590,"comment_status":"","ping_status":"open","sticky":false,"template":"","format":"standard","meta":{"_jetpack_newsletter_access":"","_jetpack_dont_email_post_to_subs":false,"_jetpack_newsletter_tier_id":0,"_jetpack_memberships_contains_paywalled_content":false,"_mbp_banners":[],"_jetpack_feature_clip_id":0,"_jetpack_memberships_contains_paid_content":false,"footnotes":"","jetpack_publicize_message":"","jetpack_publicize_feature_enabled":true,"jetpack_social_post_already_shared":true,"jetpack_social_options":{"image_generator_settings":{"template":"highway","default_image_id":0,"font":"","enabled":false},"version":2},"jetpack_post_was_ever_published":false},"categories":[19],"tags":[],"class_list":["post-64593","post","type-post","status-publish","format-standard","has-post-thumbnail","category-politica"],"jetpack_publicize_connections":[],"jetpack-related-posts":[],"jetpack_shortlink":"https:\/\/wp.me\/p7Eq1F-gNP","jetpack_sharing_enabled":true,"jetpack_featured_media_url":"https:\/\/i0.wp.com\/guialimeira.com.br\/news\/wp-content\/uploads\/2026\/05\/noticia-camara-24.jpg?fit=1280%2C640&ssl=1","_links":{"self":[{"href":"https:\/\/guialimeira.com.br\/news\/wp-json\/wp\/v2\/posts\/64593","targetHints":{"allow":["GET"]}}],"collection":[{"href":"https:\/\/guialimeira.com.br\/news\/wp-json\/wp\/v2\/posts"}],"about":[{"href":"https:\/\/guialimeira.com.br\/news\/wp-json\/wp\/v2\/types\/post"}],"author":[{"embeddable":true,"href":"https:\/\/guialimeira.com.br\/news\/wp-json\/wp\/v2\/users\/4"}],"replies":[{"embeddable":true,"href":"https:\/\/guialimeira.com.br\/news\/wp-json\/wp\/v2\/comments?post=64593"}],"version-history":[{"count":0,"href":"https:\/\/guialimeira.com.br\/news\/wp-json\/wp\/v2\/posts\/64593\/revisions"}],"wp:featuredmedia":[{"embeddable":true,"href":"https:\/\/guialimeira.com.br\/news\/wp-json\/wp\/v2\/media\/64590"}],"wp:attachment":[{"href":"https:\/\/guialimeira.com.br\/news\/wp-json\/wp\/v2\/media?parent=64593"}],"wp:term":[{"taxonomy":"category","embeddable":true,"href":"https:\/\/guialimeira.com.br\/news\/wp-json\/wp\/v2\/categories?post=64593"},{"taxonomy":"post_tag","embeddable":true,"href":"https:\/\/guialimeira.com.br\/news\/wp-json\/wp\/v2\/tags?post=64593"}],"curies":[{"name":"wp","href":"https:\/\/api.w.org\/{rel}","templated":true}]}}