{"id":64560,"date":"2026-05-07T10:05:52","date_gmt":"2026-05-07T13:05:52","guid":{"rendered":"https:\/\/guialimeira.com.br\/camara-tera-1a-corrida-do-legislativo-de-limeira-em-comemoracao-a-inauguracao-do-novo-predio\/"},"modified":"2026-05-07T10:05:52","modified_gmt":"2026-05-07T13:05:52","slug":"camara-tera-1a-corrida-do-legislativo-de-limeira-em-comemoracao-a-inauguracao-do-novo-predio","status":"publish","type":"post","link":"https:\/\/guialimeira.com.br\/news\/camara-tera-1a-corrida-do-legislativo-de-limeira-em-comemoracao-a-inauguracao-do-novo-predio\/","title":{"rendered":"C\u00e2mara ter\u00e1 1\u00aa Corrida do Legislativo de Limeira em comemora\u00e7\u00e3o \u00e0 inaugura\u00e7\u00e3o do novo pr\u00e9dio"},"content":{"rendered":"<p>C\u00e2mara ter\u00e1 1\u00aa Corrida do Legislativo de Limeira em comemora\u00e7\u00e3o \u00e0 inaugura\u00e7\u00e3o do novo pr\u00e9dio<\/p>\n<p>Em comemora\u00e7\u00e3o \u00e0 inaugura\u00e7\u00e3o do novo pr\u00e9dio da C\u00e2mara Municipal prevista para agosto, a Comiss\u00e3o de Esporte, Cultura e Turismo programou a 1\u00aa Corrida do Legislativo de Limeira. A a\u00e7\u00e3o ser\u00e1 solid\u00e1ria e a inscri\u00e7\u00e3o ser\u00e1 com um quilo de alimento n\u00e3o perec\u00edvel a ser entregue na retirada do kit, que ser\u00e1 agendada posteriormente.<\/p>\n<p>O planejamento do evento foi iniciado durante a reuni\u00e3o desta quinta-feira, 7 de maio, pela Comiss\u00e3o de Esporte, composta pelos vereadores Guilherme Guido (PL), presidente; e Costa J\u00fanior (Podemos), vice-presidente; com a participa\u00e7\u00e3o do vereador M\u00e1rcio do Estacionamento (DC). As delibera\u00e7\u00f5es foram registradas em ata.<\/p>\n<p>V\u00f4 Lucato<\/p>\n<p>A Comiss\u00e3o tamb\u00e9m deliberou o agendamento de dilig\u00eancia no dia 14 de maio ao Gin\u00e1sio V\u00f4 Lucato para fiscalizar as obras de instala\u00e7\u00e3o do piso da quadra. O colegiado j\u00e1 esteve no local no dia 26 de fevereiro, quando a reforma do pr\u00e9dio ainda estava em andamento.<\/p>\n<p>As obras iniciaram em julho de 2025 e as interven\u00e7\u00f5es realizadas inclu\u00edram a moderniza\u00e7\u00e3o e troca do sistema de ilumina\u00e7\u00e3o e de ventila\u00e7\u00e3o, pintura interna e externa, troca de paletas de ilumina\u00e7\u00e3o e ventila\u00e7\u00e3o, manuten\u00e7\u00e3o das grades de prote\u00e7\u00e3o, esquadrias e sistema hidr\u00e1ulico sanit\u00e1rio.<\/p>\n<p>O custo inicial da reforma foi de R$ 913 mil, mas foi necess\u00e1rio um aditivo de R$ 188 mil para a conclus\u00e3o. Os valores foram financiados pelo Finisa e as informa\u00e7\u00f5es gerais da Prefeitura sobre o projeto, or\u00e7amento e etapas da reforma constam neste link.<\/p>\n<p>A troca do piso da quadra n\u00e3o estava prevista na reforma do pr\u00e9dio.<\/p>\n<p>A Comiss\u00e3o<\/p>\n<p>A Comiss\u00e3o de Esporte, Cultura e Turismo \u00e9 respons\u00e1vel por opinar sobre proposi\u00e7\u00f5es, promover debates, semin\u00e1rios e a\u00e7\u00f5es educativas que visem a identificar problemas e propor solu\u00e7\u00f5es para o fortalecimento e a melhoria das pol\u00edticas p\u00fablicas locais nas \u00e1reas de esporte, lazer, cultura e turismo, al\u00e9m de fiscalizar, acompanhar e avaliar a efetividade de programas governamentais, estudar e propor pol\u00edticas p\u00fablicas aptas a proporcionar melhoria de qualidade de vida aos mun\u00edcipes e bem-estar nessas \u00e1reas.<\/p>\n<hr>\n<p><em>Fonte: <a href=\"https:\/\/www.limeira.sp.leg.br\/noticias\/view\/2026-05-07_camara-tera-1-corrida-do-legislativo-de-limeira-em-comemoracao-a-inauguracao-do-novo-predio\" target=\"_blank\" rel=\"noopener\">C\u00e2mara Municipal de Limeira<\/a><\/em><\/p>\n","protected":false},"excerpt":{"rendered":"<p>C\u00e2mara ter\u00e1 1\u00aa Corrida do Legislativo de Limeira em comemora\u00e7\u00e3o \u00e0 inaugura\u00e7\u00e3o do novo pr\u00e9dio<\/p>\n<p>Em comemora\u00e7\u00e3o \u00e0 inaugura\u00e7\u00e3o do novo pr\u00e9dio da C\u00e2mara Municipal prevista para agosto, a Comiss\u00e3o de Esporte, Cultura e Turismo programou a 1\u00aa Corrida do Legislativo de Limeira. A a\u00e7\u00e3o ser\u00e1 solid\u00e1ria e a ins<\/p>\n","protected":false},"author":4,"featured_media":64559,"comment_status":"","ping_status":"open","sticky":false,"template":"","format":"standard","meta":{"_jetpack_newsletter_access":"","_jetpack_dont_email_post_to_subs":false,"_jetpack_newsletter_tier_id":0,"_jetpack_memberships_contains_paywalled_content":false,"_mbp_banners":[],"_jetpack_feature_clip_id":0,"_jetpack_memberships_contains_paid_content":false,"footnotes":"","jetpack_publicize_message":"","jetpack_publicize_feature_enabled":true,"jetpack_social_post_already_shared":true,"jetpack_social_options":{"image_generator_settings":{"template":"highway","default_image_id":0,"font":"","enabled":false},"version":2},"jetpack_post_was_ever_published":false},"categories":[19],"tags":[],"class_list":["post-64560","post","type-post","status-publish","format-standard","has-post-thumbnail","category-politica"],"jetpack_publicize_connections":[],"jetpack-related-posts":[],"jetpack_shortlink":"https:\/\/wp.me\/p7Eq1F-gNi","jetpack_sharing_enabled":true,"jetpack_featured_media_url":"https:\/\/i0.wp.com\/guialimeira.com.br\/news\/wp-content\/uploads\/2026\/05\/noticia-camara-23.jpg?fit=1280%2C640&ssl=1","_links":{"self":[{"href":"https:\/\/guialimeira.com.br\/news\/wp-json\/wp\/v2\/posts\/64560","targetHints":{"allow":["GET"]}}],"collection":[{"href":"https:\/\/guialimeira.com.br\/news\/wp-json\/wp\/v2\/posts"}],"about":[{"href":"https:\/\/guialimeira.com.br\/news\/wp-json\/wp\/v2\/types\/post"}],"author":[{"embeddable":true,"href":"https:\/\/guialimeira.com.br\/news\/wp-json\/wp\/v2\/users\/4"}],"replies":[{"embeddable":true,"href":"https:\/\/guialimeira.com.br\/news\/wp-json\/wp\/v2\/comments?post=64560"}],"version-history":[{"count":0,"href":"https:\/\/guialimeira.com.br\/news\/wp-json\/wp\/v2\/posts\/64560\/revisions"}],"wp:featuredmedia":[{"embeddable":true,"href":"https:\/\/guialimeira.com.br\/news\/wp-json\/wp\/v2\/media\/64559"}],"wp:attachment":[{"href":"https:\/\/guialimeira.com.br\/news\/wp-json\/wp\/v2\/media?parent=64560"}],"wp:term":[{"taxonomy":"category","embeddable":true,"href":"https:\/\/guialimeira.com.br\/news\/wp-json\/wp\/v2\/categories?post=64560"},{"taxonomy":"post_tag","embeddable":true,"href":"https:\/\/guialimeira.com.br\/news\/wp-json\/wp\/v2\/tags?post=64560"}],"curies":[{"name":"wp","href":"https:\/\/api.w.org\/{rel}","templated":true}]}}