{"id":64554,"date":"2026-05-07T09:35:57","date_gmt":"2026-05-07T12:35:57","guid":{"rendered":"https:\/\/guialimeira.com.br\/descomplicando-a-reforma-tributaria-palestra-da-camara-acontece-na-proxima-quarta-feira-13\/"},"modified":"2026-05-07T09:35:57","modified_gmt":"2026-05-07T12:35:57","slug":"descomplicando-a-reforma-tributaria-palestra-da-camara-acontece-na-proxima-quarta-feira-13","status":"publish","type":"post","link":"https:\/\/guialimeira.com.br\/news\/descomplicando-a-reforma-tributaria-palestra-da-camara-acontece-na-proxima-quarta-feira-13\/","title":{"rendered":"Descomplicando a Reforma Tribut\u00e1ria: palestra da C\u00e2mara acontece na pr\u00f3xima quarta-feira (13)"},"content":{"rendered":"<p>Descomplicando a Reforma Tribut\u00e1ria: palestra da C\u00e2mara acontece na pr\u00f3xima quarta-feira (13)<\/p>\n<p>Na pr\u00f3xima quarta-feira,13 de maio, a C\u00e2mara Municipal realizar\u00e1, por meio da Escola Legislativa Paulo Freire, uma edi\u00e7\u00e3o do projeto \u201cDescomplicando a Reforma Tribut\u00e1ria\u201d, com a palestra \u201cA Nova Governan\u00e7a Tribut\u00e1ria: Desafios Jur\u00eddicos e Estrat\u00e9gias de Compliance na Reforma\u201d. A palestra \u00e9 gratuita, aberta ao p\u00fablico e acontece no Plen\u00e1rio \u00e0s 19h, com transmiss\u00e3o ao vivo pelos canais de comunica\u00e7\u00e3o da C\u00e2mara no YouTube, Facebook e site oficial. Inscri\u00e7\u00f5es por meio do link.<\/p>\n<p>A atividade abordar\u00e1 os princ\u00edpios constitucionais e seguran\u00e7a jur\u00eddica; governan\u00e7a federativa, em especial sobre o Comit\u00ea Gestor (CGIBS); acerca do novo contencioso administrativo tribut\u00e1rio; direitos e garantias do contribuinte; regime de infra\u00e7\u00f5es, penalidades e responsabilidades; impactos em outros tributos (ITCMD e ITBI) e o papel do jur\u00eddico na transi\u00e7\u00e3o.<\/p>\n<p>Sobre os palestrantes<\/p>\n<p>Felipe Schmidt Zalaf \u00e9 advogado tributarista com 25 anos de experi\u00eancia, atua em consultoria, planejamento e recupera\u00e7\u00e3o de cr\u00e9ditos fiscais, al\u00e9m de ter ocupado cargos relevantes na Ordem dos Advogados do Brasil (OAB), Amcham (C\u00e2mara Americana de Com\u00e9rcio) e meio acad\u00eamico.<\/p>\n<p>A especialista em direito tribut\u00e1rio, Cristiane Maria Coppi Biscaro Zalaf tem mais de 20 anos de atua\u00e7\u00e3o em contencioso administrativo e judicial, com foco em planejamento e recupera\u00e7\u00e3o tribut\u00e1ria.<\/p>\n<p>Rodrigo Romanato Leite \u00e9 mestre em Controladoria Empresarial e graduado em Ci\u00eancias Cont\u00e1beis pela PUC-Campinas. Possui certifica\u00e7\u00e3o internacional em International Financial Reporting Standards (IFRS) pela Associa\u00e7\u00e3o de Contadores Certificados ACCA (Reino Unido) e especializa\u00e7\u00e3o em Auditoria e Controladoria. \u00c9 professor de p\u00f3s-gradua\u00e7\u00e3o no IPOG e foi homenageado com diplomas de m\u00e9rito cont\u00e1bil pelo CRC-SP.<\/p>\n<p>\u201cTodos possuem s\u00f3lida forma\u00e7\u00e3o e experi\u00eancia consolidada na \u00e1rea tribut\u00e1ria, atuando de forma estrat\u00e9gica para empresas e pessoas f\u00edsicas\u201d, refor\u00e7ou a Escola Legislativa.<\/p>\n<hr>\n<p><em>Fonte: <a href=\"https:\/\/www.limeira.sp.leg.br\/noticias\/view\/2026-05-07_descomplicando-a-reforma-tributaria-palestra-da-camara-acontece-na-proxima-quartafeira-13\" target=\"_blank\" rel=\"noopener\">C\u00e2mara Municipal de Limeira<\/a><\/em><\/p>\n","protected":false},"excerpt":{"rendered":"<p>Descomplicando a Reforma Tribut\u00e1ria: palestra da C\u00e2mara acontece na pr\u00f3xima quarta-feira (13)<\/p>\n<p>Na pr\u00f3xima quarta-feira,13 de maio, a C\u00e2mara Municipal realizar\u00e1, por meio da Escola Legislativa Paulo Freire, uma edi\u00e7\u00e3o do projeto \u201cDescomplicando a Reforma Tribut\u00e1ria\u201d, com a palestra \u201cA Nova Governan\u00e7a<\/p>\n","protected":false},"author":4,"featured_media":64553,"comment_status":"","ping_status":"open","sticky":false,"template":"","format":"standard","meta":{"_jetpack_newsletter_access":"","_jetpack_dont_email_post_to_subs":false,"_jetpack_newsletter_tier_id":0,"_jetpack_memberships_contains_paywalled_content":false,"_mbp_banners":[],"_jetpack_feature_clip_id":0,"_jetpack_memberships_contains_paid_content":false,"footnotes":"","jetpack_publicize_message":"","jetpack_publicize_feature_enabled":true,"jetpack_social_post_already_shared":true,"jetpack_social_options":{"image_generator_settings":{"template":"highway","default_image_id":0,"font":"","enabled":false},"version":2},"jetpack_post_was_ever_published":false},"categories":[19],"tags":[],"class_list":["post-64554","post","type-post","status-publish","format-standard","has-post-thumbnail","category-politica"],"jetpack_publicize_connections":[],"jetpack-related-posts":[],"jetpack_shortlink":"https:\/\/wp.me\/p7Eq1F-gNc","jetpack_sharing_enabled":true,"jetpack_featured_media_url":"https:\/\/i0.wp.com\/guialimeira.com.br\/news\/wp-content\/uploads\/2026\/05\/noticia-camara-22.jpg?fit=1280%2C640&ssl=1","_links":{"self":[{"href":"https:\/\/guialimeira.com.br\/news\/wp-json\/wp\/v2\/posts\/64554","targetHints":{"allow":["GET"]}}],"collection":[{"href":"https:\/\/guialimeira.com.br\/news\/wp-json\/wp\/v2\/posts"}],"about":[{"href":"https:\/\/guialimeira.com.br\/news\/wp-json\/wp\/v2\/types\/post"}],"author":[{"embeddable":true,"href":"https:\/\/guialimeira.com.br\/news\/wp-json\/wp\/v2\/users\/4"}],"replies":[{"embeddable":true,"href":"https:\/\/guialimeira.com.br\/news\/wp-json\/wp\/v2\/comments?post=64554"}],"version-history":[{"count":0,"href":"https:\/\/guialimeira.com.br\/news\/wp-json\/wp\/v2\/posts\/64554\/revisions"}],"wp:featuredmedia":[{"embeddable":true,"href":"https:\/\/guialimeira.com.br\/news\/wp-json\/wp\/v2\/media\/64553"}],"wp:attachment":[{"href":"https:\/\/guialimeira.com.br\/news\/wp-json\/wp\/v2\/media?parent=64554"}],"wp:term":[{"taxonomy":"category","embeddable":true,"href":"https:\/\/guialimeira.com.br\/news\/wp-json\/wp\/v2\/categories?post=64554"},{"taxonomy":"post_tag","embeddable":true,"href":"https:\/\/guialimeira.com.br\/news\/wp-json\/wp\/v2\/tags?post=64554"}],"curies":[{"name":"wp","href":"https:\/\/api.w.org\/{rel}","templated":true}]}}