{"id":64463,"date":"2026-05-06T15:40:56","date_gmt":"2026-05-06T18:40:56","guid":{"rendered":"https:\/\/guialimeira.com.br\/comissao-de-educacao-agenda-reuniao-para-discutir-reformas-paralisadas-em-unidades-escolares-e-avcbs\/"},"modified":"2026-05-06T15:40:56","modified_gmt":"2026-05-06T18:40:56","slug":"comissao-de-educacao-agenda-reuniao-para-discutir-reformas-paralisadas-em-unidades-escolares-e-avcbs","status":"publish","type":"post","link":"https:\/\/guialimeira.com.br\/news\/comissao-de-educacao-agenda-reuniao-para-discutir-reformas-paralisadas-em-unidades-escolares-e-avcbs\/","title":{"rendered":"Comiss\u00e3o de Educa\u00e7\u00e3o agenda reuni\u00e3o para discutir reformas paralisadas em unidades escolares e AVCBs"},"content":{"rendered":"<p>Comiss\u00e3o de Educa\u00e7\u00e3o agenda reuni\u00e3o para discutir reformas paralisadas em unidades escolares e AVCBs<\/p>\n<p>Uma reuni\u00e3o para discutir as reformas paralisadas e os Autos de Vistoria do Corpo de Bombeiros (AVCBs) em unidades escolares foi agendada para o dia 27 de maio, \u00e0s 14h, pela Comiss\u00e3o de Educa\u00e7\u00e3o e Ci\u00eancias da C\u00e2mara. Para prestarem esclarecimentos, ser\u00e3o convidados os secret\u00e1rios municipais de Educa\u00e7\u00e3o, Obras e Servi\u00e7os P\u00fablicos e Planejamento e Urbanismo.<\/p>\n<p>Na reuni\u00e3o, os vereadores tamb\u00e9m solicitaram o encaminhamento de of\u00edcio ao Instituto de Previd\u00eancia Municipal de Limeira (IPML) para que preste esclarecimentos t\u00e9cnicos sobre os crit\u00e9rios de c\u00f4mputo de tempo de servi\u00e7o e enquadramento das diretoras, vice-diretoras, coordenadoras e agentes de desenvolvimento educacional da rede municipal. Al\u00e9m disso, pedem que o Instituto informe desde quando esses crit\u00e9rios est\u00e3o sendo aplicados e se foi dada publicidade aos servidores.<\/p>\n<p>A Comiss\u00e3o de Educa\u00e7\u00e3o e Ci\u00eancias \u00e9 composta pelos vereadores Mariana Calsa (PSB), presidente; e Nilton Santos (Republicanos), vice-presidente. O colegiado tem como compet\u00eancia a fiscaliza\u00e7\u00e3o de assuntos relacionados \u00e0 educa\u00e7\u00e3o e ao ensino.<\/p>\n<p>Os membros tamb\u00e9m s\u00e3o respons\u00e1veis por abordar a pol\u00edtica e sistema educacional nos aspectos institucionais, estruturais, funcionais e legais, al\u00e9m de opinarem acerca de projetos da rede municipal de ensino, programas e pol\u00edticas p\u00fablicas que tratem do ambiente escolar, dos professores e estudantes, bem como servidores da rede de ensino, servi\u00e7os, equipamentos e programas educacionais.<\/p>\n<p>As delibera\u00e7\u00f5es s\u00e3o registradas em ata.<\/p>\n<hr>\n<p><em>Fonte: <a href=\"https:\/\/www.limeira.sp.leg.br\/noticias\/view\/2026-05-06_comissao-de-educacao-agenda-reuniao-para-discutir-reformas-paralisadas-em-unidades-escolares-e-avcbs\" target=\"_blank\" rel=\"noopener\">C\u00e2mara Municipal de Limeira<\/a><\/em><\/p>\n","protected":false},"excerpt":{"rendered":"<p>Comiss\u00e3o de Educa\u00e7\u00e3o agenda reuni\u00e3o para discutir reformas paralisadas em unidades escolares e AVCBs<\/p>\n<p>Uma reuni\u00e3o para discutir as reformas paralisadas e os Autos de Vistoria do Corpo de Bombeiros (AVCBs) em unidades escolares foi agendada para o dia 27 de maio, \u00e0s 14h, pela Comiss\u00e3o de Educa\u00e7\u00e3o e C<\/p>\n","protected":false},"author":4,"featured_media":64462,"comment_status":"","ping_status":"open","sticky":false,"template":"","format":"standard","meta":{"_jetpack_newsletter_access":"","_jetpack_dont_email_post_to_subs":false,"_jetpack_newsletter_tier_id":0,"_jetpack_memberships_contains_paywalled_content":false,"_mbp_banners":[],"_jetpack_feature_clip_id":0,"_jetpack_memberships_contains_paid_content":false,"footnotes":"","jetpack_publicize_message":"","jetpack_publicize_feature_enabled":true,"jetpack_social_post_already_shared":true,"jetpack_social_options":{"image_generator_settings":{"template":"highway","default_image_id":0,"font":"","enabled":false},"version":2},"jetpack_post_was_ever_published":false},"categories":[19],"tags":[],"class_list":["post-64463","post","type-post","status-publish","format-standard","has-post-thumbnail","category-politica"],"jetpack_publicize_connections":[],"jetpack-related-posts":[],"jetpack_shortlink":"https:\/\/wp.me\/p7Eq1F-gLJ","jetpack_sharing_enabled":true,"jetpack_featured_media_url":"https:\/\/i0.wp.com\/guialimeira.com.br\/news\/wp-content\/uploads\/2026\/05\/noticia-camara-20.jpg?fit=1280%2C640&ssl=1","_links":{"self":[{"href":"https:\/\/guialimeira.com.br\/news\/wp-json\/wp\/v2\/posts\/64463","targetHints":{"allow":["GET"]}}],"collection":[{"href":"https:\/\/guialimeira.com.br\/news\/wp-json\/wp\/v2\/posts"}],"about":[{"href":"https:\/\/guialimeira.com.br\/news\/wp-json\/wp\/v2\/types\/post"}],"author":[{"embeddable":true,"href":"https:\/\/guialimeira.com.br\/news\/wp-json\/wp\/v2\/users\/4"}],"replies":[{"embeddable":true,"href":"https:\/\/guialimeira.com.br\/news\/wp-json\/wp\/v2\/comments?post=64463"}],"version-history":[{"count":0,"href":"https:\/\/guialimeira.com.br\/news\/wp-json\/wp\/v2\/posts\/64463\/revisions"}],"wp:featuredmedia":[{"embeddable":true,"href":"https:\/\/guialimeira.com.br\/news\/wp-json\/wp\/v2\/media\/64462"}],"wp:attachment":[{"href":"https:\/\/guialimeira.com.br\/news\/wp-json\/wp\/v2\/media?parent=64463"}],"wp:term":[{"taxonomy":"category","embeddable":true,"href":"https:\/\/guialimeira.com.br\/news\/wp-json\/wp\/v2\/categories?post=64463"},{"taxonomy":"post_tag","embeddable":true,"href":"https:\/\/guialimeira.com.br\/news\/wp-json\/wp\/v2\/tags?post=64463"}],"curies":[{"name":"wp","href":"https:\/\/api.w.org\/{rel}","templated":true}]}}