{"id":64442,"date":"2026-05-06T12:05:54","date_gmt":"2026-05-06T15:05:54","guid":{"rendered":"https:\/\/guialimeira.com.br\/comissao-de-orcamento-agenda-audiencia-publica-sobre-lei-de-diretrizes-orcamentarias-ldo\/"},"modified":"2026-05-06T12:05:54","modified_gmt":"2026-05-06T15:05:54","slug":"comissao-de-orcamento-agenda-audiencia-publica-sobre-lei-de-diretrizes-orcamentarias-ldo","status":"publish","type":"post","link":"https:\/\/guialimeira.com.br\/news\/comissao-de-orcamento-agenda-audiencia-publica-sobre-lei-de-diretrizes-orcamentarias-ldo\/","title":{"rendered":"Comiss\u00e3o de Or\u00e7amento agenda audi\u00eancia p\u00fablica sobre Lei de Diretrizes Or\u00e7ament\u00e1rias (LDO)"},"content":{"rendered":"<p>Comiss\u00e3o de Or\u00e7amento agenda audi\u00eancia p\u00fablica sobre Lei de Diretrizes Or\u00e7ament\u00e1rias (LDO)<\/p>\n<p>Com o objetivo de discutir o Projeto de Lei N\u00ba 54\/2026, de autoria da Prefeitura, que trata da Lei de Diretrizes Or\u00e7ament\u00e1rias (LDO) para 2027, a Comiss\u00e3o de Or\u00e7amento e Fiscaliza\u00e7\u00e3o da C\u00e2mara agendou nesta quarta-feira, 6 de maio uma audi\u00eancia p\u00fablica para o dia 14 de maio, \u00e0s 18h30, no Plen\u00e1rio com transmiss\u00e3o ao vivo pelos canais de comunica\u00e7\u00e3o da C\u00e2mara no YouTube, Facebook e site oficial.<\/p>\n<p>Fazem parte do colegiado a vereadora Lu Bogo (PL), presidente; Estev\u00e3o Nogueira (Avante), vice-presidente; e Elias Barbosa (PRTB), secret\u00e1rio. As delibera\u00e7\u00f5es do colegiado est\u00e3o registradas em ata.<\/p>\n<p>Cabe \u00e0 Comiss\u00e3o analisar os aspectos financeiros e or\u00e7ament\u00e1rios de todas as proposi\u00e7\u00f5es apresentadas tanto pelo Legislativo quanto pelo Executivo, al\u00e9m de fiscalizar os atos da Prefeitura e investigar eventuais den\u00fancias de uso indevido de recursos p\u00fablicos ou desvios de finalidade, inclusive na administra\u00e7\u00e3o indireta.<\/p>\n<p>A Lei de Diretrizes Or\u00e7ament\u00e1rias define a previs\u00e3o de receitas e estabelece as prioridades e metas do governo para o ano seguinte, orientando a elabora\u00e7\u00e3o da Lei Or\u00e7ament\u00e1ria Anual (LOA). Do total estimado pelo Executivo (cerca de R$2.466 milh\u00f5es), 1,55% \u00e9 reservado para emendas impositivas \u2014 ou seja, de execu\u00e7\u00e3o obrigat\u00f3ria por parte da Prefeitura.<\/p>\n<p>Por meio dessas emendas, os vereadores indicam para quais \u00e1reas ou a\u00e7\u00f5es os recursos devem ser direcionados, como sa\u00fade, educa\u00e7\u00e3o, obras ou zeladoria. Metade do valor reservado deve, obrigatoriamente, ser destinado \u00e0 \u00e1rea da sa\u00fade.<\/p>\n<p>O prazo para apresenta\u00e7\u00e3o de emendas ao projeto da LDO \u00e9 at\u00e9 o dia 19 de maio, per\u00edodo em que a proposta permanece sob an\u00e1lise da Comiss\u00e3o.<\/p>\n<p>Participa\u00e7\u00e3o popular<\/p>\n<p>As audi\u00eancias s\u00e3o abertas ao p\u00fablico e ocorrem no Plen\u00e1rio Vereador Vit\u00f3rio Bortolan, localizado na rua Clarino Peixoto, 280 \u2013 Jardim Maria Buchi Modeneis. Para participar, basta se identificar na portaria e dirigir-se ao bloco F.<\/p>\n<p>Tamb\u00e9m haver\u00e1 transmiss\u00e3o ao vivo pelos canais de comunica\u00e7\u00e3o da C\u00e2mara no YouTube, Facebook e site oficial. Durante as transmiss\u00f5es, ser\u00e1 poss\u00edvel enviar perguntas e coment\u00e1rios aos vereadores por meio das ferramentas interativas das plataformas.<\/p>\n<hr>\n<p><em>Fonte: <a href=\"https:\/\/www.limeira.sp.leg.br\/noticias\/view\/2026-05-06_comissao-de-orcamento-agenda-audiencia-publica-sobre-lei-de-diretrizes-orcamentarias-ldo\" target=\"_blank\" rel=\"noopener\">C\u00e2mara Municipal de Limeira<\/a><\/em><\/p>\n","protected":false},"excerpt":{"rendered":"<p>Comiss\u00e3o de Or\u00e7amento agenda audi\u00eancia p\u00fablica sobre Lei de Diretrizes Or\u00e7ament\u00e1rias (LDO)<\/p>\n<p>Com o objetivo de discutir o Projeto de Lei N\u00ba 54\/2026, de autoria da Prefeitura, que trata da Lei de Diretrizes Or\u00e7ament\u00e1rias (LDO) para 2027, a Comiss\u00e3o de Or\u00e7amento e Fiscaliza\u00e7\u00e3o da C\u00e2mara agendou nesta q<\/p>\n","protected":false},"author":4,"featured_media":64441,"comment_status":"","ping_status":"open","sticky":false,"template":"","format":"standard","meta":{"_jetpack_newsletter_access":"","_jetpack_dont_email_post_to_subs":false,"_jetpack_newsletter_tier_id":0,"_jetpack_memberships_contains_paywalled_content":false,"_mbp_banners":[],"_jetpack_feature_clip_id":0,"_jetpack_memberships_contains_paid_content":false,"footnotes":"","jetpack_publicize_message":"","jetpack_publicize_feature_enabled":true,"jetpack_social_post_already_shared":true,"jetpack_social_options":{"image_generator_settings":{"template":"highway","default_image_id":0,"font":"","enabled":false},"version":2},"jetpack_post_was_ever_published":false},"categories":[19],"tags":[],"class_list":["post-64442","post","type-post","status-publish","format-standard","has-post-thumbnail","category-politica"],"jetpack_publicize_connections":[],"jetpack-related-posts":[],"jetpack_shortlink":"https:\/\/wp.me\/p7Eq1F-gLo","jetpack_sharing_enabled":true,"jetpack_featured_media_url":"https:\/\/i0.wp.com\/guialimeira.com.br\/news\/wp-content\/uploads\/2026\/05\/noticia-camara-19.jpg?fit=1280%2C640&ssl=1","_links":{"self":[{"href":"https:\/\/guialimeira.com.br\/news\/wp-json\/wp\/v2\/posts\/64442","targetHints":{"allow":["GET"]}}],"collection":[{"href":"https:\/\/guialimeira.com.br\/news\/wp-json\/wp\/v2\/posts"}],"about":[{"href":"https:\/\/guialimeira.com.br\/news\/wp-json\/wp\/v2\/types\/post"}],"author":[{"embeddable":true,"href":"https:\/\/guialimeira.com.br\/news\/wp-json\/wp\/v2\/users\/4"}],"replies":[{"embeddable":true,"href":"https:\/\/guialimeira.com.br\/news\/wp-json\/wp\/v2\/comments?post=64442"}],"version-history":[{"count":0,"href":"https:\/\/guialimeira.com.br\/news\/wp-json\/wp\/v2\/posts\/64442\/revisions"}],"wp:featuredmedia":[{"embeddable":true,"href":"https:\/\/guialimeira.com.br\/news\/wp-json\/wp\/v2\/media\/64441"}],"wp:attachment":[{"href":"https:\/\/guialimeira.com.br\/news\/wp-json\/wp\/v2\/media?parent=64442"}],"wp:term":[{"taxonomy":"category","embeddable":true,"href":"https:\/\/guialimeira.com.br\/news\/wp-json\/wp\/v2\/categories?post=64442"},{"taxonomy":"post_tag","embeddable":true,"href":"https:\/\/guialimeira.com.br\/news\/wp-json\/wp\/v2\/tags?post=64442"}],"curies":[{"name":"wp","href":"https:\/\/api.w.org\/{rel}","templated":true}]}}