{"id":64430,"date":"2026-05-06T11:15:56","date_gmt":"2026-05-06T14:15:56","guid":{"rendered":"https:\/\/guialimeira.com.br\/aprender-para-se-proteger-cuidando-do-meu-corpinho-camara-lanca-cartilha-voltada-ao-publico-infantil\/"},"modified":"2026-05-06T11:15:56","modified_gmt":"2026-05-06T14:15:56","slug":"aprender-para-se-proteger-cuidando-do-meu-corpinho-camara-lanca-cartilha-voltada-ao-publico-infantil","status":"publish","type":"post","link":"https:\/\/guialimeira.com.br\/news\/aprender-para-se-proteger-cuidando-do-meu-corpinho-camara-lanca-cartilha-voltada-ao-publico-infantil\/","title":{"rendered":"\u201cAprender para se proteger &#8211; cuidando do meu corpinho\u201d: C\u00e2mara lan\u00e7a cartilha voltada ao p\u00fablico infantil"},"content":{"rendered":"<p>\u201cAprender para se proteger &#8211; cuidando do meu corpinho\u201d: C\u00e2mara lan\u00e7a cartilha voltada ao p\u00fablico infantil<\/p>\n<p>Com o objetivo de proporcionar orienta\u00e7\u00f5es sobre como as crian\u00e7as podem se proteger e pedir ajuda em situa\u00e7\u00f5es de risco f\u00edsico e psicol\u00f3gico, a C\u00e2mara Municipal de Limeira, por meio da Escola Legislativa Paulo Freire, lan\u00e7ou nesta quarta-feira, 6 de maio, a cartilha \u201cAprender para se proteger &#8211; cuidando do meu corpinho\u201d. A publica\u00e7\u00e3o faz parte da campanha Maio Laranja de combate ao abuso e explora\u00e7\u00e3o sexual de crian\u00e7as e adolescentes. O material est\u00e1 dispon\u00edvel em formato digital no site da Escola Legislativa, ou por meio deste link.<\/p>\n<p>Com recursos visuais e abordagem educativa, a cartilha traz orienta\u00e7\u00f5es sobre como as crian\u00e7as podem se proteger e pedir ajuda em situa\u00e7\u00f5es de risco f\u00edsico e psicol\u00f3gico. O material \u00e9 voltado para crian\u00e7as cursando o ensino fundamental, com faixa et\u00e1ria de 6 a 10 anos, e atende aos protocolos nacionais e internacionais sobre o tema.<\/p>\n<p>A publica\u00e7\u00e3o foi produzida pela Escola Legislativa, em parceria com as psic\u00f3logas Andreza de Oliveira Dantas (CRP 06\/187869) e Patr\u00edcia T\u00f3foli (CRP 06\/188390), com o apoio do Conselho Tutelar de Limeira, e estar\u00e1 dispon\u00edvel tamb\u00e9m em formato f\u00edsico para as escolas do Munic\u00edpio que atendem ao p\u00fablico-alvo. De acordo com a superintendente da Escola Legislativa, Giane Boscolo, ser\u00e3o realizadas no decorrer do ano, a\u00e7\u00f5es de divulga\u00e7\u00e3o e orienta\u00e7\u00e3o sobre o uso da cartilha junto a essas institui\u00e7\u00f5es.<\/p>\n<p>Campanha Maio Laranja<\/p>\n<p>A campanha Maio Laranja de conscientiza\u00e7\u00e3o sobre a necessidade do combate ao abuso e explora\u00e7\u00e3o sexual contra crian\u00e7as e adolescentes foi institu\u00edda no Calend\u00e1rio Oficial do Munic\u00edpio por meio da Lei Ordin\u00e1ria N\u00ba 6710\/2022, de autoria do vereador Sidney Pascotto e aprovada por todos os vereadores da C\u00e2mara de Limeira.<\/p>\n<p>O objetivo da campanha \u00e9 ampliar o grau de conhecimento da popula\u00e7\u00e3o sobre o assunto e elevar o n\u00famero de pessoas capazes e dispostas a denunciar os casos de viol\u00eancia sexual contra o p\u00fablico infanto-juvenil. De acordo com o autor, \u00e9 preciso adotar medidas que permitam a divulga\u00e7\u00e3o de informa\u00e7\u00f5es sobre o assunto a fim de sensibilizar as fam\u00edlias para que protejam as crian\u00e7as e adolescentes do abuso e da explora\u00e7\u00e3o sexual.<\/p>\n<p>Sidney destacou ainda, na justificativa, que em in\u00fameros casos, seja por medo ou desconhecimento, a crian\u00e7a ou o adolescente deixa de relatar o epis\u00f3dio de abuso, o que s\u00f3 \u00e9 percebido pelos respons\u00e1veis de forma indireta, por meio de sinais involunt\u00e1rios.<\/p>\n<hr>\n<p><em>Fonte: <a href=\"https:\/\/www.limeira.sp.leg.br\/noticias\/view\/2026-05-06_aprender-para-se-proteger-cuidando-do-meu-corpinho-camara-lanca-cartilha-voltada-ao-publico-infantil\" target=\"_blank\" rel=\"noopener\">C\u00e2mara Municipal de Limeira<\/a><\/em><\/p>\n","protected":false},"excerpt":{"rendered":"<p>\u201cAprender para se proteger &#8211; cuidando do meu corpinho\u201d: C\u00e2mara lan\u00e7a cartilha voltada ao p\u00fablico infantil<\/p>\n<p>Com o objetivo de proporcionar orienta\u00e7\u00f5es sobre como as crian\u00e7as podem se proteger e pedir ajuda em situa\u00e7\u00f5es de risco f\u00edsico e psicol\u00f3gico, a C\u00e2mara Municipal de Limeira, por meio da Escola L<\/p>\n","protected":false},"author":4,"featured_media":64429,"comment_status":"","ping_status":"open","sticky":false,"template":"","format":"standard","meta":{"_jetpack_newsletter_access":"","_jetpack_dont_email_post_to_subs":false,"_jetpack_newsletter_tier_id":0,"_jetpack_memberships_contains_paywalled_content":false,"_mbp_banners":[],"_jetpack_feature_clip_id":0,"_jetpack_memberships_contains_paid_content":false,"footnotes":"","jetpack_publicize_message":"","jetpack_publicize_feature_enabled":true,"jetpack_social_post_already_shared":true,"jetpack_social_options":{"image_generator_settings":{"template":"highway","default_image_id":0,"font":"","enabled":false},"version":2},"jetpack_post_was_ever_published":false},"categories":[19],"tags":[],"class_list":["post-64430","post","type-post","status-publish","format-standard","has-post-thumbnail","category-politica"],"jetpack_publicize_connections":[],"jetpack-related-posts":[],"jetpack_shortlink":"https:\/\/wp.me\/p7Eq1F-gLc","jetpack_sharing_enabled":true,"jetpack_featured_media_url":"https:\/\/i0.wp.com\/guialimeira.com.br\/news\/wp-content\/uploads\/2026\/05\/noticia-camara-18.jpg?fit=1280%2C640&ssl=1","_links":{"self":[{"href":"https:\/\/guialimeira.com.br\/news\/wp-json\/wp\/v2\/posts\/64430","targetHints":{"allow":["GET"]}}],"collection":[{"href":"https:\/\/guialimeira.com.br\/news\/wp-json\/wp\/v2\/posts"}],"about":[{"href":"https:\/\/guialimeira.com.br\/news\/wp-json\/wp\/v2\/types\/post"}],"author":[{"embeddable":true,"href":"https:\/\/guialimeira.com.br\/news\/wp-json\/wp\/v2\/users\/4"}],"replies":[{"embeddable":true,"href":"https:\/\/guialimeira.com.br\/news\/wp-json\/wp\/v2\/comments?post=64430"}],"version-history":[{"count":0,"href":"https:\/\/guialimeira.com.br\/news\/wp-json\/wp\/v2\/posts\/64430\/revisions"}],"wp:featuredmedia":[{"embeddable":true,"href":"https:\/\/guialimeira.com.br\/news\/wp-json\/wp\/v2\/media\/64429"}],"wp:attachment":[{"href":"https:\/\/guialimeira.com.br\/news\/wp-json\/wp\/v2\/media?parent=64430"}],"wp:term":[{"taxonomy":"category","embeddable":true,"href":"https:\/\/guialimeira.com.br\/news\/wp-json\/wp\/v2\/categories?post=64430"},{"taxonomy":"post_tag","embeddable":true,"href":"https:\/\/guialimeira.com.br\/news\/wp-json\/wp\/v2\/tags?post=64430"}],"curies":[{"name":"wp","href":"https:\/\/api.w.org\/{rel}","templated":true}]}}