{"id":64414,"date":"2026-05-06T09:15:55","date_gmt":"2026-05-06T12:15:55","guid":{"rendered":"https:\/\/guialimeira.com.br\/construcao-da-passarela-dos-lopes-tera-inicio-em-15-de-junho-comunica-artesp-a-comissao-de-obras-da-camara\/"},"modified":"2026-05-06T09:15:55","modified_gmt":"2026-05-06T12:15:55","slug":"construcao-da-passarela-dos-lopes-tera-inicio-em-15-de-junho-comunica-artesp-a-comissao-de-obras-da-camara","status":"publish","type":"post","link":"https:\/\/guialimeira.com.br\/news\/construcao-da-passarela-dos-lopes-tera-inicio-em-15-de-junho-comunica-artesp-a-comissao-de-obras-da-camara\/","title":{"rendered":"Constru\u00e7\u00e3o da passarela dos Lopes ter\u00e1 in\u00edcio em 15 de junho, comunica Artesp \u00e0 Comiss\u00e3o de Obras da C\u00e2mara"},"content":{"rendered":"<p>Constru\u00e7\u00e3o da passarela dos Lopes ter\u00e1 in\u00edcio em 15 de junho, comunica Artesp \u00e0 Comiss\u00e3o de Obras da C\u00e2mara<\/p>\n<p>A Ag\u00eancia de Transporte do Estado de S\u00e3o Paulo (Artesp) comunicou \u00e0 Comiss\u00e3o de Obras da C\u00e2mara que a constru\u00e7\u00e3o da passarela no km 134+500 metros da Rodovia Anhanguera (SP-330), no Bairro dos Lopes, iniciar\u00e1 no dia 15 de junho deste ano. A informa\u00e7\u00e3o foi apresentada ao colegiado durante reuni\u00e3o realizada na capital paulista na tarde desta ter\u00e7a-feira, 5 de maio.<\/p>\n<p>Na Artesp, os membros da Comiss\u00e3o de Obras, vereadores Helder do T\u00e1xi (PSD), presidente; M\u00e1rcio do Estacionamento (DC), vice-presidente; e Jo\u00e3o Antunes Bano (Solidariedade), secret\u00e1rio; foram recebidos pelo superintendente da Ag\u00eancia, Rodrigo Hirata. Tamb\u00e9m participaram da reuni\u00e3o o secret\u00e1rio Municipal de Obras, Walter Veneciano, e a representante dos moradores do Bairro dos Lopes, Marlene Regina Crepaldi de Oliveira.<\/p>\n<p>Em rela\u00e7\u00e3o aos prazos anteriores, Hirata explicou que a autoriza\u00e7\u00e3o para a constru\u00e7\u00e3o foi obtida no in\u00edcio do ano, quando foi estabelecido novo cronograma para come\u00e7ar a obra em abril, mas o processo precisava ser aprovado tamb\u00e9m pelo poder concedente (Governo do Estado), retornando com autoriza\u00e7\u00e3o no final do mesmo m\u00eas.<\/p>\n<p>De acordo com o superintendente, como ser\u00e1 preciso fazer o c\u00e1lculo dos custos novamente, o novo cronograma prev\u00ea o in\u00edcio das obras no dia 15 de junho. O prazo de constru\u00e7\u00e3o ser\u00e1 de no m\u00e1ximo nove meses, mas Hirata acredita que em seis meses contados a partir do in\u00edcio da constru\u00e7\u00e3o a passarela estar\u00e1 finalizada.<\/p>\n<p>Hirata tamb\u00e9m relatou aos vereadores os acontecimentos desde o in\u00edcio das tratativas em 2017. Segundo ele, o processo foi constru\u00eddo de forma equivocada no passado, pois o contrato previa que somente locais com travessia superior a 80 pedestres demandariam a constru\u00e7\u00e3o de uma passarela. Mas a Artesp, a partir da demanda limeirense, mudou o foco para determinar a constru\u00e7\u00e3o de passarelas em rodovias. \u201cHoje n\u00e3o falamos mais de obriga\u00e7\u00f5es contratuais e sim da necessidade da popula\u00e7\u00e3o\u201d, afirmou.<\/p>\n<p>Os vereadores comemoraram a not\u00edcia do novo prazo e a confirma\u00e7\u00e3o do representante da Artesp de que a passarela finalmente ser\u00e1 constru\u00edda e destacaram a import\u00e2ncia do trabalho e esfor\u00e7o conjunto da Comiss\u00e3o, da Prefeitura, dos moradores e da Ag\u00eancia para finalmente conquistar a obra que trar\u00e1 mais seguran\u00e7a na travessia da rodovia.<\/p>\n<p>O que motivou a dilig\u00eancia<\/p>\n<p>A Comiss\u00e3o de Obras retornou \u00e0 Artesp quase sete meses ap\u00f3s a reuni\u00e3o anterior com o \u00f3rg\u00e3o para cobrar novamente o detalhamento do cronograma de obras e o cumprimento dos prazos de entrega da estrutura \u00e0 popula\u00e7\u00e3o. Na reuni\u00e3o anterior, no dia 14 de outubro de 2025, a Ag\u00eancia informou que a constru\u00e7\u00e3o come\u00e7aria at\u00e9 o fim daquele ano, o que n\u00e3o aconteceu.<\/p>\n<p>Em 1\u00ba de abril de 2026, a Prefeitura anunciou que o projeto teria sido \u201cdestravado\u201d ap\u00f3s di\u00e1logo com o Governo do Estado de S\u00e3o Paulo e que as obras iniciariam nas semanas seguintes. O que tamb\u00e9m n\u00e3o aconteceu e motivou a dilig\u00eancia \u00e0 sede da Artesp.<\/p>\n<p>Al\u00e9m disso, a Comiss\u00e3o de Obras recebeu um of\u00edcio encaminhado por um mun\u00edcipe no qual relatou que, em resposta a questionamentos sobre a constru\u00e7\u00e3o da passarela via Ouvidoria da Artesp, a Ag\u00eancia informou que o processo ainda estava em an\u00e1lise e que n\u00e3o havia defini\u00e7\u00e3o de cronograma para in\u00edcio ou conclus\u00e3o das obras.<\/p>\n<p>Antes de seguir para a capital paulista, a Comiss\u00e3o esteve no local indicado para a constru\u00e7\u00e3o da passarela e confirmou que nenhuma interven\u00e7\u00e3o havia iniciado ainda.<\/p>\n<p>Hist\u00f3rico<\/p>\n<p>Desde 2017, a C\u00e2mara solicita a constru\u00e7\u00e3o da passarela na localidade. Na \u00e9poca, um relat\u00f3rio foi elaborado pela Consultoria T\u00e9cnica Especializada da Casa. O parecer demonstrou que \u201cas caracter\u00edsticas locais configuram uma situa\u00e7\u00e3o de risco permanente e di\u00e1rio aos moradores do bairro, inclusive para o acesso a servi\u00e7os p\u00fablicos essenciais, especificamente de sa\u00fade e de educa\u00e7\u00e3o, que necessitam realizar diariamente a travessia da rodovia\u201d.<\/p>\n<p>Entre os encaminhamentos feitos pelos vereadores, a partir do relat\u00f3rio da Consultoria, foi enviado of\u00edcio \u00e0 Artesp para que promovesse a \u201crevis\u00e3o e atualiza\u00e7\u00e3o dos crit\u00e9rios para implanta\u00e7\u00e3o de melhorias e a devida reconsidera\u00e7\u00e3o das decis\u00f5es anteriores, permitindo enquadrar a situa\u00e7\u00e3o como circunst\u00e2ncia especial que apresenta potencial de graves riscos aos usu\u00e1rios e aos pedestres, conforme disposto na cl\u00e1usula contratual com a concession\u00e1ria, permitindo, de fato, posterior implanta\u00e7\u00e3o de passarela elevada.\u201d<\/p>\n<p>A necessidade de implanta\u00e7\u00e3o da travessia elevada tamb\u00e9m foi alvo de indica\u00e7\u00f5es, mo\u00e7\u00f5es e audi\u00eancias p\u00fablicas por parte dos vereadores desde 2011, em face dos riscos de acidentes. Tamb\u00e9m foram realizadas reuni\u00f5es entre a Comiss\u00e3o de Obras e o deputado Rafa Zimbaldi em mar\u00e7o e maio de 2022, e em abril de 2025 para alinhamento das demandas do Munic\u00edpio e articula\u00e7\u00e3o com o Governo do Estado para a constru\u00e7\u00e3o da passarela.<\/p>\n<p>Em outubro de 2025, a Comiss\u00e3o se reuniu com representantes da Artesp. Na ocasi\u00e3o os vereadores foram informados que at\u00e9 o final do ano as obras teriam in\u00edcio e que o prazo para conclus\u00e3o seria de quatro meses, sem\u00a0 custo para o Munic\u00edpio, uma vez que a implanta\u00e7\u00e3o da travessia integrava o escopo de obriga\u00e7\u00f5es previstas no Contrato de Concess\u00e3o do Sistema Anhanguera-Bandeirantes.<\/p>\n<p>Na not\u00edcia publicada no in\u00edcio de abril de 2026, a Prefeitura afirmou que as obras teriam in\u00edcio nas semanas seguintes, \u201csob responsabilidade da concession\u00e1ria CCR Autoban, com prazo estimado de dez meses para a conclus\u00e3o\u201d.<\/p>\n<p>A Comiss\u00e3o<\/p>\n<p>A Comiss\u00e3o de Obras e Planejamento Urbano \u00e9 respons\u00e1vel por temas como servi\u00e7os p\u00fablicos, uso, ocupa\u00e7\u00e3o e parcelamento do solo, e \u00e9 formada pelos vereadores Helder do T\u00e1xi (PSD), presidente; M\u00e1rcio do Estacionamento (DC), vice-presidente; e Jo\u00e3o Antunes Bano (Solidariedade), secret\u00e1rio. Eles se re\u00fanem ordinariamente \u00e0s quintas-feiras, a partir das 13h30.<\/p>\n<hr>\n<p><em>Fonte: <a href=\"https:\/\/www.limeira.sp.leg.br\/noticias\/view\/2026-05-06_construcao-da-passarela-dos-lopes-tera-inicio-em-15-de-junho-comunica-artesp-a-comissao-de-obras-da-camara\" target=\"_blank\" rel=\"noopener\">C\u00e2mara Municipal de Limeira<\/a><\/em><\/p>\n","protected":false},"excerpt":{"rendered":"<p>Constru\u00e7\u00e3o da passarela dos Lopes ter\u00e1 in\u00edcio em 15 de junho, comunica Artesp \u00e0 Comiss\u00e3o de Obras da C\u00e2mara<\/p>\n<p>A Ag\u00eancia de Transporte do Estado de S\u00e3o Paulo (Artesp) comunicou \u00e0 Comiss\u00e3o de Obras da C\u00e2mara que a constru\u00e7\u00e3o da passarela no km 134+500 metros da Rodovia Anhanguera (SP-330), no Bairro do<\/p>\n","protected":false},"author":4,"featured_media":64413,"comment_status":"","ping_status":"open","sticky":false,"template":"","format":"standard","meta":{"_jetpack_newsletter_access":"","_jetpack_dont_email_post_to_subs":false,"_jetpack_newsletter_tier_id":0,"_jetpack_memberships_contains_paywalled_content":false,"_mbp_banners":[],"_jetpack_feature_clip_id":0,"_jetpack_memberships_contains_paid_content":false,"footnotes":"","jetpack_publicize_message":"","jetpack_publicize_feature_enabled":true,"jetpack_social_post_already_shared":true,"jetpack_social_options":{"image_generator_settings":{"template":"highway","default_image_id":0,"font":"","enabled":false},"version":2},"jetpack_post_was_ever_published":false},"categories":[19],"tags":[],"class_list":["post-64414","post","type-post","status-publish","format-standard","has-post-thumbnail","category-politica"],"jetpack_publicize_connections":[],"jetpack-related-posts":[],"jetpack_shortlink":"https:\/\/wp.me\/p7Eq1F-gKW","jetpack_sharing_enabled":true,"jetpack_featured_media_url":"https:\/\/i0.wp.com\/guialimeira.com.br\/news\/wp-content\/uploads\/2026\/05\/noticia-camara-17.jpg?fit=1280%2C640&ssl=1","_links":{"self":[{"href":"https:\/\/guialimeira.com.br\/news\/wp-json\/wp\/v2\/posts\/64414","targetHints":{"allow":["GET"]}}],"collection":[{"href":"https:\/\/guialimeira.com.br\/news\/wp-json\/wp\/v2\/posts"}],"about":[{"href":"https:\/\/guialimeira.com.br\/news\/wp-json\/wp\/v2\/types\/post"}],"author":[{"embeddable":true,"href":"https:\/\/guialimeira.com.br\/news\/wp-json\/wp\/v2\/users\/4"}],"replies":[{"embeddable":true,"href":"https:\/\/guialimeira.com.br\/news\/wp-json\/wp\/v2\/comments?post=64414"}],"version-history":[{"count":0,"href":"https:\/\/guialimeira.com.br\/news\/wp-json\/wp\/v2\/posts\/64414\/revisions"}],"wp:featuredmedia":[{"embeddable":true,"href":"https:\/\/guialimeira.com.br\/news\/wp-json\/wp\/v2\/media\/64413"}],"wp:attachment":[{"href":"https:\/\/guialimeira.com.br\/news\/wp-json\/wp\/v2\/media?parent=64414"}],"wp:term":[{"taxonomy":"category","embeddable":true,"href":"https:\/\/guialimeira.com.br\/news\/wp-json\/wp\/v2\/categories?post=64414"},{"taxonomy":"post_tag","embeddable":true,"href":"https:\/\/guialimeira.com.br\/news\/wp-json\/wp\/v2\/tags?post=64414"}],"curies":[{"name":"wp","href":"https:\/\/api.w.org\/{rel}","templated":true}]}}