{"id":64410,"date":"2026-05-06T08:35:53","date_gmt":"2026-05-06T11:35:53","guid":{"rendered":"https:\/\/guialimeira.com.br\/vereadores-juniores-debatem-sobre-obras-seguranca-e-zeladoria-em-sessao-na-camara\/"},"modified":"2026-05-06T08:35:53","modified_gmt":"2026-05-06T11:35:53","slug":"vereadores-juniores-debatem-sobre-obras-seguranca-e-zeladoria-em-sessao-na-camara","status":"publish","type":"post","link":"https:\/\/guialimeira.com.br\/news\/vereadores-juniores-debatem-sobre-obras-seguranca-e-zeladoria-em-sessao-na-camara\/","title":{"rendered":"Vereadores juniores debatem sobre obras, seguran\u00e7a e zeladoria em sess\u00e3o na C\u00e2mara"},"content":{"rendered":"<p>Vereadores juniores debatem sobre obras, seguran\u00e7a e zeladoria em sess\u00e3o na C\u00e2mara<\/p>\n<p>A quinta sess\u00e3o ordin\u00e1ria dos vereadores juniores desta legislatura ocorreu na tarde desta ter\u00e7a-feira, 5 de maio, no Plen\u00e1rio Vereador Vit\u00f3rio Bortolan. No decorrer da sess\u00e3o foram apresentados e discutidos requerimentos, mo\u00e7\u00f5es e projetos de leis; todos aprovados, em especial sobre obras, seguran\u00e7a e zeladoria.<\/p>\n<p>A Escola Legislativa Paulo Freire \u00e9 respons\u00e1vel pela organiza\u00e7\u00e3o e condu\u00e7\u00e3o do projeto de educa\u00e7\u00e3o pol\u00edtica na C\u00e2mara. O evento contou com a participa\u00e7\u00e3o do vereador padrinho Guilherme Guido (PL).<\/p>\n<p>Durante a sess\u00e3o, os vereadores juniores debateram sobre proposituras voltadas aos servi\u00e7os de obras, seguran\u00e7a, esporte e zeladoria do Munic\u00edpio, como reparos de fia\u00e7\u00e3o el\u00e9trica no bairro Ch\u00e1cara Antonieta, implanta\u00e7\u00e3o de pista de atletismo, servi\u00e7os de poda e coleta de mato cortado, programas natalinos voltados \u00e0s crian\u00e7as, projetos que combatem o bullying nas escolas e mo\u00e7\u00f5es de pesar a Oscar Schmidt e Daniella de Souza Ferreira.<\/p>\n<p>A reuni\u00e3o foi transmitida ao vivo pelos canais de comunica\u00e7\u00e3o do Legislativo. O v\u00eddeo pode ser conferido no link.<\/p>\n<p>A pr\u00f3xima e \u00faltima sess\u00e3o ordin\u00e1ria dos vereadores juniores ocorrer\u00e1 no dia 19 de junho, \u00e0s 14h, no Plen\u00e1rio Vereador Vit\u00f3rio Bortolan.<\/p>\n<p>Parlamento Jovem<\/p>\n<p>A C\u00e2mara de Vereadores Juniores foi criada por meio da Resolu\u00e7\u00e3o n\u00ba 843\/2023, de autoria da Mesa Diretora, que disp\u00f5e sobre a cria\u00e7\u00e3o do projeto &#8220;Parlamento Jovem&#8221;. Fazem parte da atividade 21 alunos representantes das escolas p\u00fablicas e particulares de Limeira, de 12 a 16 anos, com mandato de um ano.<\/p>\n<p>As sess\u00f5es ordin\u00e1rias dos vereadores juniores ocorrem a cada dois meses e seguem os mesmos ritos das sess\u00f5es do Legislativo. Nelas, os jovens podem apresentar propostas para melhorar a qualidade de vida da popula\u00e7\u00e3o, em \u00e1reas como educa\u00e7\u00e3o, sa\u00fade, cultura, esporte, lazer e meio ambiente. As mat\u00e9rias tamb\u00e9m s\u00e3o lidas, discutidas e votadas.<\/p>\n<hr>\n<p><em>Fonte: <a href=\"https:\/\/www.limeira.sp.leg.br\/noticias\/view\/2026-05-06_vereadores-juniores-debatem-sobre-obras-seguranca-e-zeladoria-em-sessao-na-camara\" target=\"_blank\" rel=\"noopener\">C\u00e2mara Municipal de Limeira<\/a><\/em><\/p>\n","protected":false},"excerpt":{"rendered":"<p>Vereadores juniores debatem sobre obras, seguran\u00e7a e zeladoria em sess\u00e3o na C\u00e2mara<\/p>\n<p>A quinta sess\u00e3o ordin\u00e1ria dos vereadores juniores desta legislatura ocorreu na tarde desta ter\u00e7a-feira, 5 de maio, no Plen\u00e1rio Vereador Vit\u00f3rio Bortolan. No decorrer da sess\u00e3o foram apresentados e discutidos requerim<\/p>\n","protected":false},"author":4,"featured_media":64409,"comment_status":"","ping_status":"open","sticky":false,"template":"","format":"standard","meta":{"_jetpack_newsletter_access":"","_jetpack_dont_email_post_to_subs":false,"_jetpack_newsletter_tier_id":0,"_jetpack_memberships_contains_paywalled_content":false,"_mbp_banners":[],"_jetpack_feature_clip_id":0,"_jetpack_memberships_contains_paid_content":false,"footnotes":"","jetpack_publicize_message":"","jetpack_publicize_feature_enabled":true,"jetpack_social_post_already_shared":true,"jetpack_social_options":{"image_generator_settings":{"template":"highway","default_image_id":0,"font":"","enabled":false},"version":2},"jetpack_post_was_ever_published":false},"categories":[19],"tags":[],"class_list":["post-64410","post","type-post","status-publish","format-standard","has-post-thumbnail","category-politica"],"jetpack_publicize_connections":[],"jetpack-related-posts":[],"jetpack_shortlink":"https:\/\/wp.me\/p7Eq1F-gKS","jetpack_sharing_enabled":true,"jetpack_featured_media_url":"https:\/\/i0.wp.com\/guialimeira.com.br\/news\/wp-content\/uploads\/2026\/05\/noticia-camara-16.jpg?fit=1280%2C640&ssl=1","_links":{"self":[{"href":"https:\/\/guialimeira.com.br\/news\/wp-json\/wp\/v2\/posts\/64410","targetHints":{"allow":["GET"]}}],"collection":[{"href":"https:\/\/guialimeira.com.br\/news\/wp-json\/wp\/v2\/posts"}],"about":[{"href":"https:\/\/guialimeira.com.br\/news\/wp-json\/wp\/v2\/types\/post"}],"author":[{"embeddable":true,"href":"https:\/\/guialimeira.com.br\/news\/wp-json\/wp\/v2\/users\/4"}],"replies":[{"embeddable":true,"href":"https:\/\/guialimeira.com.br\/news\/wp-json\/wp\/v2\/comments?post=64410"}],"version-history":[{"count":0,"href":"https:\/\/guialimeira.com.br\/news\/wp-json\/wp\/v2\/posts\/64410\/revisions"}],"wp:featuredmedia":[{"embeddable":true,"href":"https:\/\/guialimeira.com.br\/news\/wp-json\/wp\/v2\/media\/64409"}],"wp:attachment":[{"href":"https:\/\/guialimeira.com.br\/news\/wp-json\/wp\/v2\/media?parent=64410"}],"wp:term":[{"taxonomy":"category","embeddable":true,"href":"https:\/\/guialimeira.com.br\/news\/wp-json\/wp\/v2\/categories?post=64410"},{"taxonomy":"post_tag","embeddable":true,"href":"https:\/\/guialimeira.com.br\/news\/wp-json\/wp\/v2\/tags?post=64410"}],"curies":[{"name":"wp","href":"https:\/\/api.w.org\/{rel}","templated":true}]}}