{"id":6441,"date":"2024-05-25T17:06:43","date_gmt":"2024-05-25T20:06:43","guid":{"rendered":"https:\/\/guialimeira.com.br\/2024\/05\/25\/saude-lanca-nova-campanha-de-vacinacao-contra-covid-19\/"},"modified":"2024-05-25T17:06:43","modified_gmt":"2024-05-25T20:06:43","slug":"saude-lanca-nova-campanha-de-vacinacao-contra-covid-19","status":"publish","type":"post","link":"https:\/\/guialimeira.com.br\/news\/saude-lanca-nova-campanha-de-vacinacao-contra-covid-19\/","title":{"rendered":"Sa\u00fade lan\u00e7a nova campanha de vacina\u00e7\u00e3o contra covid-19"},"content":{"rendered":"<p> <br \/>\n<\/p>\n<div>\n<p>Ap\u00f3s receber a primeira remessa de doses atualizadas contra a covid-19, o Minist\u00e9rio da Sa\u00fade lan\u00e7ou uma nova campanha de vacina\u00e7\u00e3o contra a doen\u00e7a. A proposta \u00e9 imunizar pelo menos 70 milh\u00f5es de pessoas.<img data-recalc-dims=\"1\" decoding=\"async\" src=\"https:\/\/i0.wp.com\/agenciabrasil.ebc.com.br\/ebc.png?w=696&#038;ssl=1\" style=\"width:1px; height:1px; display:inline;\"\/><img data-recalc-dims=\"1\" decoding=\"async\" src=\"https:\/\/i0.wp.com\/agenciabrasil.ebc.com.br\/ebc.gif?w=696&#038;ssl=1\" style=\"width:1px; height:1px; display:inline;\"\/><\/p>\n<p>Na primeira quinzena de maio, o Brasil recebeu 9,5 milh\u00f5es de doses atualizadas com a variante XBB.1.5. Em nota, o minist\u00e9rio informou que as vacinas est\u00e3o em processo de distribui\u00e7\u00e3o aos estados, de acordo com o agendamento junto \u00e0\u00a0operadora log\u00edstica.<\/p>\n<p>\u201cMuitos estados j\u00e1 come\u00e7aram a aplicar as vacinas monovalentes XBB. O primeiro lote come\u00e7ou a ser entregue no dia 9 de maio aos estados, que t\u00eam autonomia para come\u00e7ar a aplica\u00e7\u00e3o imediatamente.\u201d<\/p>\n<p>O quantitativo de doses, segundo a pasta, configura uma esp\u00e9cie de aquisi\u00e7\u00e3o emergencial, suficiente para abastecer estados e munic\u00edpios at\u00e9 que as pr\u00f3ximas aquisi\u00e7\u00f5es sejam conclu\u00eddas.<\/p>\n<p>\u201cAs primeiras doses possuem data de validade para os meses de junho e julho de 2024, inscrita nos frascos, mas estendida pela Anvisa [Ag\u00eancia Nacional de Vigil\u00e2ncia Sanit\u00e1ria] para setembro e outubro de 2024, conforme recomendado por \u00f3rg\u00e3os de avali\u00e7\u00e3o internacional.\u201d<\/p>\n<p>Nova vacina<\/p>\n<p>De acordo com a pasta, o perfil de seguran\u00e7a da vacina covid-19 monovalente XBB \u00e9 conhecido em raz\u00e3o do amplo uso em outros pa\u00edses e semelhante ao das vers\u00f5es bivalentes, \u201ccom a vantagem adicional de ser adaptada para a variante XBB.1.5\u201d.<\/p>\n<p>\u201cAs vacinas ofertadas pelo Programa Nacional de Imuniza\u00e7\u00f5es (PNI) s\u00e3o eficazes, efetivas, seguras e passam por um rigoroso processo de controle de qualidade antes de chegarem aos bra\u00e7os da popula\u00e7\u00e3o.\u201d<\/p>\n<h2>Esquema vacinal:<\/h2>\n<p><strong>Confira o esquema vacinal recomendado pelo Minist\u00e9rio a partir de 1\u00ba de janeiro de 2024:<\/strong><\/p>\n<p>&#8211; para crian\u00e7as de 6 meses a menores de 5 anos, a vacina foi inclu\u00edda no calend\u00e1rio de vacina\u00e7\u00e3o;<br \/>&#8211; uma dose anual ou semestral para grupos priorit\u00e1rios com 5 anos de idade ou mais, independentemente do n\u00famero de doses pr\u00e9vias recebidas;<br \/>&#8211; pessoas com mais de 5 anos que n\u00e3o pertencem aos grupos priorit\u00e1rios poder\u00e3o receber uma dose.<\/p>\n<p>&#8220;O Minist\u00e9rio da Sa\u00fade enfatiza que as vacinas dispon\u00edveis nos postos de vacina\u00e7\u00e3o continuam efetivas contra as variantes em circula\u00e7\u00e3o no pa\u00eds. O esquema vacinal completo, incluindo as doses de refor\u00e7o, quando recomendado, \u00e9 essencial para evitar formas graves e \u00f3bitos pela doen\u00e7a\u201d, destaca a pasta.<br \/>\u00a0<\/p>\n<\/p><\/div>\n<p><br \/>\n<br \/><a href=\"https:\/\/agenciabrasil.ebc.com.br\/saude\/noticia\/2024-05\/saude-lanca-nova-campanha-de-vacinacao-contra-covid-19\" rel=\"noopener\">Ag\u00eancia Brasil <\/a><\/p>\n","protected":false},"excerpt":{"rendered":"<p>Ap\u00f3s receber a primeira remessa de doses atualizadas contra a covid-19, o Minist\u00e9rio da Sa\u00fade lan\u00e7ou uma nova campanha de vacina\u00e7\u00e3o contra a doen\u00e7a. A proposta \u00e9 imunizar pelo menos 70 milh\u00f5es de pessoas. Na primeira quinzena de maio, o Brasil recebeu 9,5 milh\u00f5es de doses atualizadas com a variante XBB.1.5. Em nota, o minist\u00e9rio [&hellip;]<\/p>\n","protected":false},"author":1,"featured_media":891,"comment_status":"open","ping_status":"open","sticky":false,"template":"","format":"standard","meta":{"_jetpack_newsletter_access":"","_jetpack_dont_email_post_to_subs":false,"_jetpack_newsletter_tier_id":0,"_jetpack_memberships_contains_paywalled_content":false,"_mbp_banners":[],"_jetpack_feature_clip_id":0,"_jetpack_memberships_contains_paid_content":false,"footnotes":"","jetpack_publicize_message":"","jetpack_publicize_feature_enabled":true,"jetpack_social_post_already_shared":true,"jetpack_social_options":{"image_generator_settings":{"template":"highway","default_image_id":0,"font":"","enabled":false},"version":2},"jetpack_post_was_ever_published":false},"categories":[15],"tags":[],"class_list":["post-6441","post","type-post","status-publish","format-standard","has-post-thumbnail","category-saude"],"jetpack_publicize_connections":[],"jetpack-related-posts":[],"jetpack_shortlink":"https:\/\/wp.me\/p7Eq1F-1FT","jetpack_sharing_enabled":true,"jetpack_featured_media_url":"https:\/\/i0.wp.com\/guialimeira.com.br\/news\/wp-content\/uploads\/2024\/04\/img_3382.jpg?fit=1600%2C800&ssl=1","_links":{"self":[{"href":"https:\/\/guialimeira.com.br\/news\/wp-json\/wp\/v2\/posts\/6441","targetHints":{"allow":["GET"]}}],"collection":[{"href":"https:\/\/guialimeira.com.br\/news\/wp-json\/wp\/v2\/posts"}],"about":[{"href":"https:\/\/guialimeira.com.br\/news\/wp-json\/wp\/v2\/types\/post"}],"author":[{"embeddable":true,"href":"https:\/\/guialimeira.com.br\/news\/wp-json\/wp\/v2\/users\/1"}],"replies":[{"embeddable":true,"href":"https:\/\/guialimeira.com.br\/news\/wp-json\/wp\/v2\/comments?post=6441"}],"version-history":[{"count":0,"href":"https:\/\/guialimeira.com.br\/news\/wp-json\/wp\/v2\/posts\/6441\/revisions"}],"wp:featuredmedia":[{"embeddable":true,"href":"https:\/\/guialimeira.com.br\/news\/wp-json\/wp\/v2\/media\/891"}],"wp:attachment":[{"href":"https:\/\/guialimeira.com.br\/news\/wp-json\/wp\/v2\/media?parent=6441"}],"wp:term":[{"taxonomy":"category","embeddable":true,"href":"https:\/\/guialimeira.com.br\/news\/wp-json\/wp\/v2\/categories?post=6441"},{"taxonomy":"post_tag","embeddable":true,"href":"https:\/\/guialimeira.com.br\/news\/wp-json\/wp\/v2\/tags?post=6441"}],"curies":[{"name":"wp","href":"https:\/\/api.w.org\/{rel}","templated":true}]}}