{"id":6438,"date":"2024-05-25T16:15:43","date_gmt":"2024-05-25T19:15:43","guid":{"rendered":"https:\/\/guialimeira.com.br\/2024\/05\/25\/governo-autoriza-compra-de-1-milhao-de-toneladas-de-arroz\/"},"modified":"2024-05-25T16:15:43","modified_gmt":"2024-05-25T19:15:43","slug":"governo-autoriza-compra-de-1-milhao-de-toneladas-de-arroz","status":"publish","type":"post","link":"https:\/\/guialimeira.com.br\/news\/governo-autoriza-compra-de-1-milhao-de-toneladas-de-arroz\/","title":{"rendered":"Governo autoriza compra de 1 milh\u00e3o de toneladas de arroz"},"content":{"rendered":"<p> <br \/>\n<\/p>\n<div>\n<p>O governo federal autorizou, atrav\u00e9s de medida provis\u00f3ria assinada pelo presidente Luiz In\u00e1cio Lula da Silva nessa sexta-feira (24), a compra de at\u00e9 um milh\u00e3o de toneladas de arroz estrangeiro com a finalidade de garantir o abastecimento em todo o pa\u00eds, que pode ser afetado pelo fen\u00f4meno clim\u00e1tico que atinge o Rio Grande do Sul. O estado \u00e9 respons\u00e1vel pela produ\u00e7\u00e3o de 70% do arroz consumido no pa\u00eds.<img data-recalc-dims=\"1\" decoding=\"async\" src=\"https:\/\/i0.wp.com\/agenciabrasil.ebc.com.br\/ebc.png?w=696&#038;ssl=1\" style=\"width:1px; height:1px; display:inline;\"\/><img data-recalc-dims=\"1\" decoding=\"async\" src=\"https:\/\/i0.wp.com\/agenciabrasil.ebc.com.br\/ebc.gif?w=696&#038;ssl=1\" style=\"width:1px; height:1px; display:inline;\"\/><\/p>\n<p>Ao todo, foram liberados R$ 7,2 bilh\u00f5es para a compra de arroz com o pre\u00e7o tabelado em R$ 4 por quilo. A finalidade \u00e9 garantir que o cereal chegue diretamente ao consumidor final, assegurando o abastecimento alimentar em todo o territ\u00f3rio nacional.<\/p>\n<p>A compra autoriza o Minist\u00e9rio do Desenvolvimento Agr\u00e1rio e Agricultura Familiar (MDA), atrav\u00e9s da Companhia Nacional de Abastecimento (Conab), a fazer a aquisi\u00e7\u00e3o.<\/p>\n<h2>Venda ao consumidor<\/h2>\n<p>O estoque ser\u00e1 destinado \u00e0 venda direta para mercados de vizinhan\u00e7a, supermercados e hipermercados, al\u00e9m de estabelecimentos comerciais com ampla rede de pontos de venda nas regi\u00f5es metropolitanas.<\/p>\n<p>O ministro do Desenvolvimento Agr\u00e1rio e Agricultura Familiar, Paulo Teixeira, comemorou a import\u00e2ncia da iniciativa. \u201cEsta medida provis\u00f3ria \u00e9 um passo crucial para garantir a seguran\u00e7a alimentar de todo o povo brasileiro\u201d, avaliou.<\/p>\n<p>O governo ga\u00facho, entretanto, afirma que a safra de arroz do estado \u00e9 suficiente para a demanda do pa\u00eds. Segundo dados do Instituto Rio Grandense do Arroz (Irga),\u00a0a safra 2023\/2024 de arroz do Rio Grande do Sul deve ficar em torno de 7,1 milh\u00f5es toneladas, mesmo com as perdas pelas inunda\u00e7\u00f5es que o Estado sofreu em maio. O n\u00famero \u00e9 bem pr\u00f3ximo ao registrado na safra anterior, de 7,2 milh\u00f5es de toneladas.\u00a0<\/p>\n<p>\u201cMesmo considerando as perdas, temos uma safra praticamente id\u00eantica \u00e0 anterior, o que nos leva a calcular que n\u00e3o haver\u00e1 desabastecimento de arroz\u201d, argumentou o presidente do Irga, Rodrigo Machado.<\/p>\n<p>\u00a0<\/p>\n<p>*<em>Mat\u00e9ria alterada \u00e0s 15h11 para corre\u00e7\u00e3o do total de arroz a ser comprado. O correto \u00e9 1 milh\u00e3o de toneladas do cereal.<\/em><\/p>\n<\/p><\/div>\n<p><br \/>\n<br \/><a href=\"https:\/\/agenciabrasil.ebc.com.br\/economia\/noticia\/2024-05\/governo-autoriza-compra-de-1-milh%C3%A3o-de-toneladas-de-arroz\" rel=\"noopener\">Ag\u00eancia Brasil<\/a><\/p>\n","protected":false},"excerpt":{"rendered":"<p>O governo federal autorizou, atrav\u00e9s de medida provis\u00f3ria assinada pelo presidente Luiz In\u00e1cio Lula da Silva nessa sexta-feira (24), a compra de at\u00e9 um milh\u00e3o de toneladas de arroz estrangeiro com a finalidade de garantir o abastecimento em todo o pa\u00eds, que pode ser afetado pelo fen\u00f4meno clim\u00e1tico que atinge o Rio Grande do Sul. [&hellip;]<\/p>\n","protected":false},"author":1,"featured_media":4124,"comment_status":"open","ping_status":"open","sticky":false,"template":"","format":"standard","meta":{"_jetpack_newsletter_access":"","_jetpack_dont_email_post_to_subs":false,"_jetpack_newsletter_tier_id":0,"_jetpack_memberships_contains_paywalled_content":false,"_mbp_banners":[],"_jetpack_feature_clip_id":0,"_jetpack_memberships_contains_paid_content":false,"footnotes":"","jetpack_publicize_message":"","jetpack_publicize_feature_enabled":true,"jetpack_social_post_already_shared":true,"jetpack_social_options":{"image_generator_settings":{"template":"highway","default_image_id":0,"font":"","enabled":false},"version":2},"jetpack_post_was_ever_published":false},"categories":[24],"tags":[],"class_list":["post-6438","post","type-post","status-publish","format-standard","has-post-thumbnail","category-economia"],"jetpack_publicize_connections":[],"jetpack-related-posts":[],"jetpack_shortlink":"https:\/\/wp.me\/p7Eq1F-1FQ","jetpack_sharing_enabled":true,"jetpack_featured_media_url":"https:\/\/i0.wp.com\/guialimeira.com.br\/news\/wp-content\/uploads\/2024\/05\/arroz_1009201524.jpg?fit=1600%2C800&ssl=1","_links":{"self":[{"href":"https:\/\/guialimeira.com.br\/news\/wp-json\/wp\/v2\/posts\/6438","targetHints":{"allow":["GET"]}}],"collection":[{"href":"https:\/\/guialimeira.com.br\/news\/wp-json\/wp\/v2\/posts"}],"about":[{"href":"https:\/\/guialimeira.com.br\/news\/wp-json\/wp\/v2\/types\/post"}],"author":[{"embeddable":true,"href":"https:\/\/guialimeira.com.br\/news\/wp-json\/wp\/v2\/users\/1"}],"replies":[{"embeddable":true,"href":"https:\/\/guialimeira.com.br\/news\/wp-json\/wp\/v2\/comments?post=6438"}],"version-history":[{"count":0,"href":"https:\/\/guialimeira.com.br\/news\/wp-json\/wp\/v2\/posts\/6438\/revisions"}],"wp:featuredmedia":[{"embeddable":true,"href":"https:\/\/guialimeira.com.br\/news\/wp-json\/wp\/v2\/media\/4124"}],"wp:attachment":[{"href":"https:\/\/guialimeira.com.br\/news\/wp-json\/wp\/v2\/media?parent=6438"}],"wp:term":[{"taxonomy":"category","embeddable":true,"href":"https:\/\/guialimeira.com.br\/news\/wp-json\/wp\/v2\/categories?post=6438"},{"taxonomy":"post_tag","embeddable":true,"href":"https:\/\/guialimeira.com.br\/news\/wp-json\/wp\/v2\/tags?post=6438"}],"curies":[{"name":"wp","href":"https:\/\/api.w.org\/{rel}","templated":true}]}}