{"id":6434,"date":"2024-05-25T15:14:44","date_gmt":"2024-05-25T18:14:44","guid":{"rendered":"https:\/\/guialimeira.com.br\/2024\/05\/25\/governo-autoriza-compra-de-uma-tonelada-de-arroz\/"},"modified":"2024-05-25T15:14:44","modified_gmt":"2024-05-25T18:14:44","slug":"governo-autoriza-compra-de-uma-tonelada-de-arroz","status":"publish","type":"post","link":"https:\/\/guialimeira.com.br\/news\/governo-autoriza-compra-de-uma-tonelada-de-arroz\/","title":{"rendered":"Governo autoriza compra de uma tonelada de arroz"},"content":{"rendered":"<p> <br \/>\n<\/p>\n<div>\n<p>O governo federal autorizou, atrav\u00e9s de medida provis\u00f3ria assinada pelo presidente Luiz In\u00e1cio Lula da Silva nessa sexta-feira (24), a compra de at\u00e9 uma tonelada de arroz estrangeiro com a finalidade de garantir o abastecimento em todo o pa\u00eds, que pode ser afetado pelo fen\u00f4meno clim\u00e1tico que atinge o Rio Grande do Sul. O estado \u00e9 respons\u00e1vel pela produ\u00e7\u00e3o de 70% do arroz consumido no pa\u00eds.<img data-recalc-dims=\"1\" decoding=\"async\" src=\"https:\/\/i0.wp.com\/agenciabrasil.ebc.com.br\/ebc.png?w=696&#038;ssl=1\" style=\"width:1px; height:1px; display:inline;\"\/><img data-recalc-dims=\"1\" decoding=\"async\" src=\"https:\/\/i0.wp.com\/agenciabrasil.ebc.com.br\/ebc.gif?w=696&#038;ssl=1\" style=\"width:1px; height:1px; display:inline;\"\/><\/p>\n<p>Ao todo, foram liberados R$ 7,2 bilh\u00f5es para a compra de arroz com o pre\u00e7o tabelado em R$ 4 por quilo. A finalidade \u00e9 garantir que o cereal chegue diretamente ao consumidor final, assegurando o abastecimento alimentar em todo o territ\u00f3rio nacional.<\/p>\n<p>A compra autoriza o Minist\u00e9rio do Desenvolvimento Agr\u00e1rio e Agricultura Familiar (MDA), atrav\u00e9s da Companhia Nacional de Abastecimento (Conab), a fazer a aquisi\u00e7\u00e3o.<\/p>\n<p>O estoque ser\u00e1 destinado \u00e0 venda direta para mercados de vizinhan\u00e7a, supermercados e hipermercados, al\u00e9m de estabelecimentos comerciais com ampla rede de pontos de venda nas regi\u00f5es metropolitanas.<\/p>\n<p>\u00a0O ministro do Desenvolvimento Agr\u00e1rio e Agricultura Familiar, Paulo Teixeira, comemorou a import\u00e2ncia da iniciativa. \u201cEsta medida provis\u00f3ria \u00e9 um passo crucial para garantir a seguran\u00e7a alimentar de todo o povo brasileiro\u201d, avaliou.<\/p>\n<h2>\u00a0Contesta\u00e7\u00e3o<\/h2>\n<p>A safra 2023\/2024 de arroz do Rio Grande do Sul deve ficar em torno de 7,1 milh\u00f5es de toneladas, mesmo com as perdas causadas pelas inunda\u00e7\u00f5es que o estado sofre. O n\u00famero \u00e9 bem pr\u00f3ximo ao registrado na safra anterior &#8211; 7,2 milh\u00f5es de toneladas &#8211; o que comprova que o arroz ga\u00facho \u00e9 suficiente para abastecer o mercado brasileiro, sendo desnecess\u00e1ria a importa\u00e7\u00e3o do gr\u00e3o.<\/p>\n<p>Os dados do Instituto Rio Grandense do Arroz (Irga), foram apresentados em reuni\u00e3o extraordin\u00e1ria da C\u00e2mara Setorial do Arroz, realizada de forma remota na \u00faltima ter\u00e7a-feira (21).<\/p>\n<p>\u201cQuando as enchentes ocorreram no Rio Grande do Sul, a safra de arroz j\u00e1 estava 84% colhida, restando 142 mil hectares a colher. Destes, 22 mil hectares foram perdidos e 18 mil ficaram parcialmente submersos. Entre os gr\u00e3os estocados nos silos, houve comprometimento de 43 mil toneladas\u201d, informou o presidente do Irga, Rodrigo Machado.<\/p>\n<p>A estimativa de produ\u00e7\u00e3o total do Irga leva em considera\u00e7\u00e3o a produ\u00e7\u00e3o j\u00e1 colhida at\u00e9 a ocorr\u00eancia das enchentes &#8211; 6,4 milh\u00f5es de toneladas &#8211; somada a um c\u00e1lculo de produtividade para os 101.309 hectares restantes de \u00e1rea n\u00e3o atingidos pelas cheias, considerando uma m\u00e9dia de produ\u00e7\u00e3o de sete mil quilos por hectare. Com isso, a produ\u00e7\u00e3o estimada pelo Irga totaliza 7,1 milh\u00f5es de toneladas de arroz para a safra atual.<\/p>\n<p>\u201cMesmo com as perdas, temos uma safra praticamente id\u00eantica \u00e0 anterior, o que nos leva a calcular que n\u00e3o haver\u00e1 desabastecimento de arroz\u201d, argumentou Machado.<\/p>\n<\/p><\/div>\n<p><br \/>\n<br \/><a href=\"https:\/\/agenciabrasil.ebc.com.br\/economia\/noticia\/2024-05\/governo-autoriza-compra-de-uma-tonelada-de-arroz\" rel=\"noopener\">Ag\u00eancia Brasil<\/a><\/p>\n","protected":false},"excerpt":{"rendered":"<p>O governo federal autorizou, atrav\u00e9s de medida provis\u00f3ria assinada pelo presidente Luiz In\u00e1cio Lula da Silva nessa sexta-feira (24), a compra de at\u00e9 uma tonelada de arroz estrangeiro com a finalidade de garantir o abastecimento em todo o pa\u00eds, que pode ser afetado pelo fen\u00f4meno clim\u00e1tico que atinge o Rio Grande do Sul. O estado [&hellip;]<\/p>\n","protected":false},"author":1,"featured_media":4124,"comment_status":"open","ping_status":"open","sticky":false,"template":"","format":"standard","meta":{"_jetpack_newsletter_access":"","_jetpack_dont_email_post_to_subs":false,"_jetpack_newsletter_tier_id":0,"_jetpack_memberships_contains_paywalled_content":false,"_mbp_banners":[],"_jetpack_feature_clip_id":0,"_jetpack_memberships_contains_paid_content":false,"footnotes":"","jetpack_publicize_message":"","jetpack_publicize_feature_enabled":true,"jetpack_social_post_already_shared":true,"jetpack_social_options":{"image_generator_settings":{"template":"highway","default_image_id":0,"font":"","enabled":false},"version":2},"jetpack_post_was_ever_published":false},"categories":[24],"tags":[],"class_list":["post-6434","post","type-post","status-publish","format-standard","has-post-thumbnail","category-economia"],"jetpack_publicize_connections":[],"jetpack-related-posts":[],"jetpack_shortlink":"https:\/\/wp.me\/p7Eq1F-1FM","jetpack_sharing_enabled":true,"jetpack_featured_media_url":"https:\/\/i0.wp.com\/guialimeira.com.br\/news\/wp-content\/uploads\/2024\/05\/arroz_1009201524.jpg?fit=1600%2C800&ssl=1","_links":{"self":[{"href":"https:\/\/guialimeira.com.br\/news\/wp-json\/wp\/v2\/posts\/6434","targetHints":{"allow":["GET"]}}],"collection":[{"href":"https:\/\/guialimeira.com.br\/news\/wp-json\/wp\/v2\/posts"}],"about":[{"href":"https:\/\/guialimeira.com.br\/news\/wp-json\/wp\/v2\/types\/post"}],"author":[{"embeddable":true,"href":"https:\/\/guialimeira.com.br\/news\/wp-json\/wp\/v2\/users\/1"}],"replies":[{"embeddable":true,"href":"https:\/\/guialimeira.com.br\/news\/wp-json\/wp\/v2\/comments?post=6434"}],"version-history":[{"count":0,"href":"https:\/\/guialimeira.com.br\/news\/wp-json\/wp\/v2\/posts\/6434\/revisions"}],"wp:featuredmedia":[{"embeddable":true,"href":"https:\/\/guialimeira.com.br\/news\/wp-json\/wp\/v2\/media\/4124"}],"wp:attachment":[{"href":"https:\/\/guialimeira.com.br\/news\/wp-json\/wp\/v2\/media?parent=6434"}],"wp:term":[{"taxonomy":"category","embeddable":true,"href":"https:\/\/guialimeira.com.br\/news\/wp-json\/wp\/v2\/categories?post=6434"},{"taxonomy":"post_tag","embeddable":true,"href":"https:\/\/guialimeira.com.br\/news\/wp-json\/wp\/v2\/tags?post=6434"}],"curies":[{"name":"wp","href":"https:\/\/api.w.org\/{rel}","templated":true}]}}