{"id":64331,"date":"2026-05-05T18:00:55","date_gmt":"2026-05-05T21:00:55","guid":{"rendered":"https:\/\/guialimeira.com.br\/bruna-magalhaes-participa-de-reuniao-sobre-regularizacao-fundiaria\/"},"modified":"2026-05-05T18:00:55","modified_gmt":"2026-05-05T21:00:55","slug":"bruna-magalhaes-participa-de-reuniao-sobre-regularizacao-fundiaria","status":"publish","type":"post","link":"https:\/\/guialimeira.com.br\/news\/bruna-magalhaes-participa-de-reuniao-sobre-regularizacao-fundiaria\/","title":{"rendered":"Bruna Magalh\u00e3es participa de reuni\u00e3o sobre regulariza\u00e7\u00e3o fundi\u00e1ria"},"content":{"rendered":"<p>Bruna Magalh\u00e3es participa de reuni\u00e3o sobre regulariza\u00e7\u00e3o fundi\u00e1ria<\/p>\n<p>A vereadora Bruna Magalh\u00e3es (PRTB) participou na manh\u00e3 desta ter\u00e7a-feira, 5 de maio, de uma reuni\u00e3o de trabalho para dar continuidade \u00e0s tratativas relacionadas \u00e0 regulariza\u00e7\u00e3o fundi\u00e1ria no Munic\u00edpio. A vereadora disse que a pauta central foi o avan\u00e7o dos estudos e medidas realizadas pela Prefeitura e voltadas \u00e0 regulariza\u00e7\u00e3o de im\u00f3veis localizados na regi\u00e3o do bairro \u00c1gua Espraiada. O encontro contou com a presen\u00e7a do secret\u00e1rio de Assuntos Jur\u00eddicos, Fl\u00e1vio Magdesian, das advogadas Zuleidi Pacheco e Josiani Martins e do engenheiro Rafael Rufino.<\/p>\n<p>De acordo com a vereadora, a iniciativa est\u00e1 inserida no contexto da Regulariza\u00e7\u00e3o Fundi\u00e1ria Urbana (Reurb), um instrumento previsto na legisla\u00e7\u00e3o federal que tem como objetivo organizar, formalizar e garantir seguran\u00e7a jur\u00eddica \u00e0 ocupa\u00e7\u00e3o de \u00e1reas j\u00e1 consolidadas, promovendo o direito \u00e0 propriedade e o acesso a servi\u00e7os p\u00fablicos essenciais.<\/p>\n<p>\u201cImportante destacar que a Reurb n\u00e3o se trata de legitimar situa\u00e7\u00f5es irregulares, mas sim de reconhecer realidades consolidadas ao longo do tempo, promovendo a adequa\u00e7\u00e3o jur\u00eddica e urban\u00edstica dessas \u00e1reas, com responsabilidade t\u00e9cnica e respeito \u00e0 legisla\u00e7\u00e3o\u201d, enfatizou Bruna Magalh\u00e3es.<\/p>\n<p>A vereadora ressaltou que, por meio desse processo, torna-se poss\u00edvel avan\u00e7ar na titula\u00e7\u00e3o dos im\u00f3veis, al\u00e9m de viabilizar melhorias em infraestrutura, como abastecimento de \u00e1gua, energia el\u00e9trica, saneamento b\u00e1sico e mobilidade.<\/p>\n<p>Segundo a parlamentar, o objetivo \u00e9 garantir tranquilidade e seguran\u00e7a \u00e0s fam\u00edlias, por meio de um processo s\u00e9rio e respons\u00e1vel. \u201cA regulariza\u00e7\u00e3o fundi\u00e1ria \u00e9 um instrumento de organiza\u00e7\u00e3o e justi\u00e7a social, que traz seguran\u00e7a jur\u00eddica \u00e0s fam\u00edlias e permite que o poder p\u00fablico atue com mais efici\u00eancia nessas regi\u00f5es\u201d, destacou.<\/p>\n<p>Bruna Magalh\u00e3es afirmou que as tratativas seguem em andamento na Prefeitura, com a an\u00e1lise t\u00e9cnica e jur\u00eddica para que o processo avance de forma segura e transparente.<\/p>\n<p>Do Gabinete Parlamentar &#8211; Vereadora Bruna Magalh\u00e3es (PRTB)<\/p>\n<p>*Fotos do Gabinete Parlamentar<\/p>\n<p>As mat\u00e9rias de origem dos Gabinetes Parlamentares s\u00e3o de inteira\u00a0 responsabilidade dos parlamentares e de suas assessorias. S\u00e3o devidamente assinadas e n\u00e3o refletem, necessariamente, a opini\u00e3o institucional da C\u00e2mara Municipal de Limeira.<\/p>\n<hr>\n<p><em>Fonte: <a href=\"https:\/\/www.limeira.sp.leg.br\/noticias\/view\/2026-05-05_bruna-magalhaes-participa-de-reuniao-sobre-regularizacao-fundiaria\" target=\"_blank\" rel=\"noopener\">C\u00e2mara Municipal de Limeira<\/a><\/em><\/p>\n","protected":false},"excerpt":{"rendered":"<p>Bruna Magalh\u00e3es participa de reuni\u00e3o sobre regulariza\u00e7\u00e3o fundi\u00e1ria<\/p>\n<p>A vereadora Bruna Magalh\u00e3es (PRTB) participou na manh\u00e3 desta ter\u00e7a-feira, 5 de maio, de uma reuni\u00e3o de trabalho para dar continuidade \u00e0s tratativas relacionadas \u00e0 regulariza\u00e7\u00e3o fundi\u00e1ria no Munic\u00edpio. A vereadora disse que a pauta c<\/p>\n","protected":false},"author":4,"featured_media":64330,"comment_status":"","ping_status":"open","sticky":false,"template":"","format":"standard","meta":{"_jetpack_newsletter_access":"","_jetpack_dont_email_post_to_subs":false,"_jetpack_newsletter_tier_id":0,"_jetpack_memberships_contains_paywalled_content":false,"_mbp_banners":[],"_jetpack_feature_clip_id":0,"_jetpack_memberships_contains_paid_content":false,"footnotes":"","jetpack_publicize_message":"","jetpack_publicize_feature_enabled":true,"jetpack_social_post_already_shared":true,"jetpack_social_options":{"image_generator_settings":{"template":"highway","default_image_id":0,"font":"","enabled":false},"version":2},"jetpack_post_was_ever_published":false},"categories":[19],"tags":[],"class_list":["post-64331","post","type-post","status-publish","format-standard","has-post-thumbnail","category-politica"],"jetpack_publicize_connections":[],"jetpack-related-posts":[],"jetpack_shortlink":"https:\/\/wp.me\/p7Eq1F-gJB","jetpack_sharing_enabled":true,"jetpack_featured_media_url":"https:\/\/i0.wp.com\/guialimeira.com.br\/news\/wp-content\/uploads\/2026\/05\/noticia-camara-14.jpg?fit=1280%2C640&ssl=1","_links":{"self":[{"href":"https:\/\/guialimeira.com.br\/news\/wp-json\/wp\/v2\/posts\/64331","targetHints":{"allow":["GET"]}}],"collection":[{"href":"https:\/\/guialimeira.com.br\/news\/wp-json\/wp\/v2\/posts"}],"about":[{"href":"https:\/\/guialimeira.com.br\/news\/wp-json\/wp\/v2\/types\/post"}],"author":[{"embeddable":true,"href":"https:\/\/guialimeira.com.br\/news\/wp-json\/wp\/v2\/users\/4"}],"replies":[{"embeddable":true,"href":"https:\/\/guialimeira.com.br\/news\/wp-json\/wp\/v2\/comments?post=64331"}],"version-history":[{"count":0,"href":"https:\/\/guialimeira.com.br\/news\/wp-json\/wp\/v2\/posts\/64331\/revisions"}],"wp:featuredmedia":[{"embeddable":true,"href":"https:\/\/guialimeira.com.br\/news\/wp-json\/wp\/v2\/media\/64330"}],"wp:attachment":[{"href":"https:\/\/guialimeira.com.br\/news\/wp-json\/wp\/v2\/media?parent=64331"}],"wp:term":[{"taxonomy":"category","embeddable":true,"href":"https:\/\/guialimeira.com.br\/news\/wp-json\/wp\/v2\/categories?post=64331"},{"taxonomy":"post_tag","embeddable":true,"href":"https:\/\/guialimeira.com.br\/news\/wp-json\/wp\/v2\/tags?post=64331"}],"curies":[{"name":"wp","href":"https:\/\/api.w.org\/{rel}","templated":true}]}}