{"id":64303,"date":"2026-05-05T13:50:54","date_gmt":"2026-05-05T16:50:54","guid":{"rendered":"https:\/\/guialimeira.com.br\/felipe-penedo-solicita-melhorias-na-academia-popular\/"},"modified":"2026-05-05T13:50:54","modified_gmt":"2026-05-05T16:50:54","slug":"felipe-penedo-solicita-melhorias-na-academia-popular","status":"publish","type":"post","link":"https:\/\/guialimeira.com.br\/news\/felipe-penedo-solicita-melhorias-na-academia-popular\/","title":{"rendered":"Felipe Penedo solicita melhorias na Academia Popular"},"content":{"rendered":"<p>Felipe Penedo solicita melhorias na Academia Popular<\/p>\n<p>O vereador Felipe Penedo (PL) apresentou na \u00faltima ter\u00e7a feira, 28 de abril, a Indica\u00e7\u00e3o N\u00b0 1.822\/26 a Prefeitura solicitando a realiza\u00e7\u00e3o de vistoria t\u00e9cnica, manuten\u00e7\u00e3o estrutural, reparos gerais e melhorias na Academia Popular, localizada junto ao Complexo Aqu\u00e1tico Alberto Savoi, no Jardim Mercedes. A iniciativa atende a demandas de pessoas que utilizam o espa\u00e7o regularmente para a pr\u00e1tica de atividades f\u00edsicas.<\/p>\n<p>Segundo o parlamentar, a academia \u00e9 um importante equipamento p\u00fablico de promo\u00e7\u00e3o da sa\u00fade, atendendo pessoas de diferentes faixas et\u00e1rias, inclusive idosos, com atividades ao longo de todo o dia.<\/p>\n<p>De acordo com Penedo, relatos de usu\u00e1rios apontam problemas que v\u00eam comprometendo o funcionamento adequado do local, como falta de ventila\u00e7\u00e3o, equipamentos danificados, goteiras em per\u00edodos de chuva e desgaste dos aparelhos de muscula\u00e7\u00e3o.\u00a0 \u201cNosso objetivo \u00e9 garantir que a popula\u00e7\u00e3o tenha acesso a um espa\u00e7o seguro, confort\u00e1vel e adequado para a pr\u00e1tica de atividades f\u00edsicas. A academia cumpre um papel fundamental na promo\u00e7\u00e3o da sa\u00fade e precisa estar em plenas condi\u00e7\u00f5es de uso\u201d, destacou o vereador.<\/p>\n<p>A indica\u00e7\u00e3o solicita ainda que a Prefeitura adote as provid\u00eancias necess\u00e1rias para restabelecer as condi\u00e7\u00f5es de funcionamento do espa\u00e7o, assegurando mais qualidade, seguran\u00e7a e bem-estar aos frequentadores. A melhoria da estrutura da Academia Popular contribui diretamente para o incentivo \u00e0 atividade f\u00edsica e para a preven\u00e7\u00e3o de doen\u00e7as, fortalecendo as pol\u00edticas p\u00fablicas de sa\u00fade no munic\u00edpio.<\/p>\n<p>Do Gabinete Parlamentar \u2013 Vereador Felipe Penedo (PL)<\/p>\n<p>*Foto do Gabinete Parlamentar<\/p>\n<p>As mat\u00e9rias de origem dos Gabinetes Parlamentares s\u00e3o de inteira\u00a0 responsabilidade dos parlamentares e de suas assessorias. S\u00e3o devidamente assinadas e n\u00e3o refletem, necessariamente, a opini\u00e3o institucional da C\u00e2mara Municipal de Limeira.<\/p>\n<hr>\n<p><em>Fonte: <a href=\"https:\/\/www.limeira.sp.leg.br\/noticias\/view\/2026-05-05_felipe-penedo-solicita-melhorias-na-academia-popular\" target=\"_blank\" rel=\"noopener\">C\u00e2mara Municipal de Limeira<\/a><\/em><\/p>\n","protected":false},"excerpt":{"rendered":"<p>Felipe Penedo solicita melhorias na Academia Popular<\/p>\n<p>O vereador Felipe Penedo (PL) apresentou na \u00faltima ter\u00e7a feira, 28 de abril, a Indica\u00e7\u00e3o N\u00b0 1.822\/26 a Prefeitura solicitando a realiza\u00e7\u00e3o de vistoria t\u00e9cnica, manuten\u00e7\u00e3o estrutural, reparos gerais e melhorias na Academia Popular, localizada junt<\/p>\n","protected":false},"author":4,"featured_media":64302,"comment_status":"","ping_status":"open","sticky":false,"template":"","format":"standard","meta":{"_jetpack_newsletter_access":"","_jetpack_dont_email_post_to_subs":false,"_jetpack_newsletter_tier_id":0,"_jetpack_memberships_contains_paywalled_content":false,"_mbp_banners":[],"_jetpack_feature_clip_id":0,"_jetpack_memberships_contains_paid_content":false,"footnotes":"","jetpack_publicize_message":"","jetpack_publicize_feature_enabled":true,"jetpack_social_post_already_shared":true,"jetpack_social_options":{"image_generator_settings":{"template":"highway","default_image_id":0,"font":"","enabled":false},"version":2},"jetpack_post_was_ever_published":false},"categories":[19],"tags":[],"class_list":["post-64303","post","type-post","status-publish","format-standard","has-post-thumbnail","category-politica"],"jetpack_publicize_connections":[],"jetpack-related-posts":[],"jetpack_shortlink":"https:\/\/wp.me\/p7Eq1F-gJ9","jetpack_sharing_enabled":true,"jetpack_featured_media_url":"https:\/\/i0.wp.com\/guialimeira.com.br\/news\/wp-content\/uploads\/2026\/05\/noticia-camara-13.jpg?fit=1280%2C640&ssl=1","_links":{"self":[{"href":"https:\/\/guialimeira.com.br\/news\/wp-json\/wp\/v2\/posts\/64303","targetHints":{"allow":["GET"]}}],"collection":[{"href":"https:\/\/guialimeira.com.br\/news\/wp-json\/wp\/v2\/posts"}],"about":[{"href":"https:\/\/guialimeira.com.br\/news\/wp-json\/wp\/v2\/types\/post"}],"author":[{"embeddable":true,"href":"https:\/\/guialimeira.com.br\/news\/wp-json\/wp\/v2\/users\/4"}],"replies":[{"embeddable":true,"href":"https:\/\/guialimeira.com.br\/news\/wp-json\/wp\/v2\/comments?post=64303"}],"version-history":[{"count":0,"href":"https:\/\/guialimeira.com.br\/news\/wp-json\/wp\/v2\/posts\/64303\/revisions"}],"wp:featuredmedia":[{"embeddable":true,"href":"https:\/\/guialimeira.com.br\/news\/wp-json\/wp\/v2\/media\/64302"}],"wp:attachment":[{"href":"https:\/\/guialimeira.com.br\/news\/wp-json\/wp\/v2\/media?parent=64303"}],"wp:term":[{"taxonomy":"category","embeddable":true,"href":"https:\/\/guialimeira.com.br\/news\/wp-json\/wp\/v2\/categories?post=64303"},{"taxonomy":"post_tag","embeddable":true,"href":"https:\/\/guialimeira.com.br\/news\/wp-json\/wp\/v2\/tags?post=64303"}],"curies":[{"name":"wp","href":"https:\/\/api.w.org\/{rel}","templated":true}]}}