{"id":643,"date":"2024-04-01T14:05:43","date_gmt":"2024-04-01T17:05:43","guid":{"rendered":"https:\/\/guialimeira.com.br\/2024\/04\/01\/selecao-feminina-goleia-paraguai-e-fatura-penta-em-sul-americano-sub17\/"},"modified":"2024-04-01T14:05:43","modified_gmt":"2024-04-01T17:05:43","slug":"selecao-feminina-goleia-paraguai-e-fatura-penta-em-sul-americano-sub17","status":"publish","type":"post","link":"https:\/\/guialimeira.com.br\/news\/selecao-feminina-goleia-paraguai-e-fatura-penta-em-sul-americano-sub17\/","title":{"rendered":"Sele\u00e7\u00e3o feminina goleia Paraguai e fatura penta em Sul-Americano Sub17"},"content":{"rendered":"<p> <br \/>\n<\/p>\n<div>\n<p>Ap\u00f3s uma campanha invicta, a sele\u00e7\u00e3o brasileira feminina de futebol Sub 17 conquistou o pentacampeonato sul-americano, com com direito \u00e0 goleada; Na noite de domingo (31), as brasileiras derrotaram as anfitri\u00e3s paraguaias. por 5 a 1, no Est\u00e1dio Carfem, em Ypan\u00e9. Al\u00e9m de levantar a ta\u00e7a pela quinta vez na hist\u00f3ria, a sele\u00e7\u00e3o tamb\u00e9m carimbou\u00a0vaga\u00a0na Copa do Mundo da categoria, programada para outubro, na Rep\u00fablica Dominicana.<img data-recalc-dims=\"1\" decoding=\"async\" src=\"https:\/\/i0.wp.com\/agenciabrasil.ebc.com.br\/ebc.png?w=696&#038;ssl=1\" style=\"width:1px; height:1px; display:inline;\"\/><img data-recalc-dims=\"1\" decoding=\"async\" src=\"https:\/\/i0.wp.com\/agenciabrasil.ebc.com.br\/ebc.gif?w=696&#038;ssl=1\" style=\"width:1px; height:1px; display:inline;\"\/><\/p>\n<blockquote class=\"twitter-tweet\">\n<p dir=\"ltr\" lang=\"pt\" xml:lang=\"pt\">PENTACAMPE\u00c3S! ?????<\/p>\n<p>Fizemos valer! Comemora, Brasil! A <a href=\"https:\/\/twitter.com\/hashtag\/Sele%C3%A7%C3%A3oFemininaSub17?src=hash&amp;ref_src=twsrc%5Etfw\" rel=\"noopener\">#Sele\u00e7\u00e3oFemininaSub17<\/a> conquista mais um t\u00edtulo do Sul-Americano da categoria! Parab\u00e9ns, meninas! Que campanha! ?? <a href=\"https:\/\/t.co\/cM2SrtISDu\">pic.twitter.com\/cM2SrtISDu<\/a><\/p>\n<p>\u2014 Sele\u00e7\u00e3o Feminina de Futebol (@SelecaoFeminina) <a href=\"https:\/\/twitter.com\/SelecaoFeminina\/status\/1774609693756751910?ref_src=twsrc%5Etfw\" rel=\"noopener\">April 1, 2024<\/a><\/p><\/blockquote>\n<blockquote>\n<p>&#8220;Foi uma partida muito interessante em que a equipe foi muito bem desde o princ\u00edpio do jogo. Elas conseguiram impor e buscar o resultado, que era o objetivo. Tivemos momentos de oscila\u00e7\u00f5es, mas em nenhum momento elas perderam a confian\u00e7a, porque estavam unidas e eu acredito que cumpriram o papel delas hoje&#8221;, analisou Simone Jatob\u00e1, em depoimento \u00e0 CBF ap\u00f3s a conquista.<\/p>\n<\/blockquote>\n<p>Capit\u00e3 da sele\u00e7\u00e3o, Juju Haris abriu o placar contra as paraguaias, no Est\u00e1dio Carfem. A atacante dividiu a artilharia do Sul-Americano com a camisa 11 Giovanna Waskman, ambas com cinco gols cada.<\/p>\n<blockquote>\n<p>\u201cEstou muito feliz pela vit\u00f3ria, pelos gols, pelo campeonato e por tudo. Representar o Brasil e marcar em uma final \u00e9 uma sensa\u00e7\u00e3o \u00fanica. Evolu\u00edmos muito na competi\u00e7\u00e3o e a Simone [t\u00e9cnica] e a comiss\u00e3o nos ajudaram muito nesse processo. Agora vamos trabalhar firme para chegarmos preparadas no nosso pr\u00f3ximo desafio, que \u00e9 o Mundial&#8221;, projetou a camisa 9 da sele\u00e7\u00e3o.<\/p>\n<\/blockquote>\n<blockquote class=\"twitter-tweet\">\n<p dir=\"ltr\" lang=\"pt\" xml:lang=\"pt\">Craques, artilheiras e campe\u00e3s! ???<\/p>\n<p>? CONMEBOL <a href=\"https:\/\/twitter.com\/hashtag\/Sub17Fem?src=hash&amp;ref_src=twsrc%5Etfw\" rel=\"noopener\">#Sub17Fem<\/a><br \/>Giovanna Waksman ? Juju Harris<a href=\"https:\/\/twitter.com\/hashtag\/AcrediteSempre?src=hash&amp;ref_src=twsrc%5Etfw\" rel=\"noopener\">#AcrediteSempre<\/a> <a href=\"https:\/\/t.co\/98msNZ0RvI\">pic.twitter.com\/98msNZ0RvI<\/a><\/p>\n<p>\u2014 CONMEBOL.com (@CONMEBOL) <a href=\"https:\/\/twitter.com\/CONMEBOL\/status\/1774647358984163525?ref_src=twsrc%5Etfw\" rel=\"noopener\">April 1, 2024<\/a><\/p><\/blockquote>\n<p>J\u00e1 a atua\u00e7\u00e3o da meio-campista Giovanna foi al\u00e9m dos cinco gols marcados ao longo do Sul-Americano, o \u00faltimo deles na final contra o Paraguai. Estreante na sele\u00e7\u00e3o, a camisa 11 brilhou com um hat-trick na no duelo contra o Equador, o primeiro do quadrangular.<\/p>\n<blockquote>\n<p>&#8220;\u00c9 um sentimento de muito orgulho representar o meu pa\u00eds no meu primeiro campeonato e trazer o t\u00edtulo para o Brasil. Ser artilheira e ajudar a minha equipe com os gols foi muito gratificante e fiquei muito feliz. Nosso grupo \u00e9 muito unido, nos damos muito bem, \u00e9 como uma fam\u00edlia, e vamos trabalhar para quando chegar no Mundial a gente estar mais forte ainda&#8221;, disse a jogadora de apenas 15 anos, que tamb\u00e9m prestou quatro assist\u00eancias durante o torneio.<\/p>\n<\/blockquote>\n<p>Os outros gols da goelada brasileira contra o Paraguai foram marcados por Aninha (camisa 7), Kalena (22) e Sofia (3).<\/p>\n<p>A sele\u00e7\u00e3o somou cinco vit\u00f3rias e dois empates no Sul-Americano. Estreou com 2 a 0 sobre a Venezuela. Depois, na segunda rodada, ganhou por 3 a 0 do Peru. Na partida seguinte, empatou em 3 a 3 com a Col\u00f4mbia. Na sequ\u00eancia, no primeiro duelo do quadrangular, o Brasil aplicou 4 a 0 no Equador. A goleada final foi na disputa do titulo contra as anfitri\u00e3s paraguaias (5 a 1).<\/p>\n<\/p><\/div>\n<p><script async src=\"\/\/platform.twitter.com\/widgets.js\" charset=\"utf-8\"><\/script><br \/>\n<br \/><br \/>\n<br \/><a href=\"https:\/\/agenciabrasil.ebc.com.br\/esportes\/noticia\/2024-04\/selecao-feminina-goleia-paraguai-e-fatura-penta-em-sul-americano-sub17\" rel=\"noopener\">Ag\u00eancia Brasil<\/a><\/p>\n","protected":false},"excerpt":{"rendered":"<p>Ap\u00f3s uma campanha invicta, a sele\u00e7\u00e3o brasileira feminina de futebol Sub 17 conquistou o pentacampeonato sul-americano, com com direito \u00e0 goleada; Na noite de domingo (31), as brasileiras derrotaram as anfitri\u00e3s paraguaias. por 5 a 1, no Est\u00e1dio Carfem, em Ypan\u00e9. Al\u00e9m de levantar a ta\u00e7a pela quinta vez na hist\u00f3ria, a sele\u00e7\u00e3o tamb\u00e9m carimbou\u00a0vaga\u00a0na [&hellip;]<\/p>\n","protected":false},"author":1,"featured_media":644,"comment_status":"open","ping_status":"open","sticky":false,"template":"","format":"standard","meta":{"_jetpack_newsletter_access":"","_jetpack_dont_email_post_to_subs":false,"_jetpack_newsletter_tier_id":0,"_jetpack_memberships_contains_paywalled_content":false,"_mbp_banners":[],"_jetpack_feature_clip_id":0,"_jetpack_memberships_contains_paid_content":false,"footnotes":"","jetpack_publicize_message":"","jetpack_publicize_feature_enabled":true,"jetpack_social_post_already_shared":true,"jetpack_social_options":{"image_generator_settings":{"template":"highway","default_image_id":0,"font":"","enabled":false},"version":2},"jetpack_post_was_ever_published":false},"categories":[22],"tags":[],"class_list":["post-643","post","type-post","status-publish","format-standard","has-post-thumbnail","category-nacional"],"jetpack_publicize_connections":[],"jetpack-related-posts":[],"jetpack_shortlink":"https:\/\/wp.me\/p7Eq1F-an","jetpack_sharing_enabled":true,"jetpack_featured_media_url":"https:\/\/i0.wp.com\/guialimeira.com.br\/news\/wp-content\/uploads\/2024\/04\/selecao_fem_sub_17_campea_sul-americana_2024.jpg?fit=1600%2C800&ssl=1","_links":{"self":[{"href":"https:\/\/guialimeira.com.br\/news\/wp-json\/wp\/v2\/posts\/643","targetHints":{"allow":["GET"]}}],"collection":[{"href":"https:\/\/guialimeira.com.br\/news\/wp-json\/wp\/v2\/posts"}],"about":[{"href":"https:\/\/guialimeira.com.br\/news\/wp-json\/wp\/v2\/types\/post"}],"author":[{"embeddable":true,"href":"https:\/\/guialimeira.com.br\/news\/wp-json\/wp\/v2\/users\/1"}],"replies":[{"embeddable":true,"href":"https:\/\/guialimeira.com.br\/news\/wp-json\/wp\/v2\/comments?post=643"}],"version-history":[{"count":0,"href":"https:\/\/guialimeira.com.br\/news\/wp-json\/wp\/v2\/posts\/643\/revisions"}],"wp:featuredmedia":[{"embeddable":true,"href":"https:\/\/guialimeira.com.br\/news\/wp-json\/wp\/v2\/media\/644"}],"wp:attachment":[{"href":"https:\/\/guialimeira.com.br\/news\/wp-json\/wp\/v2\/media?parent=643"}],"wp:term":[{"taxonomy":"category","embeddable":true,"href":"https:\/\/guialimeira.com.br\/news\/wp-json\/wp\/v2\/categories?post=643"},{"taxonomy":"post_tag","embeddable":true,"href":"https:\/\/guialimeira.com.br\/news\/wp-json\/wp\/v2\/tags?post=643"}],"curies":[{"name":"wp","href":"https:\/\/api.w.org\/{rel}","templated":true}]}}