{"id":64281,"date":"2026-05-05T10:25:53","date_gmt":"2026-05-05T13:25:53","guid":{"rendered":"https:\/\/guialimeira.com.br\/joyce-dias-questiona-esvaziamento-de-predios-comerciais-na-regiao-central-de-limeira\/"},"modified":"2026-05-05T10:25:53","modified_gmt":"2026-05-05T13:25:53","slug":"joyce-dias-questiona-esvaziamento-de-predios-comerciais-na-regiao-central-de-limeira","status":"publish","type":"post","link":"https:\/\/guialimeira.com.br\/news\/joyce-dias-questiona-esvaziamento-de-predios-comerciais-na-regiao-central-de-limeira\/","title":{"rendered":"Joyce Dias questiona esvaziamento de pr\u00e9dios comerciais na regi\u00e3o central de Limeira"},"content":{"rendered":"<p>Joyce Dias questiona esvaziamento de pr\u00e9dios comerciais na regi\u00e3o central de Limeira<\/p>\n<p>A vereadora Joyce Dias (PSD) questionou o esvaziamento de pr\u00e9dios comerciais no centro de Limeira ap\u00f3s receber, desde o dia 27 de abril, reclama\u00e7\u00f5es de mun\u00edcipes preocupados com a falta de incentivo para abertura de novas lojas e ao fortalecimento do empreendedorismo no munic\u00edpio.<\/p>\n<p>De acordo com a parlamentar, \u00e9 cada vez mais evidente o esvaziamento comercial na regi\u00e3o central. Diversos im\u00f3veis encontram-se fechados, com placas de \u201caluga-se\u201d e em estado de deteriora\u00e7\u00e3o e abandono, o que impacta diretamente a economia local e a sensa\u00e7\u00e3o de seguran\u00e7a da popula\u00e7\u00e3o. \u201c\u00c9 preocupante ver o centro da cidade perder sua for\u00e7a econ\u00f4mica e social. Precisamos de pol\u00edticas p\u00fablicas que incentivem a ocupa\u00e7\u00e3o desses espa\u00e7os, apoiem novos empreendedores e revitalizem essa regi\u00e3o t\u00e3o importante para Limeira\u201d, destacou Joyce Dias.<\/p>\n<p>A vereadora tamb\u00e9m chamou a aten\u00e7\u00e3o para a diminui\u00e7\u00e3o de eventos e atra\u00e7\u00f5es culturais no centro, fator que, segundo ela, contribui ainda mais para a redu\u00e7\u00e3o do fluxo de pessoas e o enfraquecimento do com\u00e9rcio local. \u201cSem incentivo cultural e a\u00e7\u00f5es que movimentem o centro, o ciclo de abandono tende a se intensificar\u201d, afirmou.<\/p>\n<p>Joyce refor\u00e7ou a necessidade de a\u00e7\u00f5es efetivas por parte da Prefeitura, incluindo programas de incentivo fiscal, projetos de revitaliza\u00e7\u00e3o urbana e iniciativas que promovam a ocupa\u00e7\u00e3o sustent\u00e1vel dos espa\u00e7os comerciais.<\/p>\n<p>A parlamentar salientou que o gabinete segue acompanhando a situa\u00e7\u00e3o e dialogando com a popula\u00e7\u00e3o e comerciantes, buscando solu\u00e7\u00f5es concretas para reverter o atual quadro e devolver vitalidade ao centro de Limeira.<\/p>\n<p>Do Gabinete Parlamentar &#8211; Vereadora Joyce Dias (PSD)<\/p>\n<p>*Fotos do Gabinete Parlamentar<\/p>\n<p>As mat\u00e9rias de origem dos Gabinetes Parlamentares s\u00e3o de inteira\u00a0 responsabilidade dos parlamentares e de suas assessorias. S\u00e3o devidamente assinadas e n\u00e3o refletem, necessariamente, a opini\u00e3o institucional da C\u00e2mara Municipal de Limeira.<\/p>\n<hr>\n<p><em>Fonte: <a href=\"https:\/\/www.limeira.sp.leg.br\/noticias\/view\/2026-05-05_joyce-dias-questiona-esvaziamento-de-predios-comerciais-na-regiao-central-de-limeira\" target=\"_blank\" rel=\"noopener\">C\u00e2mara Municipal de Limeira<\/a><\/em><\/p>\n","protected":false},"excerpt":{"rendered":"<p>Joyce Dias questiona esvaziamento de pr\u00e9dios comerciais na regi\u00e3o central de Limeira<\/p>\n<p>A vereadora Joyce Dias (PSD) questionou o esvaziamento de pr\u00e9dios comerciais no centro de Limeira ap\u00f3s receber, desde o dia 27 de abril, reclama\u00e7\u00f5es de mun\u00edcipes preocupados com a falta de incentivo para abertura d<\/p>\n","protected":false},"author":4,"featured_media":64280,"comment_status":"","ping_status":"open","sticky":false,"template":"","format":"standard","meta":{"_jetpack_newsletter_access":"","_jetpack_dont_email_post_to_subs":false,"_jetpack_newsletter_tier_id":0,"_jetpack_memberships_contains_paywalled_content":false,"_mbp_banners":[],"_jetpack_feature_clip_id":0,"_jetpack_memberships_contains_paid_content":false,"footnotes":"","jetpack_publicize_message":"","jetpack_publicize_feature_enabled":true,"jetpack_social_post_already_shared":true,"jetpack_social_options":{"image_generator_settings":{"template":"highway","default_image_id":0,"font":"","enabled":false},"version":2},"jetpack_post_was_ever_published":false},"categories":[19],"tags":[],"class_list":["post-64281","post","type-post","status-publish","format-standard","has-post-thumbnail","category-politica"],"jetpack_publicize_connections":[],"jetpack-related-posts":[],"jetpack_shortlink":"https:\/\/wp.me\/p7Eq1F-gIN","jetpack_sharing_enabled":true,"jetpack_featured_media_url":"https:\/\/i0.wp.com\/guialimeira.com.br\/news\/wp-content\/uploads\/2026\/05\/noticia-camara-12.jpg?fit=1280%2C640&ssl=1","_links":{"self":[{"href":"https:\/\/guialimeira.com.br\/news\/wp-json\/wp\/v2\/posts\/64281","targetHints":{"allow":["GET"]}}],"collection":[{"href":"https:\/\/guialimeira.com.br\/news\/wp-json\/wp\/v2\/posts"}],"about":[{"href":"https:\/\/guialimeira.com.br\/news\/wp-json\/wp\/v2\/types\/post"}],"author":[{"embeddable":true,"href":"https:\/\/guialimeira.com.br\/news\/wp-json\/wp\/v2\/users\/4"}],"replies":[{"embeddable":true,"href":"https:\/\/guialimeira.com.br\/news\/wp-json\/wp\/v2\/comments?post=64281"}],"version-history":[{"count":0,"href":"https:\/\/guialimeira.com.br\/news\/wp-json\/wp\/v2\/posts\/64281\/revisions"}],"wp:featuredmedia":[{"embeddable":true,"href":"https:\/\/guialimeira.com.br\/news\/wp-json\/wp\/v2\/media\/64280"}],"wp:attachment":[{"href":"https:\/\/guialimeira.com.br\/news\/wp-json\/wp\/v2\/media?parent=64281"}],"wp:term":[{"taxonomy":"category","embeddable":true,"href":"https:\/\/guialimeira.com.br\/news\/wp-json\/wp\/v2\/categories?post=64281"},{"taxonomy":"post_tag","embeddable":true,"href":"https:\/\/guialimeira.com.br\/news\/wp-json\/wp\/v2\/tags?post=64281"}],"curies":[{"name":"wp","href":"https:\/\/api.w.org\/{rel}","templated":true}]}}