{"id":64272,"date":"2026-05-05T09:10:48","date_gmt":"2026-05-05T12:10:48","guid":{"rendered":"https:\/\/guialimeira.com.br\/projeto-de-nome-de-rua-no-residencial-dos-girassois-e-aprovado-pela-camara\/"},"modified":"2026-05-05T09:10:48","modified_gmt":"2026-05-05T12:10:48","slug":"projeto-de-nome-de-rua-no-residencial-dos-girassois-e-aprovado-pela-camara","status":"publish","type":"post","link":"https:\/\/guialimeira.com.br\/news\/projeto-de-nome-de-rua-no-residencial-dos-girassois-e-aprovado-pela-camara\/","title":{"rendered":"Projeto de nome de rua no Residencial dos Girass\u00f3is \u00e9 aprovado pela C\u00e2mara"},"content":{"rendered":"<p>Projeto de nome de rua no Residencial dos Girass\u00f3is \u00e9 aprovado pela C\u00e2mara<\/p>\n<p>Foi aprovado durante a sess\u00e3o ordin\u00e1ria da C\u00e2mara Municipal desta segunda-feira, 4 de maio, o Projeto de Lei N\u00ba 203\/2025, que perpetua o nome de Lilian Cristina Matos Silveira na \u00c1rea Verde II, localizada na rua Jair Formigari, no bairro Residencial dos Girass\u00f3is. A iniciativa \u00e9 de autoria da vereadora Mara Isa Mattos Silveira (PL).<\/p>\n<p>Sobre Lilian Cristina<\/p>\n<p>Conforme descrito no documento, Lilian Cristina Matos Silveira nasceu em junho de 1988, na Cl\u00ednica Santa M\u00f4nica (hoje Unimed) em Limeira. \u201cLilian veio ao mundo prematuramente, com apenas sete meses de gesta\u00e7\u00e3o. Desde o in\u00edcio, demonstrou ser uma crian\u00e7a especial e ainda nos primeiros anos, come\u00e7ou a mostrar tra\u00e7os que viriam a definir sua vida, como seu amor pelos animais, sensibilidade com o sofrimento humano e uma aten\u00e7\u00e3o incomum ao pr\u00f3ximo\u201d, afirmou Mara Isa.<\/p>\n<p>Lilian iniciou os estudos na Escola Municipal de Ensino Infantil (Emei) Tia Anast\u00e1cia e, mais tarde, na Escola Estadual Professor Ant\u00f4nio de Queiroz. \u201cDesde pequena, encantava a todos com seu jeito carinhoso e respons\u00e1vel. Era comum v\u00ea-la acolhendo animais de rua, que cuidava, levava ao veterin\u00e1rio, dava nomes e tratava com zelo. Seu v\u00ednculo com animais e pessoas em sofrimento era t\u00e3o natural que, ainda adolescente, dizia com convic\u00e7\u00e3o que queria estudar algo que aliviasse o sofrimento das pessoas&#8221;, destacou a autora.<\/p>\n<p>A vereadora Mara Isa Mattos Silveira disse ainda que a homenageada realizou diversas p\u00f3s-gradua\u00e7\u00f5es e chegou a atuar como professora universit\u00e1ria enquanto residia em Florian\u00f3polis, onde tamb\u00e9m trabalhou em unidades hospitalares. Sua carreira passou por hospitais em Curitiba (PR), Florian\u00f3polis (SC) e Campinas (SP), sempre atuando em resgates, Unidade de Terapia Intensiva (UTI) e unidades de atendimento de alta complexidade.<\/p>\n<p>Na \u00faltima fun\u00e7\u00e3o, Lilian trabalhava na UTI do Hospital Infantil M\u00e1rio Gatti, em Campinas. \u201cPoucos dias antes de seu falecimento, havia recebido com grande alegria a not\u00edcia de que havia sido aprovada em um processo seletivo da Unicamp, para uma vaga que representava mais um sonho realizado em sua carreira. No entanto, o destino interrompeu precocemente sua jornada, e Lilian faleceu apenas tr\u00eas dias ap\u00f3s receber essa conquista\u201d, enfatizou.<\/p>\n<p>Justificando a propositura, a parlamentar afirmou que a hist\u00f3ria de Lilian \u00e9 um legado de amor, coragem, compet\u00eancia e entrega, e que ela representa tudo aquilo que h\u00e1 de mais humano e inspirador na profiss\u00e3o da enfermagem e na dedica\u00e7\u00e3o ao servi\u00e7o p\u00fablico. \u201cNomear um espa\u00e7o p\u00fablico com seu nome \u00e9 manter viva a mem\u00f3ria de uma mulher que fez da sua vida um instrumento de cuidado, acolhimento e transforma\u00e7\u00e3o\u201d, ressaltou.<\/p>\n<hr>\n<p><em>Fonte: <a href=\"https:\/\/www.limeira.sp.leg.br\/noticias\/view\/2026-05-05_projeto-de-nome-de-rua-no-residencial-dos-girassois-e-aprovado-pela-camara\" target=\"_blank\" rel=\"noopener\">C\u00e2mara Municipal de Limeira<\/a><\/em><\/p>\n","protected":false},"excerpt":{"rendered":"<p>Projeto de nome de rua no Residencial dos Girass\u00f3is \u00e9 aprovado pela C\u00e2mara<\/p>\n<p>Foi aprovado durante a sess\u00e3o ordin\u00e1ria da C\u00e2mara Municipal desta segunda-feira, 4 de maio, o Projeto de Lei N\u00ba 203\/2025, que perpetua o nome de Lilian Cristina Matos Silveira na \u00c1rea Verde II, localizada na rua Jair Formiga<\/p>\n","protected":false},"author":4,"featured_media":64271,"comment_status":"","ping_status":"open","sticky":false,"template":"","format":"standard","meta":{"_jetpack_newsletter_access":"","_jetpack_dont_email_post_to_subs":false,"_jetpack_newsletter_tier_id":0,"_jetpack_memberships_contains_paywalled_content":false,"_mbp_banners":[],"_jetpack_feature_clip_id":0,"_jetpack_memberships_contains_paid_content":false,"footnotes":"","jetpack_publicize_message":"","jetpack_publicize_feature_enabled":true,"jetpack_social_post_already_shared":true,"jetpack_social_options":{"image_generator_settings":{"template":"highway","default_image_id":0,"font":"","enabled":false},"version":2},"jetpack_post_was_ever_published":false},"categories":[19],"tags":[],"class_list":["post-64272","post","type-post","status-publish","format-standard","has-post-thumbnail","category-politica"],"jetpack_publicize_connections":[],"jetpack-related-posts":[],"jetpack_shortlink":"https:\/\/wp.me\/p7Eq1F-gIE","jetpack_sharing_enabled":true,"jetpack_featured_media_url":"https:\/\/i0.wp.com\/guialimeira.com.br\/news\/wp-content\/uploads\/2026\/05\/noticia-camara-11.jpg?fit=1280%2C640&ssl=1","_links":{"self":[{"href":"https:\/\/guialimeira.com.br\/news\/wp-json\/wp\/v2\/posts\/64272","targetHints":{"allow":["GET"]}}],"collection":[{"href":"https:\/\/guialimeira.com.br\/news\/wp-json\/wp\/v2\/posts"}],"about":[{"href":"https:\/\/guialimeira.com.br\/news\/wp-json\/wp\/v2\/types\/post"}],"author":[{"embeddable":true,"href":"https:\/\/guialimeira.com.br\/news\/wp-json\/wp\/v2\/users\/4"}],"replies":[{"embeddable":true,"href":"https:\/\/guialimeira.com.br\/news\/wp-json\/wp\/v2\/comments?post=64272"}],"version-history":[{"count":0,"href":"https:\/\/guialimeira.com.br\/news\/wp-json\/wp\/v2\/posts\/64272\/revisions"}],"wp:featuredmedia":[{"embeddable":true,"href":"https:\/\/guialimeira.com.br\/news\/wp-json\/wp\/v2\/media\/64271"}],"wp:attachment":[{"href":"https:\/\/guialimeira.com.br\/news\/wp-json\/wp\/v2\/media?parent=64272"}],"wp:term":[{"taxonomy":"category","embeddable":true,"href":"https:\/\/guialimeira.com.br\/news\/wp-json\/wp\/v2\/categories?post=64272"},{"taxonomy":"post_tag","embeddable":true,"href":"https:\/\/guialimeira.com.br\/news\/wp-json\/wp\/v2\/tags?post=64272"}],"curies":[{"name":"wp","href":"https:\/\/api.w.org\/{rel}","templated":true}]}}